{"id":115342,"date":"2017-05-20T14:18:52","date_gmt":"2017-05-20T16:18:52","guid":{"rendered":"http:\/\/aconteceunovale.com.br\/portal\/?p=115342"},"modified":"2017-05-20T14:18:52","modified_gmt":"2017-05-20T16:18:52","slug":"idoso-e-preso-com-armas-e-municoes-durante-blitz-em-sabinopolis","status":"publish","type":"post","link":"https:\/\/aconteceunovale.com.br\/portal\/?p=115342","title":{"rendered":"Idoso \u00e9 preso com armas e muni\u00e7\u00f5es durante blitz em Sabin\u00f3polis"},"content":{"rendered":"<p>Sete armas e v\u00e1rias muni\u00e7\u00f5es, de distintos calibres, foram apreendidas em uma opera\u00e7\u00e3o nessa sexta-feira (19\/05\/2017) no km 350 da MG-259, em Sabin\u00f3polis. Segundo a Pol\u00edcia Militar (PM), um idoso de 73 anos foi parado em uma blitz da Lei Seca e, em uma mochila que ele carregava, foi encontrado parte do material.<\/p>\n<p>Os policiais foram at\u00e9 a casa do suspeito onde foi localizado o restante das armas e muni\u00e7\u00f5es. A motocicleta, em que o idoso estava, foi apreendida, j\u00e1 que ele n\u00e3o possui Carteira Nacional de Habilita\u00e7\u00e3o (CNH).<\/p>\n<p>O idoso foi preso e conduzido \u00e0 Delegacia de Pol\u00edcia Civil para demais provid\u00eancias.<\/p>\n<p><img decoding=\"async\" src=\"http:\/\/aconteceunovale.com.br\/portal\/wp-content\/uploads\/2017\/05\/idoso_sabi_1.jpg\" alt=\"\" \/><em>Material foi apreendido em Sabin\u00f3polis (Foto: Pol\u00edcia Militar \/ Divulga\u00e7\u00e3o)<\/em><br \/>\n<\/br><\/p>\n<p><strong>MATERIAL APREENDIDO<\/strong><\/p>\n<p>&#8211; 01 espingarda tipo polveira;<br \/>\n&#8211; 01 garruch\u00e3o tipo polveira;<br \/>\n&#8211; 01 espingarda de ar comprimido sem proced\u00eancia;<br \/>\n&#8211; 02 coronhas de madeira para espingarda com seus respectivos canos;<br \/>\n&#8211; 01 outro garruch\u00e3o com coronha porem sem o aparelho de gatilho.<br \/>\n&#8211; 03 muni\u00e7\u00f5es de uso restrito Cal.44;<br \/>\n&#8211; 33 capsulas deflagradas Cal.22;<br \/>\n&#8211; 06 muni\u00e7\u00f5es intactas Cal.22;<br \/>\n&#8211; 13 capsulas deflagradas Cal.32;<br \/>\n&#8211; 04 muni\u00e7\u00f5es Cal.32 intactos;<br \/>\n&#8211; 02 capsulas Cal.38 deflagradas;<br \/>\n&#8211; 03 muni\u00e7\u00f5es Cal.38 intactos;<br \/>\n&#8211; 03 cartuchos Cal .32 intactos ( pra cartucheira);<br \/>\n&#8211; 02 cartuchos Cal.32 deflagrados (pra cartucheira);<br \/>\n&#8211; 05 Capsulas Cal.36 deflagradas;<br \/>\n&#8211; 01 Moto Serra sem proced\u00eancia.<\/p>\n<p><strong>VER PRIMEIRO<\/strong><\/p>\n<p>Receba as not\u00edcias do Aconteceu no Vale em primeira m\u00e3o. Clique em curtir no endere\u00e7o <a href=\"https:\/\/www.facebook.com\/aconteceunovale\" target=\"_blank\"><font color=\"red\">www.facebook.com\/aconteceunovale<\/font><\/a> ou no box abaixo:<\/p>\n<div class=\"fb-like\" data-href=\"https:\/\/www.facebook.com\/aconteceunovale\" data-width=\"120\" data-layout=\"standard\" data-action=\"like\" data-size=\"small\" data-show-faces=\"true\" data-share=\"true\"><\/div>\n<p><\/br><\/p>\n<p><em>(Com informa\u00e7\u00f5es do G1 Vales e PM)<\/em><\/p>\n","protected":false},"excerpt":{"rendered":"<p>Sete armas e v\u00e1rias muni\u00e7\u00f5es, de distintos calibres, foram apreendidas em uma opera\u00e7\u00e3o nessa sexta-feira (19\/05\/2017) no km 350 da MG-259, em Sabin\u00f3polis. Segundo a Pol\u00edcia Militar (PM), um idoso de 73 anos foi parado em uma blitz da Lei Seca e, em uma mochila que ele carregava, foi encontrado parte do material. Os policiais [&hellip;]<\/p>\n","protected":false},"author":1,"featured_media":115344,"comment_status":"open","ping_status":"closed","sticky":false,"template":"","format":"standard","meta":{"amp_status":"","footnotes":""},"categories":[121],"tags":[149656,149657,149653,149655,149654,310],"class_list":["post-115342","post","type-post","status-publish","format-standard","has-post-thumbnail","hentry","category-leste","tag-apreensao-de-armas-em-sabinopolis","tag-armas-apreendidas-em-sabinopolis","tag-idoso-e-preso-com-armas-e-municoes-durante-blitz-em-sabinopolis","tag-idoso-preso-em-sabinopolis","tag-preso-em-sabinopolis","tag-sabinopolis"],"_links":{"self":[{"href":"https:\/\/aconteceunovale.com.br\/portal\/index.php?rest_route=\/wp\/v2\/posts\/115342","targetHints":{"allow":["GET"]}}],"collection":[{"href":"https:\/\/aconteceunovale.com.br\/portal\/index.php?rest_route=\/wp\/v2\/posts"}],"about":[{"href":"https:\/\/aconteceunovale.com.br\/portal\/index.php?rest_route=\/wp\/v2\/types\/post"}],"author":[{"embeddable":true,"href":"https:\/\/aconteceunovale.com.br\/portal\/index.php?rest_route=\/wp\/v2\/users\/1"}],"replies":[{"embeddable":true,"href":"https:\/\/aconteceunovale.com.br\/portal\/index.php?rest_route=%2Fwp%2Fv2%2Fcomments&post=115342"}],"version-history":[{"count":0,"href":"https:\/\/aconteceunovale.com.br\/portal\/index.php?rest_route=\/wp\/v2\/posts\/115342\/revisions"}],"wp:featuredmedia":[{"embeddable":true,"href":"https:\/\/aconteceunovale.com.br\/portal\/index.php?rest_route=\/wp\/v2\/media\/115344"}],"wp:attachment":[{"href":"https:\/\/aconteceunovale.com.br\/portal\/index.php?rest_route=%2Fwp%2Fv2%2Fmedia&parent=115342"}],"wp:term":[{"taxonomy":"category","embeddable":true,"href":"https:\/\/aconteceunovale.com.br\/portal\/index.php?rest_route=%2Fwp%2Fv2%2Fcategories&post=115342"},{"taxonomy":"post_tag","embeddable":true,"href":"https:\/\/aconteceunovale.com.br\/portal\/index.php?rest_route=%2Fwp%2Fv2%2Ftags&post=115342"}],"curies":[{"name":"wp","href":"https:\/\/api.w.org\/{rel}","templated":true}]}}