{"id":115334,"date":"2017-05-20T13:38:49","date_gmt":"2017-05-20T15:38:49","guid":{"rendered":"http:\/\/aconteceunovale.com.br\/portal\/?p=115334"},"modified":"2017-05-20T13:38:49","modified_gmt":"2017-05-20T15:38:49","slug":"curso-tecnico-e-no-senac-minas","status":"publish","type":"post","link":"https:\/\/aconteceunovale.com.br\/portal\/?p=115334","title":{"rendered":"Curso t\u00e9cnico \u00e9 no Senac Minas"},"content":{"rendered":"<p>Emislaine de Souza saiu da informalidade e montou uma loja de roupas, em Varginha. Deliane Oliveira se tornou empres\u00e1ria ap\u00f3s abrir seu pr\u00f3prio centro de est\u00e9tica, em Governador Valadares. Exemplos de quem fez a diferen\u00e7a depois de concluir cursos t\u00e9cnicos no Senac. As ex-alunas t\u00eam em comum a atitude empreendedora e uma forma\u00e7\u00e3o requisitada pelo mercado. A partir do pr\u00f3ximo dia 15 de maio, o Senac abre inscri\u00e7\u00f5es para novas turmas da modalidade. Uma oportunidade para quem, como elas, deseja mudar os rumos da carreira.<\/p>\n<p>H\u00e1 13 cursos em oferta em 28 unidades do Senac no estado. A orientadora de cursos t\u00e9cnicos da institui\u00e7\u00e3o, Maria Cleonice de Sousa, avalia que o mercado de trabalho para a modalidade tem se expandido cada vez mais. \u201cAs oportunidades s\u00e3o not\u00f3rias para a popula\u00e7\u00e3o que conclui cursos t\u00e9cnicos. O retorno \u00e9 quase imediato e os sal\u00e1rios compat\u00edveis \u00e0 expectativa dos cursos. O profissional t\u00e9cnico \u00e9 de grande valia para as empresas, que buscam escolas t\u00e9cnicas como base para contrata\u00e7\u00e3o, proporcionando aos alunos mais confiabilidade e seguran\u00e7a e ressaltando a qualidade dos cursos ofertados\u201d, explica.<\/p>\n<p>Todo o portf\u00f3lio conta com diferenciais competitivos. S\u00e3o 71 anos de tradi\u00e7\u00e3o no mercado direcionados \u00e0 forma\u00e7\u00e3o profissional. Para favorecer ainda mais o \u00edndice de empregabilidade, os alunos do Senac contam com o Rede de Careiras. O servi\u00e7o da institui\u00e7\u00e3o promove palestras sobre mercado de trabalho, presta orienta\u00e7\u00e3o para elabora\u00e7\u00e3o de curr\u00edculo e sobre postura em entrevistas de emprego. Al\u00e9m disso, o Rede de Carreiras disponibiliza o cadastro de profissionais e vagas em um site gratuito. \u201cO curso foi de grande valor para meu crescimento pessoal e profissional. Com os conhecimentos adquiridos consegui abrir minha pr\u00f3pria empresa. Todas as experi\u00eancias vividas em sala de aula foram de extrema import\u00e2ncia no dia a dia da minha empresa. Durante o curso passei a ter uma nova vis\u00e3o sobre mercado\u201d, conta Emislane, que concluiu o curso T\u00e9cnico em Administra\u00e7\u00e3o em 2013.<\/p>\n<p>No Senac o curso \u00e9 totalmente voltado \u00e0 pr\u00e1tica profissional. Quem opta pelo T\u00e9cnico em Administra\u00e7\u00e3o, por exemplo, pode exercitar pr\u00e1ticas do mercado na Empresa Simulada, metodologia do Sebrae que estimula a vis\u00e3o empreendedora dos alunos. \u201cO curso abriu portas para que eu pudesse ir em frente. A partir da vis\u00e3o de empreendedorismo tomei coragem de abrir meu pr\u00f3prio neg\u00f3cio. Sa\u00ed de uma empresa boa, que me oferecia muitos benef\u00edcios e decidi empreender\u201d, conta Deliane Oliveira Linhares, que concluiu o curso T\u00e9cnico em Administra\u00e7\u00e3o, em 2014, e este ano iniciou o T\u00e9cnico em Est\u00e9tica. Al\u00e9m as vantagens que o Senac oferece o pagamento \u00e9 facilitado. Confira as condi\u00e7\u00f5es e fa\u00e7a sua inscri\u00e7\u00e3o no\u00a0<span style=\"color: #ff0000;\"><strong><a href=\"http:\/\/www.cursos.mg.senac.br\/\" target=\"_blank\"><span style=\"color: #ff0000;\">link www.cursos.mg.senac.br<\/span><\/a><\/strong><\/span>. Informa\u00e7\u00f5es pelo telefone 0800 724 44 40.<\/p>\n<p><strong>VER PRIMEIRO<\/strong><\/p>\n<p>Receba as not\u00edcias do Aconteceu no Vale em primeira m\u00e3o. Clique em curtir no endere\u00e7o <a href=\"https:\/\/www.facebook.com\/aconteceunovale\" target=\"_blank\"><font color=\"red\">www.facebook.com\/aconteceunovale<\/font><\/a> ou no box abaixo:<\/p>\n<div class=\"fb-like\" data-href=\"https:\/\/www.facebook.com\/aconteceunovale\" data-width=\"120\" data-layout=\"standard\" data-action=\"like\" data-size=\"small\" data-show-faces=\"true\" data-share=\"true\"><\/div>\n<p><\/br><\/p>\n<p><em>(Via Senac Minas)<\/em><\/p>\n","protected":false},"excerpt":{"rendered":"<p>Emislaine de Souza saiu da informalidade e montou uma loja de roupas, em Varginha. Deliane Oliveira se tornou empres\u00e1ria ap\u00f3s abrir seu pr\u00f3prio centro de est\u00e9tica, em Governador Valadares. Exemplos de quem fez a diferen\u00e7a depois de concluir cursos t\u00e9cnicos no Senac. As ex-alunas t\u00eam em comum a atitude empreendedora e uma forma\u00e7\u00e3o requisitada pelo [&hellip;]<\/p>\n","protected":false},"author":1,"featured_media":113808,"comment_status":"open","ping_status":"closed","sticky":false,"template":"","format":"standard","meta":{"amp_status":"","footnotes":""},"categories":[40238,121,123],"tags":[148621,1524,148622,147420,149644,134196,147426,148620,148619,147424,147421,149642,149641,247,147428,147427,207,149643,134195,147425,147419,148623,147423,147422,223],"class_list":["post-115334","post","type-post","status-publish","format-standard","has-post-thumbnail","hentry","category-educacao-2","category-leste","category-gerais","tag-bruno-marini-domingues","tag-coronel-fabriciano","tag-cristina-ribeiro","tag-curso-senac-minas","tag-curso-tecnico-e-no-senac-minas","tag-cursos-do-senac-minas","tag-cursos-do-senac-minas-em-governador-valadares","tag-cursos-livres-senac","tag-cursos-livres-senac-uma-chance-para-descobrir-ou-aprimorar-seu-talento","tag-cursos-oferecidos-pelo-senac-minas","tag-cursos-senac-minas","tag-deliane-oliveira","tag-emislaine-de-souza","tag-governador-valadares","tag-inscricao-em-cursos-do-senac-minas-em-governador-valadares","tag-inscricao-senac-minas-em-governador-valadares","tag-lavras","tag-maria-cleonice-de-sousa","tag-senac-minas","tag-senac-minas-em-governador-valadares","tag-senac-minas-esta-com-inscricoes-abertas-para-6-mil-vagas-em-varios-cursos","tag-sul-minas-fabrica-de-moveis","tag-vagas-em-cursos-senac-minas","tag-vagas-senac-minas","tag-varginha"],"_links":{"self":[{"href":"https:\/\/aconteceunovale.com.br\/portal\/index.php?rest_route=\/wp\/v2\/posts\/115334","targetHints":{"allow":["GET"]}}],"collection":[{"href":"https:\/\/aconteceunovale.com.br\/portal\/index.php?rest_route=\/wp\/v2\/posts"}],"about":[{"href":"https:\/\/aconteceunovale.com.br\/portal\/index.php?rest_route=\/wp\/v2\/types\/post"}],"author":[{"embeddable":true,"href":"https:\/\/aconteceunovale.com.br\/portal\/index.php?rest_route=\/wp\/v2\/users\/1"}],"replies":[{"embeddable":true,"href":"https:\/\/aconteceunovale.com.br\/portal\/index.php?rest_route=%2Fwp%2Fv2%2Fcomments&post=115334"}],"version-history":[{"count":0,"href":"https:\/\/aconteceunovale.com.br\/portal\/index.php?rest_route=\/wp\/v2\/posts\/115334\/revisions"}],"wp:featuredmedia":[{"embeddable":true,"href":"https:\/\/aconteceunovale.com.br\/portal\/index.php?rest_route=\/wp\/v2\/media\/113808"}],"wp:attachment":[{"href":"https:\/\/aconteceunovale.com.br\/portal\/index.php?rest_route=%2Fwp%2Fv2%2Fmedia&parent=115334"}],"wp:term":[{"taxonomy":"category","embeddable":true,"href":"https:\/\/aconteceunovale.com.br\/portal\/index.php?rest_route=%2Fwp%2Fv2%2Fcategories&post=115334"},{"taxonomy":"post_tag","embeddable":true,"href":"https:\/\/aconteceunovale.com.br\/portal\/index.php?rest_route=%2Fwp%2Fv2%2Ftags&post=115334"}],"curies":[{"name":"wp","href":"https:\/\/api.w.org\/{rel}","templated":true}]}}