{"id":115323,"date":"2017-05-20T13:08:38","date_gmt":"2017-05-20T15:08:38","guid":{"rendered":"http:\/\/aconteceunovale.com.br\/portal\/?p=115323"},"modified":"2017-05-20T13:08:38","modified_gmt":"2017-05-20T15:08:38","slug":"motorista-morre-em-colisao-entre-veiculos-de-carga-na-br-135-em-corinto","status":"publish","type":"post","link":"https:\/\/aconteceunovale.com.br\/portal\/?p=115323","title":{"rendered":"Motorista morre em colis\u00e3o entre ve\u00edculos de carga na BR-135, em Corinto"},"content":{"rendered":"<p>Um caminhoneiro morreu em um grave acidente na madrugada deste s\u00e1bado (20\/05) na BR-135, munic\u00edpio de Corinto, na regi\u00e3o Central de Minas Gerais. As informa\u00e7\u00f5es iniciais indicam que um caminh\u00e3o (placas de Brumado\/BA) e uma carreta (de Montes Claros\/MG) colidiram na altura do quil\u00f4metro 591 da rodovia por volta das 2 horas.<\/p>\n<p>Chovia no momento do acidente e, possivelmente, o caminh\u00e3o derrapou na pista e colidiu contra a lateral da carreta. Ap\u00f3s a batida, o ve\u00edculo licenciado na Bahia saiu da pista e atingiu um barranco.<\/p>\n<p>Com o impacto, o condutor do caminh\u00e3o ficou gravemente ferido e morreu preso \u00e0s ferragens. O motorista da carreta n\u00e3o se feriu no acidente.<\/p>\n<p>A Per\u00edcia T\u00e9cnica da Pol\u00edcia Civil foi acionada. As causas e circunst\u00e2ncias do acidente ser\u00e3o apuradas. O corpo do caminhoneiro, que n\u00e3o teve a identifica\u00e7\u00e3o e idade divulgada, foi removido ao Instituto M\u00e9dico Legal (IML) em Curvelo, na mesma regi\u00e3o.<\/p>\n<p><img decoding=\"async\" src=\"http:\/\/aconteceunovale.com.br\/portal\/wp-content\/uploads\/2017\/05\/acidente_caminhao_brumado_1.jpg\" alt=\"\" \/><em>Acidente aconteceu no km 591 da BR-135 (Foto: Reprodu\u00e7\u00e3o\/WhatsApp)<\/em><br \/>\n<\/br><\/p>\n<p><img decoding=\"async\" src=\"http:\/\/aconteceunovale.com.br\/portal\/wp-content\/uploads\/2017\/05\/acidente_caminhao_brumado_2.jpg\" alt=\"\" \/><em>Acidente aconteceu no km 591 da BR-135 (Foto: Reprodu\u00e7\u00e3o\/WhatsApp)<\/em><br \/>\n<\/br><\/p>\n<p><img decoding=\"async\" src=\"http:\/\/aconteceunovale.com.br\/portal\/wp-content\/uploads\/2017\/05\/acidente_caminhao_brumado_3.jpg\" alt=\"\" \/><em>Acidente aconteceu no km 591 da BR-135 (Foto: Reprodu\u00e7\u00e3o\/WhatsApp)<\/em><br \/>\n<\/br><\/p>\n<p><img decoding=\"async\" src=\"http:\/\/aconteceunovale.com.br\/portal\/wp-content\/uploads\/2017\/05\/acidente_caminhao_brumado_4.jpg\" alt=\"\" \/><em>Acidente aconteceu no km 591 da BR-135 (Foto: Reprodu\u00e7\u00e3o\/WhatsApp)<\/em><br \/>\n<\/br><\/p>\n<p><strong>VER PRIMEIRO<\/strong><\/p>\n<p>Receba as not\u00edcias do Aconteceu no Vale em primeira m\u00e3o. Clique em curtir no endere\u00e7o <a href=\"https:\/\/www.facebook.com\/aconteceunovale\" target=\"_blank\"><font color=\"red\">www.facebook.com\/aconteceunovale<\/font><\/a> ou no box abaixo:<\/p>\n<div class=\"fb-like\" data-href=\"https:\/\/www.facebook.com\/aconteceunovale\" data-width=\"120\" data-layout=\"standard\" data-action=\"like\" data-size=\"small\" data-show-faces=\"true\" data-share=\"true\"><\/div>\n<p><\/br><\/p>\n","protected":false},"excerpt":{"rendered":"<p>Um caminhoneiro morreu em um grave acidente na madrugada deste s\u00e1bado (20\/05) na BR-135, munic\u00edpio de Corinto, na regi\u00e3o Central de Minas Gerais. As informa\u00e7\u00f5es iniciais indicam que um caminh\u00e3o (placas de Brumado\/BA) e uma carreta (de Montes Claros\/MG) colidiram na altura do quil\u00f4metro 591 da rodovia por volta das 2 horas. Chovia no momento [&hellip;]<\/p>\n","protected":false},"author":1,"featured_media":115324,"comment_status":"open","ping_status":"closed","sticky":false,"template":"","format":"standard","meta":{"amp_status":"","footnotes":""},"categories":[1236],"tags":[149624,149623,120680,54170,131995,1247,24392,197,149621,210,149620,149622],"class_list":["post-115323","post","type-post","status-publish","format-standard","has-post-thumbnail","hentry","category-norte_de_minas","tag-acidente-com-caminhao-de-brumado","tag-acidente-com-caminhao-de-brumado-na-br-135","tag-acidente-com-carreta-de-montes-claros","tag-acidente-em-corinto","tag-acidente-na-br-135-em-corinto","tag-br-135","tag-brumado","tag-curvelo","tag-em-corinto","tag-montes-claros","tag-motorista-morre-em-colisao-entre-veiculos-de-carga-na-br-135","tag-motorista-morre-em-colisao-entre-veiculos-de-carga-na-br-135-em-corinto"],"_links":{"self":[{"href":"https:\/\/aconteceunovale.com.br\/portal\/index.php?rest_route=\/wp\/v2\/posts\/115323","targetHints":{"allow":["GET"]}}],"collection":[{"href":"https:\/\/aconteceunovale.com.br\/portal\/index.php?rest_route=\/wp\/v2\/posts"}],"about":[{"href":"https:\/\/aconteceunovale.com.br\/portal\/index.php?rest_route=\/wp\/v2\/types\/post"}],"author":[{"embeddable":true,"href":"https:\/\/aconteceunovale.com.br\/portal\/index.php?rest_route=\/wp\/v2\/users\/1"}],"replies":[{"embeddable":true,"href":"https:\/\/aconteceunovale.com.br\/portal\/index.php?rest_route=%2Fwp%2Fv2%2Fcomments&post=115323"}],"version-history":[{"count":0,"href":"https:\/\/aconteceunovale.com.br\/portal\/index.php?rest_route=\/wp\/v2\/posts\/115323\/revisions"}],"wp:featuredmedia":[{"embeddable":true,"href":"https:\/\/aconteceunovale.com.br\/portal\/index.php?rest_route=\/wp\/v2\/media\/115324"}],"wp:attachment":[{"href":"https:\/\/aconteceunovale.com.br\/portal\/index.php?rest_route=%2Fwp%2Fv2%2Fmedia&parent=115323"}],"wp:term":[{"taxonomy":"category","embeddable":true,"href":"https:\/\/aconteceunovale.com.br\/portal\/index.php?rest_route=%2Fwp%2Fv2%2Fcategories&post=115323"},{"taxonomy":"post_tag","embeddable":true,"href":"https:\/\/aconteceunovale.com.br\/portal\/index.php?rest_route=%2Fwp%2Fv2%2Ftags&post=115323"}],"curies":[{"name":"wp","href":"https:\/\/api.w.org\/{rel}","templated":true}]}}