{"id":115321,"date":"2017-05-20T11:41:05","date_gmt":"2017-05-20T13:41:05","guid":{"rendered":"http:\/\/aconteceunovale.com.br\/portal\/?p=115321"},"modified":"2017-05-20T23:53:37","modified_gmt":"2017-05-21T01:53:37","slug":"arma-de-policial-militar-dispara-acidentalmente-e-mata-crianca-em-virgolandia-no-vale-do-rio-doce","status":"publish","type":"post","link":"https:\/\/aconteceunovale.com.br\/portal\/?p=115321","title":{"rendered":"Arma de policial militar dispara acidentalmente e mata crian\u00e7a em Virgol\u00e2ndia, no Vale do Rio Doce"},"content":{"rendered":"<p>Um sargento da Pol\u00edcia Militar de Virgol\u00e2ndia, a 90 quil\u00f4metros de Governador Valadares, no Vale do Rio Doce, matou acidentalmente o filho de 10 meses com um tiro na barriga quando manuseava sua pistola ponto 40. O disparo foi na casa dele, no Centro daquela cidade.  O tiro tamb\u00e9m atingiu a m\u00e3o direita do militar, que est\u00e1 transtornado com a morte do filho e recebe apoio psicol\u00f3gico.<\/p>\n<p>O acidente foi na tarde de sexta-feira. O sargento, de 35 anos, estava escalado para assumir o servi\u00e7o \u00e0s 13h para viajar para Governador Valadares, onde participaria de uma dilig\u00eancia, segundo consta no boletim de ocorr\u00eancia. Depois de pegar a arma no quartel, o PM recebeu um telefonema de um militar superior dispensando-o da viagem.<\/p>\n<p>O sargento foi para casa com a arma, uma vez que teria que assumir o seu turno normal, \u00e0s 16h. Em casa, ele verificava as condi\u00e7\u00f5es de uso da pistola e houve o disparo acidental. Pai e filho foram socorridos em uma unidade m\u00e9dica da cidade. Em seguida, foram transferidos para o Hospital Municipal de Governador Valadares, onde a crian\u00e7a morreu horas depois.<\/p>\n<p>A arma e o estojo do cartucho deflagrado foram recolhidos para per\u00edcia. Segundo a PM, foi dada voz de pris\u00e3o ao sargento para atender formalidades legais. O militar, ainda de acordo com a PM, n\u00e3o estava em condi\u00e7\u00f5es psicol\u00f3gicas para prestar depoimento \u00e0 delegada da cidade, respons\u00e1vel pela investiga\u00e7\u00e3o, e dever\u00e1 se apresentar depois. O local do acidente foi periciado.<\/p>\n<p><strong>Nota da 8\u00aa RPM<\/strong><\/p>\n<p><em>A 8\u00aa Regi\u00e3o da Pol\u00edcia Militar lamenta o fato ocorrido no munic\u00edpio de Virgol\u00e2ndia envolvendo um policial militar e seu filho e se solidariza com a fam\u00edlia. Esclarece ainda que ambos foram socorridos para o Hospital Municipal de Governador Valadares, aonde a crian\u00e7a veio a \u00f3bito. A ocorr\u00eancia foi encaminhada para a autoridade de Pol\u00edcia Judici\u00e1ria daquele munic\u00edpio, que instaurar\u00e1 inqu\u00e9rito policial para o esclarecimento dos fatos.<\/em><\/p>\n<p><img decoding=\"async\" src=\"http:\/\/aconteceunovale.com.br\/portal\/wp-content\/uploads\/2017\/05\/jose_virgolandia.jpg\" alt=\"\" \/><em>Jos\u00e9 Vitor foi atingido na barriga e morreu no hospital (Foto: Reprodu\u00e7\u00e3o\/Redes Sociais)<\/em><br \/>\n<\/br><\/p>\n<p><strong>VER PRIMEIRO<\/strong><\/p>\n<p>Receba as not\u00edcias do Aconteceu no Vale em primeira m\u00e3o. Clique em curtir no endere\u00e7o <a href=\"https:\/\/www.facebook.com\/aconteceunovale\" target=\"_blank\"><font color=\"red\">www.facebook.com\/aconteceunovale<\/font><\/a> ou no box abaixo:<\/p>\n<div class=\"fb-like\" data-href=\"https:\/\/www.facebook.com\/aconteceunovale\" data-width=\"120\" data-layout=\"standard\" data-action=\"like\" data-size=\"small\" data-show-faces=\"true\" data-share=\"true\"><\/div>\n<p><\/br><\/p>\n<p><em>(Fonte: Hoje em Dia)<\/em><\/p>\n","protected":false},"excerpt":{"rendered":"<p>Um sargento da Pol\u00edcia Militar de Virgol\u00e2ndia, a 90 quil\u00f4metros de Governador Valadares, no Vale do Rio Doce, matou acidentalmente o filho de 10 meses com um tiro na barriga quando manuseava sua pistola ponto 40. O disparo foi na casa dele, no Centro daquela cidade. O tiro tamb\u00e9m atingiu a m\u00e3o direita do militar, [&hellip;]<\/p>\n","protected":false},"author":1,"featured_media":115380,"comment_status":"open","ping_status":"closed","sticky":false,"template":"","format":"standard","meta":{"amp_status":"","footnotes":""},"categories":[121],"tags":[149611,149619,149615,149616,247,149706,149613,149612,149617,149618,149614,333],"class_list":["post-115321","post","type-post","status-publish","format-standard","has-post-thumbnail","hentry","category-leste","tag-arma-de-policial-militar-dispara-acidentalmente-e-mata-crianca-de-10-meses-em-virgolandia","tag-arma-de-policial-militar-dispara-acidentalmente-e-mata-crianca-em-virgolandia","tag-filho-morto-por-pm-em-virgolandia","tag-filho-morto-por-policial-em-virgolandia","tag-governador-valadares","tag-jose-vitor-ferreira-mayer","tag-militar-mata-filho-em-virgolandia","tag-pm-mata-filho-em-virgolandia","tag-pm-virgolandia","tag-policia-militar-virgolandia","tag-policial-mata-filho-em-virgolandia","tag-virgolandia"],"_links":{"self":[{"href":"https:\/\/aconteceunovale.com.br\/portal\/index.php?rest_route=\/wp\/v2\/posts\/115321","targetHints":{"allow":["GET"]}}],"collection":[{"href":"https:\/\/aconteceunovale.com.br\/portal\/index.php?rest_route=\/wp\/v2\/posts"}],"about":[{"href":"https:\/\/aconteceunovale.com.br\/portal\/index.php?rest_route=\/wp\/v2\/types\/post"}],"author":[{"embeddable":true,"href":"https:\/\/aconteceunovale.com.br\/portal\/index.php?rest_route=\/wp\/v2\/users\/1"}],"replies":[{"embeddable":true,"href":"https:\/\/aconteceunovale.com.br\/portal\/index.php?rest_route=%2Fwp%2Fv2%2Fcomments&post=115321"}],"version-history":[{"count":0,"href":"https:\/\/aconteceunovale.com.br\/portal\/index.php?rest_route=\/wp\/v2\/posts\/115321\/revisions"}],"wp:featuredmedia":[{"embeddable":true,"href":"https:\/\/aconteceunovale.com.br\/portal\/index.php?rest_route=\/wp\/v2\/media\/115380"}],"wp:attachment":[{"href":"https:\/\/aconteceunovale.com.br\/portal\/index.php?rest_route=%2Fwp%2Fv2%2Fmedia&parent=115321"}],"wp:term":[{"taxonomy":"category","embeddable":true,"href":"https:\/\/aconteceunovale.com.br\/portal\/index.php?rest_route=%2Fwp%2Fv2%2Fcategories&post=115321"},{"taxonomy":"post_tag","embeddable":true,"href":"https:\/\/aconteceunovale.com.br\/portal\/index.php?rest_route=%2Fwp%2Fv2%2Ftags&post=115321"}],"curies":[{"name":"wp","href":"https:\/\/api.w.org\/{rel}","templated":true}]}}