{"id":115290,"date":"2017-05-20T00:08:21","date_gmt":"2017-05-20T02:08:21","guid":{"rendered":"http:\/\/aconteceunovale.com.br\/portal\/?p=115290"},"modified":"2017-05-20T00:08:21","modified_gmt":"2017-05-20T02:08:21","slug":"reabertura-de-balneario-anima-comercio-em-montezuma-no-norte-de-minas","status":"publish","type":"post","link":"https:\/\/aconteceunovale.com.br\/portal\/?p=115290","title":{"rendered":"Reabertura de balne\u00e1rio anima com\u00e9rcio em Montezuma, no Norte de Minas"},"content":{"rendered":"<p>H\u00e1 pouco menos de um m\u00eas, o Balne\u00e1rio de \u00c1guas Termais de Montezuma foi reaberto. O espa\u00e7o de lazer, ap\u00f3s cinco anos de port\u00f5es trancados, voltou a receber turistas de toda regi\u00e3o do Norte de Minas. A cidade de oito mil habitantes depende do fluxo de visitantes no local para que o com\u00e9rcio, voltado para o turismo, cres\u00e7a. Durante as tr\u00eas semanas de funcionamento do balne\u00e1rio, os setores de hotelaria e restaurantes j\u00e1 comemoram aumento superior a 50% nas vendas.<\/p>\n<p>O Balne\u00e1rio de Montezuma foi interditado em julho de 2012 pela Prefeitura da \u00e9poca. O objetivo era realizar uma reforma, que durou cerca de dois anos, segundo moradores da cidade. Apesar do espa\u00e7o pronto, s\u00f3 em 2017 a visita\u00e7\u00e3o foi liberada.<\/p>\n<p>\u201cCriamos a Empresa Municipal de Turismo de Montezuma (Emutum), para que o gerenciamento do balne\u00e1rio seja feito independente da prefeitura. O gestor coordena todas as a\u00e7\u00f5es e tem funcion\u00e1rios que n\u00e3o s\u00e3o servidores da prefeitura. Isso vai garantir uma independ\u00eancia e crescimento do local, uma vez que os lucros dever\u00e3o retornar como investimentos. Al\u00e9m disso, elaboramos um plano de gest\u00e3o, conseguimos alvar\u00e1 de funcionamento junto ao Corpo de Bombeiros e elaboramos um regimento interno\u201d, explica o prefeito da cidade, Fabiano Costa Soares.<\/p>\n<p><img decoding=\"async\" src=\"http:\/\/aconteceunovale.com.br\/portal\/wp-content\/uploads\/2017\/05\/balneario_montezuma.jpg\" alt=\"\" \/><em>Reabertura de balne\u00e1rio anima com\u00e9rcio em Montezuma (Foto: Divulga\u00e7\u00e3o)<\/em><br \/>\n<\/br><\/p>\n<p>De acordo com o prefeito, 50 empregos diretos foram gerados com a reabertura do balne\u00e1rio. Cerca de 2.300 pessoas passaram pelo local em cerca de tr\u00eas semanas ap\u00f3s a reabertura. Fabiano acredita que com o aquecimento do com\u00e9rcio, a economia da cidade deve se transformar.<\/p>\n<p>\u201cMelhorou muito o movimento da cidade. Al\u00e9m dos empregos indiretos, 50 pessoas foram contratadas. No primeiro fim de semana, os quatro hot\u00e9is da cidade estavam lotados. Este \u00e9 o objetivo, conseguir fazer a economia se aquecer para gerar ainda mais empregos\u201d, afirma.<\/p>\n<p>Maristane Vieira \u00e9 comerciante h\u00e1 mais de 20 anos em Montezuma e tem um restaurante localizado a 50 metros do balne\u00e1rio. Para ela, o per\u00edodo de interdi\u00e7\u00e3o do espa\u00e7o de lazer foi o maior desafio do empreendimento.<\/p>\n<p>\u201cN\u00f3s pensamos at\u00e9 em desistir. Nunca teve uma fase t\u00e3o ruim como aquela. Decidimos ficar e resistimos. Gra\u00e7as a Deus agora a expectativa \u00e9 a melhor poss\u00edvel. O movimento j\u00e1 dobrou nos finais de semana. As pessoas t\u00eam ligado, turmas grandes reservando lugar. Estamos nos preparando para receber o maior n\u00famero de pessoas poss\u00edvel, investindo em estrutura para atender bem os turistas\u201d, conta a comerciante.<\/p>\n<p>Os hot\u00e9is da cidade t\u00eam ainda mais motivos para comemorar. Florisvaldo Cordeiro de S\u00e1 tem um empreendimento na cidade com 45 apartamentos. Segundo ele, o aumento registrado \u00e9 de mais de 80%.<\/p>\n<p>\u201cDurante os tr\u00eas finais de semana ap\u00f3s a abertura estivemos lotados. Posso dizer que melhorou quase 100%. Nos meses anteriores, eu tinha uma m\u00e9dia de 30 di\u00e1rias por m\u00eas. \u00c9 poss\u00edvel que tenhamos, depois da inaugura\u00e7\u00e3o, mais de 150. \u00c9 a oportunidade at\u00e9 de reajustarmos o valor das di\u00e1rias, o que n\u00e3o faz\u00edamos h\u00e1 muito tempo\u201d, comenta.<\/p>\n<p><strong>VER PRIMEIRO<\/strong><\/p>\n<p>Receba as not\u00edcias do Aconteceu no Vale em primeira m\u00e3o. Clique em curtir no endere\u00e7o <a href=\"https:\/\/www.facebook.com\/aconteceunovale\" target=\"_blank\"><font color=\"red\">www.facebook.com\/aconteceunovale<\/font><\/a> ou no box abaixo:<\/p>\n<div class=\"fb-like\" data-href=\"https:\/\/www.facebook.com\/aconteceunovale\" data-width=\"120\" data-layout=\"standard\" data-action=\"like\" data-size=\"small\" data-show-faces=\"true\" data-share=\"true\"><\/div>\n<p><\/br><\/p>\n<p><em>(Fonte: G1 Grande Minas)<\/em><\/p>\n","protected":false},"excerpt":{"rendered":"<p>H\u00e1 pouco menos de um m\u00eas, o Balne\u00e1rio de \u00c1guas Termais de Montezuma foi reaberto. O espa\u00e7o de lazer, ap\u00f3s cinco anos de port\u00f5es trancados, voltou a receber turistas de toda regi\u00e3o do Norte de Minas. A cidade de oito mil habitantes depende do fluxo de visitantes no local para que o com\u00e9rcio, voltado para [&hellip;]<\/p>\n","protected":false},"author":1,"featured_media":115291,"comment_status":"open","ping_status":"closed","sticky":false,"template":"","format":"standard","meta":{"amp_status":"","footnotes":""},"categories":[1236],"tags":[149583,64749,1018,149587,149588,149589,149585,149590,1009,149591,149584,149586],"class_list":["post-115290","post","type-post","status-publish","format-standard","has-post-thumbnail","hentry","category-norte_de_minas","tag-balneario-de-aguas-termais-de-montezuma","tag-balneario-de-montezuma","tag-destaque","tag-empresa-municipal-de-turismo-de-montezuma","tag-emutum","tag-fabiano-costa-soares","tag-funcionamento-do-balneario-de-montezuma","tag-maristane-vieira","tag-montezuma","tag-reabertura-de-balneario-anima-comercio-em-montezuma","tag-reabertura-do-balneario-de-aguas-termais-de-montezuma","tag-reabertura-do-balneario-de-montezuma"],"_links":{"self":[{"href":"https:\/\/aconteceunovale.com.br\/portal\/index.php?rest_route=\/wp\/v2\/posts\/115290","targetHints":{"allow":["GET"]}}],"collection":[{"href":"https:\/\/aconteceunovale.com.br\/portal\/index.php?rest_route=\/wp\/v2\/posts"}],"about":[{"href":"https:\/\/aconteceunovale.com.br\/portal\/index.php?rest_route=\/wp\/v2\/types\/post"}],"author":[{"embeddable":true,"href":"https:\/\/aconteceunovale.com.br\/portal\/index.php?rest_route=\/wp\/v2\/users\/1"}],"replies":[{"embeddable":true,"href":"https:\/\/aconteceunovale.com.br\/portal\/index.php?rest_route=%2Fwp%2Fv2%2Fcomments&post=115290"}],"version-history":[{"count":0,"href":"https:\/\/aconteceunovale.com.br\/portal\/index.php?rest_route=\/wp\/v2\/posts\/115290\/revisions"}],"wp:featuredmedia":[{"embeddable":true,"href":"https:\/\/aconteceunovale.com.br\/portal\/index.php?rest_route=\/wp\/v2\/media\/115291"}],"wp:attachment":[{"href":"https:\/\/aconteceunovale.com.br\/portal\/index.php?rest_route=%2Fwp%2Fv2%2Fmedia&parent=115290"}],"wp:term":[{"taxonomy":"category","embeddable":true,"href":"https:\/\/aconteceunovale.com.br\/portal\/index.php?rest_route=%2Fwp%2Fv2%2Fcategories&post=115290"},{"taxonomy":"post_tag","embeddable":true,"href":"https:\/\/aconteceunovale.com.br\/portal\/index.php?rest_route=%2Fwp%2Fv2%2Ftags&post=115290"}],"curies":[{"name":"wp","href":"https:\/\/api.w.org\/{rel}","templated":true}]}}