{"id":115167,"date":"2017-05-18T00:10:08","date_gmt":"2017-05-18T02:10:08","guid":{"rendered":"http:\/\/aconteceunovale.com.br\/portal\/?p=115167"},"modified":"2017-05-18T00:10:08","modified_gmt":"2017-05-18T02:10:08","slug":"jovens-de-governador-valadares-morrem-em-acidente-na-br-381","status":"publish","type":"post","link":"https:\/\/aconteceunovale.com.br\/portal\/?p=115167","title":{"rendered":"Jovens de Governador Valadares morrem em acidente na BR-381"},"content":{"rendered":"<p>A colis\u00e3o entre tr\u00eas ve\u00edculos deixou tr\u00eas pessoas mortas e uma ferida na tarde de ter\u00e7a-feira (16\/05\/2017), na altura do quil\u00f4metro 444 da BR-381, em Sabar\u00e1 (MG). De acordo com a Pol\u00edcia Rodovi\u00e1ria Federal (PRF), o acidente envolveu um Toyota\/Etios, placa PWK-9567 (de Belo Horizonte), um \u00f4nibus e uma carreta.<\/p>\n<p>Lucas Souza da Silva, de 22 anos, Maxsuel Rosa Santos da Silva, de 26, e Maur\u00edcio Almeida, de 20, estavam no autom\u00f3vel conduzido por Ronie de Souza Pego, de 48 anos. Os jovens viajavam para Belo Horizonte, onde realizariam exames f\u00edsicos em um concurso da Pol\u00edcia Militar.<\/p>\n<p>Os valadarenses Lucas e Maxsuel e o motorista Ronie, que seria de BH, n\u00e3o resistiram aos graves ferimentos e faleceram no local. O jovem Maur\u00edcio, tamb\u00e9m de Governador Valadares, ficou preso \u00e0s ferragens e foi socorrido em estado grave ao Hospital Jo\u00e3o XXIII. <\/p>\n<p>Ainda n\u00e3o se sabe o que causou a colis\u00e3o entre os ve\u00edculos. A Per\u00edcia T\u00e9cnica da Pol\u00edcia Civil foi acionada para os trabalhos de praxe. As causas e circunst\u00e2ncias do acidente ser\u00e3o investigadas.<\/p>\n<p><img decoding=\"async\" src=\"http:\/\/aconteceunovale.com.br\/portal\/wp-content\/uploads\/2017\/05\/jovens_acidente_gv.jpg\" alt=\"\" \/><em>Lucas e Maxsuel morreram na hora; Maur\u00edcio est\u00e1 internado em BH (Fotos: Divulga\u00e7\u00e3o)<\/em><br \/>\n<\/br><\/p>\n<p><img decoding=\"async\" src=\"http:\/\/aconteceunovale.com.br\/portal\/wp-content\/uploads\/2017\/05\/acidente_ravena_1.jpg\" alt=\"\" \/><em>O acidente aconteceu no km 44 da BR-381 (Foto: Reprodu\u00e7\u00e3o\/TV Globo)<\/em><br \/>\n<\/br><\/p>\n<p><img decoding=\"async\" src=\"http:\/\/aconteceunovale.com.br\/portal\/wp-content\/uploads\/2017\/05\/acidente_ravena_2.png\" alt=\"\" \/><em>O acidente aconteceu no km 44 da BR-381 (Foto: Divulga\u00e7\u00e3o\/Bombeiros)<\/em><br \/>\n<\/br><\/p>\n<p><img decoding=\"async\" src=\"http:\/\/aconteceunovale.com.br\/portal\/wp-content\/uploads\/2017\/05\/acidente_ravena_3.png\" alt=\"\" \/><em>O acidente aconteceu no km 44 da BR-381 (Foto: Divulga\u00e7\u00e3o\/Bombeiros)<\/em><br \/>\n<\/br><\/p>\n<p><strong>VER PRIMEIRO<\/strong><\/p>\n<p>Receba as not\u00edcias do Aconteceu no Vale em primeira m\u00e3o. Clique em curtir no endere\u00e7o <a href=\"https:\/\/www.facebook.com\/aconteceunovale\" target=\"_blank\"><font color=\"red\">www.facebook.com\/aconteceunovale<\/font><\/a> ou no box abaixo:<\/p>\n<div class=\"fb-like\" data-href=\"https:\/\/www.facebook.com\/aconteceunovale\" data-width=\"120\" data-layout=\"standard\" data-action=\"like\" data-size=\"small\" data-show-faces=\"true\" data-share=\"true\"><\/div>\n<p><\/br><\/p>\n","protected":false},"excerpt":{"rendered":"<p>A colis\u00e3o entre tr\u00eas ve\u00edculos deixou tr\u00eas pessoas mortas e uma ferida na tarde de ter\u00e7a-feira (16\/05\/2017), na altura do quil\u00f4metro 444 da BR-381, em Sabar\u00e1 (MG). De acordo com a Pol\u00edcia Rodovi\u00e1ria Federal (PRF), o acidente envolveu um Toyota\/Etios, placa PWK-9567 (de Belo Horizonte), um \u00f4nibus e uma carreta. Lucas Souza da Silva, de [&hellip;]<\/p>\n","protected":false},"author":1,"featured_media":115084,"comment_status":"open","ping_status":"closed","sticky":false,"template":"","format":"standard","meta":{"amp_status":"","footnotes":""},"categories":[121,123],"tags":[52524,149290,22456,8237,84748,149291,194,1017,1397,1018,149435,149436,149438,149437,149289,22545,149439,1779,149292,149294,149293],"class_list":["post-115167","post","type-post","status-publish","format-standard","has-post-thumbnail","hentry","category-leste","category-gerais","tag-acidente-com-carro-de-belo-horizonte","tag-acidente-com-etios-de-belo-horizonte","tag-acidente-em-sabara","tag-acidente-na-br-381","tag-acidente-na-br-381-em-sabara","tag-acidente-no-trevo-de-ravena","tag-belo-horizonte","tag-bh","tag-br-381","tag-destaque","tag-jovens-de-governador-valadares-morrem-em-acidente-na-br-381","tag-lucas-souza-da-silva","tag-mauricio-almeida","tag-maxsuel-rosa-santos-da-silva","tag-pwk-9567","tag-ravena","tag-ronie-de-souza-pego","tag-sabara","tag-tres-pessoas-morrem-em-grave-acidente-na-br-381","tag-tres-pessoas-morrem-em-grave-acidente-na-br-381-em-ravena","tag-tres-pessoas-morrem-em-grave-acidente-na-br-381-em-sabara"],"_links":{"self":[{"href":"https:\/\/aconteceunovale.com.br\/portal\/index.php?rest_route=\/wp\/v2\/posts\/115167","targetHints":{"allow":["GET"]}}],"collection":[{"href":"https:\/\/aconteceunovale.com.br\/portal\/index.php?rest_route=\/wp\/v2\/posts"}],"about":[{"href":"https:\/\/aconteceunovale.com.br\/portal\/index.php?rest_route=\/wp\/v2\/types\/post"}],"author":[{"embeddable":true,"href":"https:\/\/aconteceunovale.com.br\/portal\/index.php?rest_route=\/wp\/v2\/users\/1"}],"replies":[{"embeddable":true,"href":"https:\/\/aconteceunovale.com.br\/portal\/index.php?rest_route=%2Fwp%2Fv2%2Fcomments&post=115167"}],"version-history":[{"count":0,"href":"https:\/\/aconteceunovale.com.br\/portal\/index.php?rest_route=\/wp\/v2\/posts\/115167\/revisions"}],"wp:featuredmedia":[{"embeddable":true,"href":"https:\/\/aconteceunovale.com.br\/portal\/index.php?rest_route=\/wp\/v2\/media\/115084"}],"wp:attachment":[{"href":"https:\/\/aconteceunovale.com.br\/portal\/index.php?rest_route=%2Fwp%2Fv2%2Fmedia&parent=115167"}],"wp:term":[{"taxonomy":"category","embeddable":true,"href":"https:\/\/aconteceunovale.com.br\/portal\/index.php?rest_route=%2Fwp%2Fv2%2Fcategories&post=115167"},{"taxonomy":"post_tag","embeddable":true,"href":"https:\/\/aconteceunovale.com.br\/portal\/index.php?rest_route=%2Fwp%2Fv2%2Ftags&post=115167"}],"curies":[{"name":"wp","href":"https:\/\/api.w.org\/{rel}","templated":true}]}}