{"id":115158,"date":"2017-05-17T23:10:39","date_gmt":"2017-05-18T01:10:39","guid":{"rendered":"http:\/\/aconteceunovale.com.br\/portal\/?p=115158"},"modified":"2017-05-17T23:10:39","modified_gmt":"2017-05-18T01:10:39","slug":"acidente-envolvendo-quatro-veiculos-deixa-um-morto-e-cinco-feridos-na-br-135-em-montes-claros","status":"publish","type":"post","link":"https:\/\/aconteceunovale.com.br\/portal\/?p=115158","title":{"rendered":"Acidente envolvendo quatro ve\u00edculos deixa um morto e cinco feridos na BR-135, em Montes Claros"},"content":{"rendered":"<p>Uma pessoa morreu e cinco ficaram feridas em um acidente na tarde desta quarta-feira (17\/05\/2017) na BR-135, em Montes Claros, no Norte de Minas. Segundo a Pol\u00edcia Rodovi\u00e1ria Federal (PRF), a batida envolveu quatro ve\u00edculos, pr\u00f3ximo \u00e0 Lagoinha.<\/p>\n<p>A v\u00edtima fatal foi o motorista de um caminh\u00e3o de pequeno porte que seguia sentido Montes Claros a Bocaiuva. \u201cO que identificamos aqui \u00e9 que a v\u00edtima fatal perdeu o controle da dire\u00e7\u00e3o do ve\u00edculo e bateu de frente com o outro caminh\u00e3o, que seguia no sentido contr\u00e1rio. O motorista do segundo caminh\u00e3o tentou desviar, mas n\u00e3o conseguiu e ainda acabou batendo em um carro de passeio\u201d, explica o policial rodovi\u00e1rio federal, Gustavo Teixeira.<\/p>\n<p>Com o impacto da batida, o carro de passeio saiu da pista e atingiu uma \u00e1rvore. No ve\u00edculo estavam quatro pessoas; duas ficaram presas nas ferragens. \u201cAs condi\u00e7\u00f5es em que o carro ficou, apoiado na \u00e1rvore, dificultaram um pouco as a\u00e7\u00f5es. Mesmo assim conseguimos retirar as v\u00edtimas e encaminh\u00e1-las ao hospital; o estado de sa\u00fade pode ser considerado m\u00e9dio \u00e1 grave\u201d, explica o tenente Franklin Soares.<\/p>\n<p>O outro ve\u00edculo envolvido no acidente seguia sentido a Montes Claros. O motorista Jos\u00e9 Ot\u00e1vio Souza Santos n\u00e3o ficou ferido, mas afirma que n\u00e3o conseguiu desviar dos destro\u00e7os do acidente. \u201cEu freei, mas o carro n\u00e3o parou. Com os destro\u00e7os o carro seguia e tive que girar a dire\u00e7\u00e3o para ele parar\u201d.<\/p>\n<p>A PRF afirmou ainda que chovia no momento do acidente. \u201cAinda ser\u00e1 feita a per\u00edcia, mas ficou confirmado que chovia e com a pista molhada o aconselh\u00e1vel \u00e9 reduzir a velocidade. \u00c0s vezes o condutor est\u00e1 no limite permitido da via, mas as condi\u00e7\u00f5es n\u00e3o permitem que se trafegue neste limite\u201d, completou Teixeira.<\/p>\n<p><img decoding=\"async\" src=\"http:\/\/aconteceunovale.com.br\/portal\/wp-content\/uploads\/2017\/05\/acidente_moc_lagoinha_2.jpg\" alt=\"\" \/><em>Acidente aconteceu na BR-135, em Montes Claros (Foto: Reprodu\u00e7\u00e3o\/WhatsApp)<\/em><br \/>\n<\/br><\/p>\n<p><img decoding=\"async\" src=\"http:\/\/aconteceunovale.com.br\/portal\/wp-content\/uploads\/2017\/05\/acidente_moc_lagoinha_1.jpg\" alt=\"\" \/><em>Acidente aconteceu na BR-135, em Montes Claros (Foto: Reprodu\u00e7\u00e3o\/WhatsApp)<\/em><br \/>\n<\/br><\/p>\n<p><strong>VER PRIMEIRO<\/strong><\/p>\n<p>Receba as not\u00edcias do Aconteceu no Vale em primeira m\u00e3o. Clique em curtir no endere\u00e7o <a href=\"https:\/\/www.facebook.com\/aconteceunovale\" target=\"_blank\"><font color=\"red\">www.facebook.com\/aconteceunovale<\/font><\/a> ou no box abaixo:<\/p>\n<div class=\"fb-like\" data-href=\"https:\/\/www.facebook.com\/aconteceunovale\" data-width=\"120\" data-layout=\"standard\" data-action=\"like\" data-size=\"small\" data-show-faces=\"true\" data-share=\"true\"><\/div>\n<p><\/br><\/p>\n<p><em>(Fonte: G1 Grande Minas \/ Reportagem: Valdivan Veloso)<\/em><\/p>\n","protected":false},"excerpt":{"rendered":"<p>Uma pessoa morreu e cinco ficaram feridas em um acidente na tarde desta quarta-feira (17\/05\/2017) na BR-135, em Montes Claros, no Norte de Minas. Segundo a Pol\u00edcia Rodovi\u00e1ria Federal (PRF), a batida envolveu quatro ve\u00edculos, pr\u00f3ximo \u00e0 Lagoinha. A v\u00edtima fatal foi o motorista de um caminh\u00e3o de pequeno porte que seguia sentido Montes Claros [&hellip;]<\/p>\n","protected":false},"author":1,"featured_media":115160,"comment_status":"open","ping_status":"closed","sticky":false,"template":"","format":"standard","meta":{"amp_status":"","footnotes":""},"categories":[1236],"tags":[149421,149422,19374,38508,149419,645,1247,1018,66077,149420],"class_list":["post-115158","post","type-post","status-publish","format-standard","has-post-thumbnail","hentry","category-norte_de_minas","tag-acidente-envolvendo-quatro-veiculos-deixa-um-morto-e-cinco-feridos-na-br-135","tag-acidente-envolvendo-quatro-veiculos-deixa-um-morto-e-cinco-feridos-na-br-135-em-montes-claros","tag-acidente-na-br-135","tag-acidente-na-br-135-em-montes-claros","tag-acidente-na-br-135-proximo-a-lagoinha","tag-bocaiuva","tag-br-135","tag-destaque","tag-em-montes-claros","tag-jose-otavio-souza-santos"],"_links":{"self":[{"href":"https:\/\/aconteceunovale.com.br\/portal\/index.php?rest_route=\/wp\/v2\/posts\/115158","targetHints":{"allow":["GET"]}}],"collection":[{"href":"https:\/\/aconteceunovale.com.br\/portal\/index.php?rest_route=\/wp\/v2\/posts"}],"about":[{"href":"https:\/\/aconteceunovale.com.br\/portal\/index.php?rest_route=\/wp\/v2\/types\/post"}],"author":[{"embeddable":true,"href":"https:\/\/aconteceunovale.com.br\/portal\/index.php?rest_route=\/wp\/v2\/users\/1"}],"replies":[{"embeddable":true,"href":"https:\/\/aconteceunovale.com.br\/portal\/index.php?rest_route=%2Fwp%2Fv2%2Fcomments&post=115158"}],"version-history":[{"count":0,"href":"https:\/\/aconteceunovale.com.br\/portal\/index.php?rest_route=\/wp\/v2\/posts\/115158\/revisions"}],"wp:featuredmedia":[{"embeddable":true,"href":"https:\/\/aconteceunovale.com.br\/portal\/index.php?rest_route=\/wp\/v2\/media\/115160"}],"wp:attachment":[{"href":"https:\/\/aconteceunovale.com.br\/portal\/index.php?rest_route=%2Fwp%2Fv2%2Fmedia&parent=115158"}],"wp:term":[{"taxonomy":"category","embeddable":true,"href":"https:\/\/aconteceunovale.com.br\/portal\/index.php?rest_route=%2Fwp%2Fv2%2Fcategories&post=115158"},{"taxonomy":"post_tag","embeddable":true,"href":"https:\/\/aconteceunovale.com.br\/portal\/index.php?rest_route=%2Fwp%2Fv2%2Ftags&post=115158"}],"curies":[{"name":"wp","href":"https:\/\/api.w.org\/{rel}","templated":true}]}}