{"id":115156,"date":"2017-05-17T21:40:13","date_gmt":"2017-05-17T23:40:13","guid":{"rendered":"http:\/\/aconteceunovale.com.br\/portal\/?p=115156"},"modified":"2017-05-17T21:40:13","modified_gmt":"2017-05-17T23:40:13","slug":"governo-de-minas-e-proibido-de-veicular-publicidade-que-mencione-gestao-anterior","status":"publish","type":"post","link":"https:\/\/aconteceunovale.com.br\/portal\/?p=115156","title":{"rendered":"Governo de Minas \u00e9 proibido de veicular publicidade que mencione gest\u00e3o anterior"},"content":{"rendered":"<p>O governo de Minas Gerais foi proibido de veicular propaganda institucional com cr\u00edticas \u00e0 gest\u00e3o anterior. A decis\u00e3o em car\u00e1ter liminar foi tomada ontem (16\/05\/2017) pelo juiz Mauro Pena Rocha, do Tribunal de Justi\u00e7a de Minas Gerais (TJMG), atendendo a um pedido do deputado estadual Gustavo Valadares (PSDB).<\/p>\n<p>Oposi\u00e7\u00e3o \u00e0 atual administra\u00e7\u00e3o e correligion\u00e1rio dos ex-governadores Ant\u00f4nio Anastasia (PSDB) e A\u00e9cio Neves (PSDB), o deputado moveu uma a\u00e7\u00e3o popular questionando uma pe\u00e7a publicit\u00e1ria que circulou nos dias 6, 7 e 13 deste m\u00eas. A propaganda, veiculada em jornais e redes de televis\u00e3o, promove os f\u00f3runs regionais, um programa criado pela gest\u00e3o do atual governador Fernando Pimentel (PT) para discutir pol\u00edticas p\u00fablicas com a popula\u00e7\u00e3o das cidades do interior.<\/p>\n<p>O juiz Mauro Pena Rocha registrou em seu despacho que a publicidade na administra\u00e7\u00e3o p\u00fablica deve estar de acordo com o Artigo 37 da Constitui\u00e7\u00e3o Federal, se pautando pelo car\u00e1ter informativo, educativo ou de orienta\u00e7\u00e3o social. Ele considerou que a propaganda, ao usar da express\u00e3o &#8220;jeito antigo de governar&#8221;, feriu a legisla\u00e7\u00e3o.<\/p>\n<p>Para o magistrado, a pe\u00e7a &#8220;divulga uma forma de governar e em certa medida ataca a administra\u00e7\u00e3o passada. Assim, desvirtuando da necess\u00e1ria impessoalidade dessas publica\u00e7\u00f5es e da respectiva finalidade\u201d. A decis\u00e3o vale n\u00e3o apenas para a propaganda em quest\u00e3o como tamb\u00e9m para futuras pe\u00e7as.<\/p>\n<p>A Advocacia-Geral do Estado informou, em nota, que ainda n\u00e3o recebeu a notifica\u00e7\u00e3o da Justi\u00e7a e que pretende recorrer. \u201cAp\u00f3s ter acesso ao documento, a Advocacia-Geral do Estado vai recorrer, por entender que a popula\u00e7\u00e3o foi chamada a decidir sobre realiza\u00e7\u00f5es de governo na regi\u00e3o em que ela vive\u201d, registra o texto.<\/p>\n<p><strong>VER PRIMEIRO<\/strong><\/p>\n<p>Receba as not\u00edcias do Aconteceu no Vale em primeira m\u00e3o. Clique em curtir no endere\u00e7o <a href=\"https:\/\/www.facebook.com\/aconteceunovale\" target=\"_blank\"><font color=\"red\">www.facebook.com\/aconteceunovale<\/font><\/a> ou no box abaixo:<\/p>\n<div class=\"fb-like\" data-href=\"https:\/\/www.facebook.com\/aconteceunovale\" data-width=\"120\" data-layout=\"standard\" data-action=\"like\" data-size=\"small\" data-show-faces=\"true\" data-share=\"true\"><\/div>\n<p><\/br><\/p>\n<p><em>(Fonte: Ag\u00eancia Brasil)<\/em><\/p>\n","protected":false},"excerpt":{"rendered":"<p>O governo de Minas Gerais foi proibido de veicular propaganda institucional com cr\u00edticas \u00e0 gest\u00e3o anterior. A decis\u00e3o em car\u00e1ter liminar foi tomada ontem (16\/05\/2017) pelo juiz Mauro Pena Rocha, do Tribunal de Justi\u00e7a de Minas Gerais (TJMG), atendendo a um pedido do deputado estadual Gustavo Valadares (PSDB). Oposi\u00e7\u00e3o \u00e0 atual administra\u00e7\u00e3o e correligion\u00e1rio dos [&hellip;]<\/p>\n","protected":false},"author":1,"featured_media":79916,"comment_status":"open","ping_status":"closed","sticky":false,"template":"","format":"standard","meta":{"amp_status":"","footnotes":""},"categories":[123,40240],"tags":[12826,149418,51191,24297,111139,111612,92646,48784],"class_list":["post-115156","post","type-post","status-publish","format-standard","has-post-thumbnail","hentry","category-gerais","category-politica-2","tag-fernando-pimentel","tag-governo-de-minas-e-proibido-de-veicular-publicidade-que-mencione-gestao-anterior","tag-governo-de-minas-gerais","tag-proibicao","tag-propaganda","tag-publicidade","tag-tribunal-de-justica-de-minas-gerais","tag-veto"],"_links":{"self":[{"href":"https:\/\/aconteceunovale.com.br\/portal\/index.php?rest_route=\/wp\/v2\/posts\/115156","targetHints":{"allow":["GET"]}}],"collection":[{"href":"https:\/\/aconteceunovale.com.br\/portal\/index.php?rest_route=\/wp\/v2\/posts"}],"about":[{"href":"https:\/\/aconteceunovale.com.br\/portal\/index.php?rest_route=\/wp\/v2\/types\/post"}],"author":[{"embeddable":true,"href":"https:\/\/aconteceunovale.com.br\/portal\/index.php?rest_route=\/wp\/v2\/users\/1"}],"replies":[{"embeddable":true,"href":"https:\/\/aconteceunovale.com.br\/portal\/index.php?rest_route=%2Fwp%2Fv2%2Fcomments&post=115156"}],"version-history":[{"count":0,"href":"https:\/\/aconteceunovale.com.br\/portal\/index.php?rest_route=\/wp\/v2\/posts\/115156\/revisions"}],"wp:featuredmedia":[{"embeddable":true,"href":"https:\/\/aconteceunovale.com.br\/portal\/index.php?rest_route=\/wp\/v2\/media\/79916"}],"wp:attachment":[{"href":"https:\/\/aconteceunovale.com.br\/portal\/index.php?rest_route=%2Fwp%2Fv2%2Fmedia&parent=115156"}],"wp:term":[{"taxonomy":"category","embeddable":true,"href":"https:\/\/aconteceunovale.com.br\/portal\/index.php?rest_route=%2Fwp%2Fv2%2Fcategories&post=115156"},{"taxonomy":"post_tag","embeddable":true,"href":"https:\/\/aconteceunovale.com.br\/portal\/index.php?rest_route=%2Fwp%2Fv2%2Ftags&post=115156"}],"curies":[{"name":"wp","href":"https:\/\/api.w.org\/{rel}","templated":true}]}}