{"id":115154,"date":"2017-05-17T17:44:43","date_gmt":"2017-05-17T19:44:43","guid":{"rendered":"http:\/\/aconteceunovale.com.br\/portal\/?p=115154"},"modified":"2017-05-17T17:44:43","modified_gmt":"2017-05-17T19:44:43","slug":"proprietario-de-bar-e-preso-por-estupro-de-vulneravel-em-salinas-no-norte-de-minas","status":"publish","type":"post","link":"https:\/\/aconteceunovale.com.br\/portal\/?p=115154","title":{"rendered":"Propriet\u00e1rio de bar \u00e9 preso por estupro de vulner\u00e1vel em Salinas, no Norte de Minas"},"content":{"rendered":"<p>Um comerciante de 63 anos foi preso nesta quarta-feira (17\/05\/2017) suspeito de estupro de vulner\u00e1vel em Salinas, no Norte de Minas. De acordo com a investiga\u00e7\u00e3o da Pol\u00edcia Civil, as v\u00edtimas t\u00eam 10 e 13 anos e eram abordadas pelo autor pr\u00f3ximo \u00e0 escola onde estudavam, no Bairro Maracan\u00e3.<\/p>\n<p>Segundo o delegado Jos\u00e9 Eduardo Santos, respons\u00e1vel pela investiga\u00e7\u00e3o, familiares de uma das v\u00edtimas descobriam o caso e procuraram a pol\u00edcia. O autor, segundo a PC, possui um bar pr\u00f3ximo \u00e0 escola e chegou a oferecer doces e pequenos valores para se relacionar com as v\u00edtimas. \u201cEle oferecia pouco dinheiro, entre R$ 5 e R$ 20, para as v\u00edtimas. Ele foi ouvido, confirmou que deu doces \u00e0s meninas, mas nega que tenha tido algum tipo de rela\u00e7\u00e3o com as v\u00edtimas\u201d.<\/p>\n<p>Durante a pris\u00e3o a pol\u00edcia encontrou no telefone do comerciante, registros de v\u00e1rias liga\u00e7\u00f5es para o telefone de uma das v\u00edtimas. Foi apreendido ainda um comprovante de recarga de cr\u00e9dito para o telefone celular em nome de uma das menores.<\/p>\n<p>A Pol\u00edcia Civil acredita que devido \u00e0 proximidade do estabelecimento comercial do autor com a escola, seja poss\u00edvel que outras crian\u00e7as tamb\u00e9m tenham sido v\u00edtimas. \u201cDemos o cumprimento ao mandado de pris\u00e3o tempor\u00e1ria e logo vamos finalizar o inqu\u00e9rito sobre estes dois casos, onde em ficou confirmada a conjun\u00e7\u00e3o carnal pelo menos uma vez. Agora, nada impede que outras v\u00edtimas possam procurar a pol\u00edcia para relatar outros abusos, caso tenham ocorrido\u201d.<\/p>\n<p>O delegado lamenta o n\u00famero de registros deste tipo de ocorr\u00eancia na regi\u00e3o, mas teme ainda que o n\u00famero de casos de abusos sejam ainda maiores devido ao medo que as v\u00edtimas t\u00eam em revelar sobre os abusos sofridos.<\/p>\n<p>\u201cInfelizmente, a gente co\u00edbe, mas ainda ocorrem estes crimes. Ent\u00e3o, aconselho aos pais se aproximarem dos filhos, conversarem e se abrirem para que eles possam revelar caso sejam v\u00edtimas deste tipo de crime. J\u00e1 atendemos algumas ocorr\u00eancias em que as v\u00edtimas afirmam n\u00e3o ter contado nem aos pais por causa do mede de serem reprimidas\u201d, alerta.<\/p>\n<p><strong>VER PRIMEIRO<\/strong><\/p>\n<p>Receba as not\u00edcias do Aconteceu no Vale em primeira m\u00e3o. Clique em curtir no endere\u00e7o <a href=\"https:\/\/www.facebook.com\/aconteceunovale\" target=\"_blank\"><font color=\"red\">www.facebook.com\/aconteceunovale<\/font><\/a> ou no box abaixo:<\/p>\n<div class=\"fb-like\" data-href=\"https:\/\/www.facebook.com\/aconteceunovale\" data-width=\"120\" data-layout=\"standard\" data-action=\"like\" data-size=\"small\" data-show-faces=\"true\" data-share=\"true\"><\/div>\n<p><\/br><\/p>\n<p><em>(Fonte: G1 Grande Minas)<\/em><\/p>\n","protected":false},"excerpt":{"rendered":"<p>Um comerciante de 63 anos foi preso nesta quarta-feira (17\/05\/2017) suspeito de estupro de vulner\u00e1vel em Salinas, no Norte de Minas. De acordo com a investiga\u00e7\u00e3o da Pol\u00edcia Civil, as v\u00edtimas t\u00eam 10 e 13 anos e eram abordadas pelo autor pr\u00f3ximo \u00e0 escola onde estudavam, no Bairro Maracan\u00e3. Segundo o delegado Jos\u00e9 Eduardo Santos, [&hellip;]<\/p>\n","protected":false},"author":1,"featured_media":102361,"comment_status":"open","ping_status":"closed","sticky":false,"template":"","format":"standard","meta":{"amp_status":"","footnotes":""},"categories":[1236],"tags":[149416,133084,149415,58204,149417,149414,190],"class_list":["post-115154","post","type-post","status-publish","format-standard","has-post-thumbnail","hentry","category-norte_de_minas","tag-comerciante-preso-em-salinas","tag-estuprador-preso-em-salinas","tag-idoso-preso-em-salinas","tag-preso-em-salinas","tag-preso-por-estupro-em-salinas","tag-proprietario-de-bar-e-preso-por-estupro-de-vulneravel-em-salinas","tag-salinas"],"_links":{"self":[{"href":"https:\/\/aconteceunovale.com.br\/portal\/index.php?rest_route=\/wp\/v2\/posts\/115154","targetHints":{"allow":["GET"]}}],"collection":[{"href":"https:\/\/aconteceunovale.com.br\/portal\/index.php?rest_route=\/wp\/v2\/posts"}],"about":[{"href":"https:\/\/aconteceunovale.com.br\/portal\/index.php?rest_route=\/wp\/v2\/types\/post"}],"author":[{"embeddable":true,"href":"https:\/\/aconteceunovale.com.br\/portal\/index.php?rest_route=\/wp\/v2\/users\/1"}],"replies":[{"embeddable":true,"href":"https:\/\/aconteceunovale.com.br\/portal\/index.php?rest_route=%2Fwp%2Fv2%2Fcomments&post=115154"}],"version-history":[{"count":0,"href":"https:\/\/aconteceunovale.com.br\/portal\/index.php?rest_route=\/wp\/v2\/posts\/115154\/revisions"}],"wp:featuredmedia":[{"embeddable":true,"href":"https:\/\/aconteceunovale.com.br\/portal\/index.php?rest_route=\/wp\/v2\/media\/102361"}],"wp:attachment":[{"href":"https:\/\/aconteceunovale.com.br\/portal\/index.php?rest_route=%2Fwp%2Fv2%2Fmedia&parent=115154"}],"wp:term":[{"taxonomy":"category","embeddable":true,"href":"https:\/\/aconteceunovale.com.br\/portal\/index.php?rest_route=%2Fwp%2Fv2%2Fcategories&post=115154"},{"taxonomy":"post_tag","embeddable":true,"href":"https:\/\/aconteceunovale.com.br\/portal\/index.php?rest_route=%2Fwp%2Fv2%2Ftags&post=115154"}],"curies":[{"name":"wp","href":"https:\/\/api.w.org\/{rel}","templated":true}]}}