{"id":115148,"date":"2017-05-17T12:50:43","date_gmt":"2017-05-17T14:50:43","guid":{"rendered":"http:\/\/aconteceunovale.com.br\/portal\/?p=115148"},"modified":"2017-05-17T12:50:43","modified_gmt":"2017-05-17T14:50:43","slug":"governo-publica-medida-provisoria-que-parcela-divida-de-estados-e-municipios","status":"publish","type":"post","link":"https:\/\/aconteceunovale.com.br\/portal\/?p=115148","title":{"rendered":"Governo publica Medida Provis\u00f3ria que parcela d\u00edvida de estados e munic\u00edpios"},"content":{"rendered":"<p>Foi publicada no\u00a0<a href=\"http:\/\/pesquisa.in.gov.br\/imprensa\/jsp\/visualiza\/index.jsp?jornal=1&amp;pagina=3&amp;data=17\/05\/2017\" target=\"_blank\"><em><span style=\"color: #ff0000;\">Di\u00e1rio Oficial da Uni\u00e3o<\/span>\u00a0<\/em><\/a>de hoje (17) a Medida Provis\u00f3ria que parcela os d\u00e9bitos dos estados, Distrito Federal e munic\u00edpios com a Fazenda Nacional, relativos \u00e0s contribui\u00e7\u00f5es previdenci\u00e1rias. A medida\u00a0foi assinada ontem (16) pelo presidente Michel Temer, em encontro com prefeitos de todo o pa\u00eds. Os d\u00e9bitos ser\u00e3o parcelados em 200 meses, com 25% a menos de encargos e multas, al\u00e9m da redu\u00e7\u00e3o de 80% dos juros.<\/p>\n<p>De acordo com a MP, 2,4% do valor total da d\u00edvida dever\u00e1 ser pago sem redu\u00e7\u00f5es em at\u00e9 seis parcelas, entre julho e dezembro. O restante da d\u00edvida ser\u00e1 dividido em at\u00e9 194 parcelas, a partir de janeiro de 2018. \u00c9 sobre essas parcelas que ser\u00e3o aplicadas as redu\u00e7\u00f5es de 80% dos juros e de 25% de multas e encargos, inclusive advocat\u00edcios.<\/p>\n<p>O valor dessas 194 parcelas ser\u00e1 equivalente ao saldo da d\u00edvida fracionado ou a 1% da m\u00e9dia mensal da receita corrente l\u00edquida do ente federativo ou municipal. Segundo o texto publicado, ser\u00e1 pago o menor desses dois valores, e ele ser\u00e1 retido e repassado \u00e0 Uni\u00e3o por meio do Fundo de Participa\u00e7\u00e3o dos Estados e do Distrito Federal e por meio do Fundo de Participa\u00e7\u00e3o dos Munic\u00edpios.<\/p>\n<p>Encerrado o prazo de parcelamentos, havendo ainda res\u00edduos a serem pagos, eles poder\u00e3o ser quitados \u00e0 vista ou parcelados em at\u00e9 60 presta\u00e7\u00f5es.<\/p>\n<p><strong>VER PRIMEIRO<\/strong><\/p>\n<p>Receba as not\u00edcias do Aconteceu no Vale em primeira m\u00e3o. Clique em curtir no endere\u00e7o <a href=\"https:\/\/www.facebook.com\/aconteceunovale\" target=\"_blank\"><font color=\"red\">www.facebook.com\/aconteceunovale<\/font><\/a> ou no box abaixo:<\/p>\n<div class=\"fb-like\" data-href=\"https:\/\/www.facebook.com\/aconteceunovale\" data-width=\"120\" data-layout=\"standard\" data-action=\"like\" data-size=\"small\" data-show-faces=\"true\" data-share=\"true\"><\/div>\n<p><\/br><\/p>\n<p><em>(Fonte: Ag\u00eancia Brasil)<\/em><\/p>\n","protected":false},"excerpt":{"rendered":"<p>Foi publicada no\u00a0Di\u00e1rio Oficial da Uni\u00e3o\u00a0de hoje (17) a Medida Provis\u00f3ria que parcela os d\u00e9bitos dos estados, Distrito Federal e munic\u00edpios com a Fazenda Nacional, relativos \u00e0s contribui\u00e7\u00f5es previdenci\u00e1rias. A medida\u00a0foi assinada ontem (16) pelo presidente Michel Temer, em encontro com prefeitos de todo o pa\u00eds. Os d\u00e9bitos ser\u00e3o parcelados em 200 meses, com 25% [&hellip;]<\/p>\n","protected":false},"author":1,"featured_media":115149,"comment_status":"open","ping_status":"closed","sticky":false,"template":"","format":"standard","meta":{"amp_status":"","footnotes":""},"categories":[6,40240],"tags":[149408,149409,43212,149404,149405,149406,149407,20181],"class_list":["post-115148","post","type-post","status-publish","format-standard","has-post-thumbnail","hentry","category-br","category-politica-2","tag-20a-marcha-a-brasilia","tag-defesa-dos-municipios","tag-diario-oficial","tag-divida-dos-estados-e-df-com-a-uniao","tag-divida-dos-municipios","tag-governo-publica-medida-provisoria-que-parcela-divida-de-estados-e-municipios","tag-medida-provisoria-que-parcela-divida-de-estados-e-municipios","tag-michel-temer"],"_links":{"self":[{"href":"https:\/\/aconteceunovale.com.br\/portal\/index.php?rest_route=\/wp\/v2\/posts\/115148","targetHints":{"allow":["GET"]}}],"collection":[{"href":"https:\/\/aconteceunovale.com.br\/portal\/index.php?rest_route=\/wp\/v2\/posts"}],"about":[{"href":"https:\/\/aconteceunovale.com.br\/portal\/index.php?rest_route=\/wp\/v2\/types\/post"}],"author":[{"embeddable":true,"href":"https:\/\/aconteceunovale.com.br\/portal\/index.php?rest_route=\/wp\/v2\/users\/1"}],"replies":[{"embeddable":true,"href":"https:\/\/aconteceunovale.com.br\/portal\/index.php?rest_route=%2Fwp%2Fv2%2Fcomments&post=115148"}],"version-history":[{"count":0,"href":"https:\/\/aconteceunovale.com.br\/portal\/index.php?rest_route=\/wp\/v2\/posts\/115148\/revisions"}],"wp:featuredmedia":[{"embeddable":true,"href":"https:\/\/aconteceunovale.com.br\/portal\/index.php?rest_route=\/wp\/v2\/media\/115149"}],"wp:attachment":[{"href":"https:\/\/aconteceunovale.com.br\/portal\/index.php?rest_route=%2Fwp%2Fv2%2Fmedia&parent=115148"}],"wp:term":[{"taxonomy":"category","embeddable":true,"href":"https:\/\/aconteceunovale.com.br\/portal\/index.php?rest_route=%2Fwp%2Fv2%2Fcategories&post=115148"},{"taxonomy":"post_tag","embeddable":true,"href":"https:\/\/aconteceunovale.com.br\/portal\/index.php?rest_route=%2Fwp%2Fv2%2Ftags&post=115148"}],"curies":[{"name":"wp","href":"https:\/\/api.w.org\/{rel}","templated":true}]}}