{"id":115140,"date":"2017-05-17T12:33:39","date_gmt":"2017-05-17T14:33:39","guid":{"rendered":"http:\/\/aconteceunovale.com.br\/portal\/?p=115140"},"modified":"2017-05-17T12:33:39","modified_gmt":"2017-05-17T14:33:39","slug":"tre-cassa-diploma-do-prefeito-eleito-de-pedra-bonita-na-zona-da-mata-mineira","status":"publish","type":"post","link":"https:\/\/aconteceunovale.com.br\/portal\/?p=115140","title":{"rendered":"TRE cassa diploma do prefeito eleito de Pedra Bonita, na Zona da Mata Mineira"},"content":{"rendered":"<p>Por unanimidade, na sess\u00e3o dessa ter\u00e7a-feira (16\/05\/2017), o Tribunal Eleitoral mineiro reformou a senten\u00e7a de primeira inst\u00e2ncia e cassou o diploma do prefeito eleito de Pedra Bonita (Zona da Mata), Adriano Teodoro do Carmo (PP), e do vice-prefeito, Humberto Osvaldo Ferreira (PMDB), por abuso de poder econ\u00f4mico em per\u00edodo eleitoral. Foi ainda aplicada a san\u00e7\u00e3o de inelegibilidade por oito anos ao terceiro investigado, Trov\u00e3o V\u00edtor de Oliveira, ex-prefeito do munic\u00edpio. <\/p>\n<p>Da decis\u00e3o cabe recurso e os cassados permanecem no cargo at\u00e9 o julgamento de eventuais embargos de declara\u00e7\u00e3o, quando a execu\u00e7\u00e3o do julgado dever\u00e1 acontecer, como determinado pela Corte Eleitoral. <\/p>\n<p>De acordo com a a\u00e7\u00e3o de investiga\u00e7\u00e3o judicial eleitoral (AIJE) proposta pelo Minist\u00e9rio P\u00fablico Eleitoral (MPE), teria havido capta\u00e7\u00e3o il\u00edcita de sufr\u00e1gio e abuso de poder econ\u00f4mico em raz\u00e3o de promo\u00e7\u00e3o de festa pelo prefeito \u00e0 \u00e9poca, Trov\u00e3o V\u00edtor de Oliveira, em sua fazenda, na data de 04 de setembro de 2016, para apoiar as candidaturas de Adriano e Humberto. No evento teria acontecido a distribui\u00e7\u00e3o gratuita de churrasco e refrigerante para os participantes \u2013 entre 500 e 1.000 -, com pr\u00e9vio conhecimento dos candidatos investigados, beneficiados pelo ato. <\/p>\n<p>Para o relator do processo, juiz Carlos Roberto de Carvalho \u201cdo cruzamento das informa\u00e7\u00f5es extra\u00eddas dos elementos de prova dispon\u00edveis nos autos, exsurge a percep\u00e7\u00e3o n\u00edtida de que a festa realizada na fazenda do Trov\u00e3o Oliveira, ainda que tenha se prestado a comemorar o anivers\u00e1rio de Fabr\u00edcio de Paula Correa e Mariana Martins Vitor,foi desvirtuada pelos interesses eleitorais dos partid\u00e1rios dos investigados, ganhando evidente fei\u00e7\u00e3o de evento de campanha eleitoral. (&#8230;) A potencialidade lesiva encontra-se evidenciada pela magnitude da festa, j\u00e1 que um evento no qual se convida cerca de 180 fam\u00edlias e aproximadamente 1000 pessoas, um m\u00eas antes das elei\u00e7\u00f5es, em um munic\u00edpio com eleitorado de 5.150 pessoas, conforme dados da Justi\u00e7a Eleitoral, certamente tem capacidade potencial de causar s\u00e9rio desequil\u00edbrio na disputa entre os candidatos e afetar o resultado do pleito.\u201d <\/p>\n<p>O prefeito eleito obteve 1.933 votos (40,15%), que ser\u00e3o anulados. <\/p>\n<p><strong>VER PRIMEIRO<\/strong><\/p>\n<p>Receba as not\u00edcias do Aconteceu no Vale em primeira m\u00e3o. Clique em curtir no endere\u00e7o <a href=\"https:\/\/www.facebook.com\/aconteceunovale\" target=\"_blank\"><font color=\"red\">www.facebook.com\/aconteceunovale<\/font><\/a> ou no box abaixo:<\/p>\n<div class=\"fb-like\" data-href=\"https:\/\/www.facebook.com\/aconteceunovale\" data-width=\"120\" data-layout=\"standard\" data-action=\"like\" data-size=\"small\" data-show-faces=\"true\" data-share=\"true\"><\/div>\n<p><\/br><\/p>\n<p><em>(Fonte: TRE-MG)<\/em><\/p>\n","protected":false},"excerpt":{"rendered":"<p>Por unanimidade, na sess\u00e3o dessa ter\u00e7a-feira (16\/05\/2017), o Tribunal Eleitoral mineiro reformou a senten\u00e7a de primeira inst\u00e2ncia e cassou o diploma do prefeito eleito de Pedra Bonita (Zona da Mata), Adriano Teodoro do Carmo (PP), e do vice-prefeito, Humberto Osvaldo Ferreira (PMDB), por abuso de poder econ\u00f4mico em per\u00edodo eleitoral. Foi ainda aplicada a san\u00e7\u00e3o [&hellip;]<\/p>\n","protected":false},"author":1,"featured_media":92935,"comment_status":"open","ping_status":"closed","sticky":false,"template":"","format":"standard","meta":{"amp_status":"","footnotes":""},"categories":[123,40240],"tags":[149375,149373,149376,149371,4684,149372,149374,149378,149377],"class_list":["post-115140","post","type-post","status-publish","format-standard","has-post-thumbnail","hentry","category-gerais","category-politica-2","tag-adriano-teodoro-do-carmo","tag-cassacao-do-prefeito-eleito-em-pedra-bonita","tag-humberto-osvaldo-ferreira","tag-justica-eleitoral-cassa-diploma-do-prefeito-eleito-de-pedra-bonita","tag-pedra-bonita","tag-prefeito-eleito-em-pedra-bonita","tag-prefeito-eleito-em-pedra-bonita-e-cassado","tag-tre-cassa-diploma-do-prefeito-eleito-de-pedra-bonita","tag-trovao-vitor-de-oliveira"],"_links":{"self":[{"href":"https:\/\/aconteceunovale.com.br\/portal\/index.php?rest_route=\/wp\/v2\/posts\/115140","targetHints":{"allow":["GET"]}}],"collection":[{"href":"https:\/\/aconteceunovale.com.br\/portal\/index.php?rest_route=\/wp\/v2\/posts"}],"about":[{"href":"https:\/\/aconteceunovale.com.br\/portal\/index.php?rest_route=\/wp\/v2\/types\/post"}],"author":[{"embeddable":true,"href":"https:\/\/aconteceunovale.com.br\/portal\/index.php?rest_route=\/wp\/v2\/users\/1"}],"replies":[{"embeddable":true,"href":"https:\/\/aconteceunovale.com.br\/portal\/index.php?rest_route=%2Fwp%2Fv2%2Fcomments&post=115140"}],"version-history":[{"count":0,"href":"https:\/\/aconteceunovale.com.br\/portal\/index.php?rest_route=\/wp\/v2\/posts\/115140\/revisions"}],"wp:featuredmedia":[{"embeddable":true,"href":"https:\/\/aconteceunovale.com.br\/portal\/index.php?rest_route=\/wp\/v2\/media\/92935"}],"wp:attachment":[{"href":"https:\/\/aconteceunovale.com.br\/portal\/index.php?rest_route=%2Fwp%2Fv2%2Fmedia&parent=115140"}],"wp:term":[{"taxonomy":"category","embeddable":true,"href":"https:\/\/aconteceunovale.com.br\/portal\/index.php?rest_route=%2Fwp%2Fv2%2Fcategories&post=115140"},{"taxonomy":"post_tag","embeddable":true,"href":"https:\/\/aconteceunovale.com.br\/portal\/index.php?rest_route=%2Fwp%2Fv2%2Ftags&post=115140"}],"curies":[{"name":"wp","href":"https:\/\/api.w.org\/{rel}","templated":true}]}}