{"id":115137,"date":"2017-05-17T12:12:41","date_gmt":"2017-05-17T14:12:41","guid":{"rendered":"http:\/\/aconteceunovale.com.br\/portal\/?p=115137"},"modified":"2017-05-17T12:12:41","modified_gmt":"2017-05-17T14:12:41","slug":"projetos-de-corte-e-costura-beneficiam-comunidades-no-norte-de-minas","status":"publish","type":"post","link":"https:\/\/aconteceunovale.com.br\/portal\/?p=115137","title":{"rendered":"Projetos de corte e costura beneficiam comunidades no Norte de Minas"},"content":{"rendered":"<p>A atividade de corte e costura tem se mostrado uma nova alternativa de renda para comunidades rurais do Norte de Minas. Com o apoio da Companhia de Desenvolvimento dos Vales do S\u00e3o Francisco e do Parna\u00edba (Codevasf), fam\u00edlias de mais de 30 munic\u00edpios mineiros v\u00eam sendo estruturadas com kits contendo materiais como m\u00e1quinas de costura, mesas, fitas m\u00e9tricas, tecidos, linhas e tesouras.<\/p>\n<p>De acordo com Alex Demier, gerente de Revitaliza\u00e7\u00e3o da 1\u00aa Superintend\u00eancia Regional da Codevasf, sediada em Montes Claros, al\u00e9m da entrega dos kits, adquiridos com recursos do Or\u00e7amento Geral da Uni\u00e3o destinados \u00e0 Companhia por emenda parlamentar, s\u00e3o realizadas capacita\u00e7\u00f5es para grupos de benefici\u00e1rios por meio de empresas contratadas ou em parceria com o Servi\u00e7o Nacional de Aprendizagem Rural (Senar) e prefeituras municipais. Modelagem b\u00e1sica, t\u00eaxteis, estilismo, corte e costura s\u00e3o alguns dos temas abordados nessas forma\u00e7\u00f5es.<\/p>\n<p>Neste ano, est\u00e3o sendo atendidos com essa a\u00e7\u00e3o os munic\u00edpios de Curvelo, Ja\u00edba, Medeiros, Janu\u00e1ria, Vargem Bonita, Cora\u00e7\u00e3o de Jesus, Moema, Pitangui, Leandro Ferreira, Patos de Minas, Luz, Divin\u00f3polis, Lassance, Santo Ant\u00f4nio do Monte, Concei\u00e7\u00e3o do Par\u00e1, Itacarambi, S\u00e3o Gon\u00e7alo do Par\u00e1, Carmo da Mata, entre outros. Ser\u00e3o 45 kits fornecidos em 2017; cada um beneficia, em m\u00e9dia, 15 fam\u00edlias.<\/p>\n<p>Entre os equipamentos disponibilizados est\u00e3o: m\u00e1quinas de costura dos tipos reta, galoneira, overlock, caseadora dom\u00e9stica, zig zag e pespontadeira; mesa de corte; cadeira girat\u00f3ria; malha PV; malha de algod\u00e3o; tecidos como tricoline mista, linho, oxford e sacaria; tesoura; linhas overlock e reta; fita m\u00e9trica.<\/p>\n<p>\u201cA atividade de corte e costura vem despontando como uma alternativa de renda, principalmente para as mulheres rurais. Ao viabilizarmos projetos produtivos que incluam de forma mais direta esse p\u00fablico, favorecemos a melhoria da qualidade de vida a partir do aumento da renda familiar. Diversos grupos est\u00e3o conseguindo sua inser\u00e7\u00e3o no mercado por meio da presta\u00e7\u00e3o de servi\u00e7os a confec\u00e7\u00f5es ou diretamente ao consumidor\u201d, destaca Alex Demier.<\/p>\n<p>Segundo ele, a Codevasf est\u00e1 trabalhando para implantar o Centro de Capacita\u00e7\u00e3o em Corte e Costura no munic\u00edpio de Nova Porteirinha. Ap\u00f3s conclu\u00eddo, o projeto deve atender a cerca de 200 pessoas por ano. A previs\u00e3o \u00e9 que o centro inicie suas atividades em 2018.<\/p>\n<p><img decoding=\"async\" src=\"http:\/\/aconteceunovale.com.br\/portal\/wp-content\/uploads\/2017\/05\/costura.jpg\" alt=\"\" \/><em>Projetos de corte e costura beneficiam comunidades no Norte de Minas (Divulga\u00e7\u00e3o\/Codevasf)<\/em><br \/>\n<\/br><\/p>\n<p><strong>Benef\u00edcios<\/strong><\/p>\n<p>Vanete Fernandes coordena um projeto de corte e costura em Bocaiuva, estruturado pela Codevasf. Segundo ela, desde o in\u00edcio das atividades \u2013 h\u00e1 cinco anos \u2013, mais de 300 pessoas j\u00e1 passaram por capacita\u00e7\u00e3o na \u00e1rea e hoje j\u00e1 est\u00e3o empregadas em uma pequena f\u00e1brica do munic\u00edpio ou trabalham como aut\u00f4nomas.<\/p>\n<p>\u201cOferecemos capacita\u00e7\u00f5es em tr\u00eas turnos, com aulas que duram duas horas por dia. A Codevasf continua sendo nossa parceira, enviando professores para ensinar esse of\u00edcio e, tamb\u00e9m, fazendo todo o acompanhamento desse trabalho que desenvolvemos na regi\u00e3o\u201d, destaca Vanete.<\/p>\n<p>Durante os cursos, os participantes aprendem a confeccionar cinco pe\u00e7as b\u00e1sicas de vestu\u00e1rio \u2013 cal\u00e7a, saia, blusas, vestido e short \u2013 e, com isso, desenvolvem a t\u00e9cnica para ser aplicada em outros itens. \u201cAqui, n\u00f3s trabalhamos muito com malha. Temos uma parceria com uma par\u00f3quia local e, na festa do padroeiro, chegamos a produzir 1.000 camisas, gerando renda para a comunidade. N\u00f3s costumamos repassar essas experi\u00eancias positivas \u00e0 Codevasf, para que possam ser replicadas em outros munic\u00edpios beneficiados com esse tipo de projeto\u201d, explica a coordenadora.<\/p>\n<p><strong>VER PRIMEIRO<\/strong><\/p>\n<p>Receba as not\u00edcias do Aconteceu no Vale em primeira m\u00e3o. Clique em curtir no endere\u00e7o <a href=\"https:\/\/www.facebook.com\/aconteceunovale\" target=\"_blank\"><font color=\"red\">www.facebook.com\/aconteceunovale<\/font><\/a> ou no box abaixo:<\/p>\n<div class=\"fb-like\" data-href=\"https:\/\/www.facebook.com\/aconteceunovale\" data-width=\"120\" data-layout=\"standard\" data-action=\"like\" data-size=\"small\" data-show-faces=\"true\" data-share=\"true\"><\/div>\n<p><\/br><\/p>\n<p><em>(Fonte: Codevasf)<\/em><\/p>\n","protected":false},"excerpt":{"rendered":"<p>A atividade de corte e costura tem se mostrado uma nova alternativa de renda para comunidades rurais do Norte de Minas. Com o apoio da Companhia de Desenvolvimento dos Vales do S\u00e3o Francisco e do Parna\u00edba (Codevasf), fam\u00edlias de mais de 30 munic\u00edpios mineiros v\u00eam sendo estruturadas com kits contendo materiais como m\u00e1quinas de costura, [&hellip;]<\/p>\n","protected":false},"author":1,"featured_media":115138,"comment_status":"open","ping_status":"closed","sticky":false,"template":"","format":"standard","meta":{"amp_status":"","footnotes":""},"categories":[1236],"tags":[149368,149366,645,31697,22496,22495,1657,1801,149367,197,199,1705,1058,205,2941,1658,1785,1648,1665,210,214,20686,149370,964,1655,62282,149369,61913],"class_list":["post-115137","post","type-post","status-publish","format-standard","has-post-thumbnail","hentry","category-norte_de_minas","tag-alex-demier","tag-atividade-de-corte-e-costura-tem-se-mostrado-uma-nova-alternativa-de-renda-para-comunidades-rurais-do-norte-de-minas","tag-bocaiuva","tag-carmo-da-mata","tag-codevasf","tag-companhia-de-desenvolvimento-dos-vales-do-sao-francisco-e-do-parnaiba","tag-conceicao-do-para","tag-coracao-de-jesus","tag-corte-e-costura-no-norte-de-minas","tag-curvelo","tag-divinopolis","tag-itacarambi","tag-jaiba","tag-januaria","tag-lassance","tag-leandro-ferreira","tag-luz","tag-medeiros","tag-moema","tag-montes-claros","tag-patos-de-minas","tag-pitangui","tag-projetos-de-corte-e-costura-beneficiam-comunidades-no-norte-de-minas","tag-santo-antonio-do-monte","tag-sao-goncalo-do-para","tag-senar","tag-vanete-fernandes-coordena-um-projeto-de-corte-e-costura-em-bocaiuva","tag-vargem-bonita"],"_links":{"self":[{"href":"https:\/\/aconteceunovale.com.br\/portal\/index.php?rest_route=\/wp\/v2\/posts\/115137","targetHints":{"allow":["GET"]}}],"collection":[{"href":"https:\/\/aconteceunovale.com.br\/portal\/index.php?rest_route=\/wp\/v2\/posts"}],"about":[{"href":"https:\/\/aconteceunovale.com.br\/portal\/index.php?rest_route=\/wp\/v2\/types\/post"}],"author":[{"embeddable":true,"href":"https:\/\/aconteceunovale.com.br\/portal\/index.php?rest_route=\/wp\/v2\/users\/1"}],"replies":[{"embeddable":true,"href":"https:\/\/aconteceunovale.com.br\/portal\/index.php?rest_route=%2Fwp%2Fv2%2Fcomments&post=115137"}],"version-history":[{"count":0,"href":"https:\/\/aconteceunovale.com.br\/portal\/index.php?rest_route=\/wp\/v2\/posts\/115137\/revisions"}],"wp:featuredmedia":[{"embeddable":true,"href":"https:\/\/aconteceunovale.com.br\/portal\/index.php?rest_route=\/wp\/v2\/media\/115138"}],"wp:attachment":[{"href":"https:\/\/aconteceunovale.com.br\/portal\/index.php?rest_route=%2Fwp%2Fv2%2Fmedia&parent=115137"}],"wp:term":[{"taxonomy":"category","embeddable":true,"href":"https:\/\/aconteceunovale.com.br\/portal\/index.php?rest_route=%2Fwp%2Fv2%2Fcategories&post=115137"},{"taxonomy":"post_tag","embeddable":true,"href":"https:\/\/aconteceunovale.com.br\/portal\/index.php?rest_route=%2Fwp%2Fv2%2Ftags&post=115137"}],"curies":[{"name":"wp","href":"https:\/\/api.w.org\/{rel}","templated":true}]}}