{"id":115129,"date":"2017-05-17T11:10:14","date_gmt":"2017-05-17T13:10:14","guid":{"rendered":"http:\/\/aconteceunovale.com.br\/portal\/?p=115129"},"modified":"2017-05-17T11:12:27","modified_gmt":"2017-05-17T13:12:27","slug":"montes-claros-recebe-norte-music-festival-com-nando-reis-e-paralamas-do-sucesso","status":"publish","type":"post","link":"https:\/\/aconteceunovale.com.br\/portal\/?p=115129","title":{"rendered":"Montes Claros recebe Norte Music Festival com Nando Reis e Paralamas do Sucesso"},"content":{"rendered":"<p>Entre os dias 19 e 20 de maio, Montes Claros recebe o Norte Music Festival (NMF) no Parque de Exposi\u00e7\u00f5es Jo\u00e3o Alencar Athayde. E nesta primeira edi\u00e7\u00e3o, os organizadores trazem para o p\u00fablico apaixonado por boa m\u00fasica duas grandes atra\u00e7\u00f5es da MPB e do Rock nacional.<\/p>\n<p>No dia 19, se apresenta o m\u00fasico e compositor Nando Reis com a turn\u00ea \u201cJardim-Pomar\u201d. J\u00e1 no dia 20, se apresentam os Paralamas do Sucesso que far\u00e3o releitura de grandes cl\u00e1ssicos que marcaram gera\u00e7\u00f5es.<\/p>\n<p>A organiza\u00e7\u00e3o explica que as vendas j\u00e1 est\u00e3o no segundo lote e devem virar para o terceiro at\u00e9 o final de semana. Os pontos de vendas s\u00e3o: BR Mania; Restaurante Octoo; Don Barbone, Black and Folk no centro, e a Loja Oficial do evento, dentro do Montes Claros Shopping (entre a San Jorge Jeans e a Carmen Steffens). A abertura dos dois shows ser\u00e1 feita pela Banda Rep\u00fablica Casa Nova.<\/p>\n<p>Marcelo Sousa, um dos organizadores explica que Montes Claros tem espa\u00e7o para outras atra\u00e7\u00f5es al\u00e9m do sertanejo e do ax\u00e9. \u201cA cidade tem p\u00fablico para todos os gostos, inclusive para a MPB e o Rock Nacional. \u00c9 vis\u00edvel que em Montes Claros o ax\u00e9 e o sertanejo, principalmente o universit\u00e1rio, tem grade p\u00fablico. Mas, tamb\u00e9m tem o p\u00fablico que curte MPB, Rock, entre outros ritmos. O que estamos propondo \u00e9 trazer o diferente, j\u00e1 que existe espa\u00e7o para todos os segmentos da m\u00fasica\u201d, destacou.<\/p>\n<p>Os estudantes dever\u00e3o apresentar a carteirinha para comprovar o v\u00ednculo escolar e fazer valer o direito a meia-entrada. Professores e idosos tamb\u00e9m ter\u00e3o direito a meia-entrada. E deficientes com a carteirinha da ADEMOC tamb\u00e9m ter\u00e3o seu direito garantido. <\/p>\n<p><a href=\"https:\/\/www.facebook.com\/Norte-Music-Festival-774910339339436\/\" target=\"_blank\">Mais informa\u00e7\u00f5es na p\u00e1gina do evento &#8211; https:\/\/www.facebook.com\/Norte-Music-Festival-774910339339436\/<\/a>.<\/p>\n<h3>Segundo lote<\/h3>\n<p><em>UM DIA DE EVENTO<\/em><br \/>\n&#8211; Pista inteira: 60,00<br \/>\n&#8211; Meia: 30,00<br \/>\n&#8211; \u00c1rea vip: 70,00<br \/>\n&#8211; \u00c1rea universit\u00e1ria: 100,00 \/ Open bar<br \/>\n&#8211; Camarote: 180,00 \/ Open bar e food      <\/p>\n<p><em>PARA DOIS DIAS DE EVENTO<\/em><br \/>\n&#8211; Pista inteira: 110,00<br \/>\n&#8211; Meia: 55,00<br \/>\n&#8211; \u00c1rea vip: 130,00<br \/>\n&#8211; \u00c1rea universit\u00e1ria: 190,00<br \/>\n&#8211; Camarote: 290,00<\/p>\n<p><strong>VER PRIMEIRO<\/strong><\/p>\n<p>Receba as not\u00edcias do Aconteceu no Vale em primeira m\u00e3o. Clique em curtir no endere\u00e7o <a href=\"https:\/\/www.facebook.com\/aconteceunovale\" target=\"_blank\"><font color=\"red\">www.facebook.com\/aconteceunovale<\/font><\/a> ou no box abaixo:<\/p>\n<div class=\"fb-like\" data-href=\"https:\/\/www.facebook.com\/aconteceunovale\" data-width=\"120\" data-layout=\"standard\" data-action=\"like\" data-size=\"small\" data-show-faces=\"true\" data-share=\"true\"><\/div>\n<p><\/br><\/p>\n<p><em>(Por Wesley Gon\u00e7alves)<\/em><\/p>\n","protected":false},"excerpt":{"rendered":"<p>Entre os dias 19 e 20 de maio, Montes Claros recebe o Norte Music Festival (NMF) no Parque de Exposi\u00e7\u00f5es Jo\u00e3o Alencar Athayde. E nesta primeira edi\u00e7\u00e3o, os organizadores trazem para o p\u00fablico apaixonado por boa m\u00fasica duas grandes atra\u00e7\u00f5es da MPB e do Rock nacional. No dia 19, se apresenta o m\u00fasico e compositor [&hellip;]<\/p>\n","protected":false},"author":1,"featured_media":115130,"comment_status":"open","ping_status":"closed","sticky":false,"template":"","format":"standard","meta":{"amp_status":"","footnotes":""},"categories":[125,1236],"tags":[149349,149348,149347,149350,149343,149342,149352,149353,149351,149344,149345,149354,149355,10925,149346],"class_list":["post-115129","post","type-post","status-publish","format-standard","has-post-thumbnail","hentry","category-noticias","category-norte_de_minas","tag-agenda-norte-music-festival","tag-atracoes-norte-music-festival","tag-bandas-norte-music-festival","tag-datas-norte-music-festival","tag-montes-claros-recebe-norte-music-festival","tag-montes-claros-recebe-norte-music-festival-com-nando-reis-e-paralamas-do-sucesso","tag-nando-reis","tag-nando-reis-em-montes-claros","tag-nmf","tag-norte-music-festival","tag-norte-music-festival-em-montes-claros","tag-paralamas-do-sucesso","tag-paralamas-do-sucesso-em-montes-claros","tag-parque-de-exposicoes-joao-alencar-athayde","tag-shows-norte-music-festival"],"_links":{"self":[{"href":"https:\/\/aconteceunovale.com.br\/portal\/index.php?rest_route=\/wp\/v2\/posts\/115129","targetHints":{"allow":["GET"]}}],"collection":[{"href":"https:\/\/aconteceunovale.com.br\/portal\/index.php?rest_route=\/wp\/v2\/posts"}],"about":[{"href":"https:\/\/aconteceunovale.com.br\/portal\/index.php?rest_route=\/wp\/v2\/types\/post"}],"author":[{"embeddable":true,"href":"https:\/\/aconteceunovale.com.br\/portal\/index.php?rest_route=\/wp\/v2\/users\/1"}],"replies":[{"embeddable":true,"href":"https:\/\/aconteceunovale.com.br\/portal\/index.php?rest_route=%2Fwp%2Fv2%2Fcomments&post=115129"}],"version-history":[{"count":0,"href":"https:\/\/aconteceunovale.com.br\/portal\/index.php?rest_route=\/wp\/v2\/posts\/115129\/revisions"}],"wp:featuredmedia":[{"embeddable":true,"href":"https:\/\/aconteceunovale.com.br\/portal\/index.php?rest_route=\/wp\/v2\/media\/115130"}],"wp:attachment":[{"href":"https:\/\/aconteceunovale.com.br\/portal\/index.php?rest_route=%2Fwp%2Fv2%2Fmedia&parent=115129"}],"wp:term":[{"taxonomy":"category","embeddable":true,"href":"https:\/\/aconteceunovale.com.br\/portal\/index.php?rest_route=%2Fwp%2Fv2%2Fcategories&post=115129"},{"taxonomy":"post_tag","embeddable":true,"href":"https:\/\/aconteceunovale.com.br\/portal\/index.php?rest_route=%2Fwp%2Fv2%2Ftags&post=115129"}],"curies":[{"name":"wp","href":"https:\/\/api.w.org\/{rel}","templated":true}]}}