{"id":115115,"date":"2017-05-17T00:37:55","date_gmt":"2017-05-17T02:37:55","guid":{"rendered":"http:\/\/aconteceunovale.com.br\/portal\/?p=115115"},"modified":"2017-05-17T00:40:54","modified_gmt":"2017-05-17T02:40:54","slug":"funeraria-procura-familiares-de-andarilho-que-morreu-em-hospital-de-montes-claros","status":"publish","type":"post","link":"https:\/\/aconteceunovale.com.br\/portal\/?p=115115","title":{"rendered":"Funer\u00e1ria procura familiares de homem que morreu em hospital de Montes Claros, no Norte de Minas"},"content":{"rendered":"<p>Funcion\u00e1rios de uma funer\u00e1ria em Montes Claros, no Norte de Minas, procuram por familiares de um homem de 64 anos que morreu no domingo (14\/05\/2017). Paulo C\u00e9sar da Silva Santos Costa, natural do Rio de Janeiro, era andarilho e chegou \u00e0 cidade no dia 6 deste m\u00eas, conforme anota\u00e7\u00f5es em um di\u00e1rio de bordo que ele carregava. No dia 8, Paulo foi internado por causa de uma pneumonia e n\u00e3o resistiu.<\/p>\n<p>O que chamou a aten\u00e7\u00e3o dos funcion\u00e1rios foi a organiza\u00e7\u00e3o dos bens que o andarilho carregava. \u201cEle tem uma hist\u00f3ria. S\u00f3 de olhar as anota\u00e7\u00f5es dele d\u00e1 para perceber que tem uma fam\u00edlia. Ent\u00e3o n\u00e3o d\u00e1 para ser enterrado como indigente\u201d, explica o diretor da funer\u00e1ria, Luciano Santana de Souza.<\/p>\n<p>Entre os materiais de Paulo C\u00e9sar, a funer\u00e1ria encontrou extratos banc\u00e1rios com valores de at\u00e9 R$ 80 mil, declara\u00e7\u00e3o de imposto de renda, passaporte, t\u00edtulo de eleitor e mapas com anota\u00e7\u00f5es de itiner\u00e1rios por onde j\u00e1 havia passado. \u201cEst\u00e1 tudo muito organizado. Conseguimos telefone de alguns conhecidos dele que confirmaram as anota\u00e7\u00f5es, inclusive de viagens internacionais, mas eles tamb\u00e9m n\u00e3o souberam informar contatos de algum familiar do Paulo C\u00e9sar\u201d, diz Souza.<\/p>\n<p><img decoding=\"async\" src=\"http:\/\/aconteceunovale.com.br\/portal\/wp-content\/uploads\/2017\/05\/andarilho_moc.jpg\" alt=\"\" \/><em>Paulo estava com pendrives com v\u00e1rias fotografias (Foto: Arquivo pessoal)<\/em><br \/>\n<\/br><\/p>\n<p>O empres\u00e1rio Paulo Jos\u00e9 Ceregato dos Santos, que mora em Prudent\u00f3polis (PR), disse ao G1 que Paulo C\u00e9sar uma pessoa bastante organizada e honesta. \u201cConhe\u00e7o o Paulo h\u00e1 15 anos. Ele sempre foi um cara do bem. Tinha uma bicicleta cargueira que ele rodava por todos os lugares do pa\u00eds e at\u00e9 fora dele. Um cara bastante organizado e honesto, mas n\u00e3o sabemos de nenhum parente dele, apesar de falar com muito orgulho do av\u00f4\u201d.<\/p>\n<p>O empres\u00e1rio contou ainda que o Paulo sempre tinha orgulho ao falar que participou de dois filmes. \u201cEle contava ter participado dos filmes e em um deles era chefe de uma gangue de motoqueiros\u201d.<\/p>\n<p>Entre os materiais que o andarilho carregava, estava alguns pendrives com arquivos de fotografias, m\u00fasicas; uma arte com a capa do filme \u201cO Guru das Sete Cidades\u201d, e reprodu\u00e7\u00f5es dos cr\u00e9ditos deste filme onde aparecia o nome dele.<\/p>\n<p><strong>Fragilidade<\/strong><\/p>\n<p>No di\u00e1rio de bordo, algumas anota\u00e7\u00f5es chamam a aten\u00e7\u00e3o. O andarilho diz ser devoto de Santa B\u00e1rbara e em algumas p\u00e1ginas faz preces, em outras queixa de dores, fome e da falta de dinheiro. \u201cSuper fraco. Meu cora\u00e7\u00e3o super batendo e eu sem for\u00e7as para nada; quase morto, ainda com f\u00e9\u201d [sic], disse Paulo na \u00faltima anota\u00e7\u00e3o do di\u00e1rio, feita no dia 7 deste m\u00eas.<\/p>\n<p><strong>Contato<\/strong><\/p>\n<p>Quem souber de alguma informa\u00e7\u00e3o que leve ao paradeiro dos familiares de Paulo C\u00e9sar da Silva Santos Costa pode entrar em contato pelo telefone (38) 3221-2234.<\/p>\n<p><strong>VER PRIMEIRO<\/strong><\/p>\n<p>Receba as not\u00edcias do Aconteceu no Vale em primeira m\u00e3o. Clique em curtir no endere\u00e7o <a href=\"https:\/\/www.facebook.com\/aconteceunovale\" target=\"_blank\"><font color=\"red\">www.facebook.com\/aconteceunovale<\/font><\/a> ou no box abaixo:<\/p>\n<div class=\"fb-like\" data-href=\"https:\/\/www.facebook.com\/aconteceunovale\" data-width=\"120\" data-layout=\"standard\" data-action=\"like\" data-size=\"small\" data-show-faces=\"true\" data-share=\"true\"><\/div>\n<p><\/br><\/p>\n<p><em>(Fonte: G1 Grande Minas \/ Reportagem: Valdivan Veloso)<\/em><\/p>\n","protected":false},"excerpt":{"rendered":"<p>Funcion\u00e1rios de uma funer\u00e1ria em Montes Claros, no Norte de Minas, procuram por familiares de um homem de 64 anos que morreu no domingo (14\/05\/2017). Paulo C\u00e9sar da Silva Santos Costa, natural do Rio de Janeiro, era andarilho e chegou \u00e0 cidade no dia 6 deste m\u00eas, conforme anota\u00e7\u00f5es em um di\u00e1rio de bordo que [&hellip;]<\/p>\n","protected":false},"author":1,"featured_media":115116,"comment_status":"open","ping_status":"closed","sticky":false,"template":"","format":"standard","meta":{"amp_status":"","footnotes":""},"categories":[6,1236],"tags":[149331,149335,149333,210,149330,33228,149332,149334,125850,1104],"class_list":["post-115115","post","type-post","status-publish","format-standard","has-post-thumbnail","hentry","category-br","category-norte_de_minas","tag-andarilho-morto-em-montes-claros","tag-funeraria-procura-familiares-de-homem-que-morreu-em-hospital-de-montes-claros","tag-luciano-santana-de-souza","tag-montes-claros","tag-morte-de-andarilho-em-montes-claros","tag-no-norte-de-minas","tag-paulo-cesar-da-silva-santos-costa","tag-paulo-jose-ceregato-dos-santos","tag-prudentopolis","tag-rio-de-janeiro"],"_links":{"self":[{"href":"https:\/\/aconteceunovale.com.br\/portal\/index.php?rest_route=\/wp\/v2\/posts\/115115","targetHints":{"allow":["GET"]}}],"collection":[{"href":"https:\/\/aconteceunovale.com.br\/portal\/index.php?rest_route=\/wp\/v2\/posts"}],"about":[{"href":"https:\/\/aconteceunovale.com.br\/portal\/index.php?rest_route=\/wp\/v2\/types\/post"}],"author":[{"embeddable":true,"href":"https:\/\/aconteceunovale.com.br\/portal\/index.php?rest_route=\/wp\/v2\/users\/1"}],"replies":[{"embeddable":true,"href":"https:\/\/aconteceunovale.com.br\/portal\/index.php?rest_route=%2Fwp%2Fv2%2Fcomments&post=115115"}],"version-history":[{"count":0,"href":"https:\/\/aconteceunovale.com.br\/portal\/index.php?rest_route=\/wp\/v2\/posts\/115115\/revisions"}],"wp:featuredmedia":[{"embeddable":true,"href":"https:\/\/aconteceunovale.com.br\/portal\/index.php?rest_route=\/wp\/v2\/media\/115116"}],"wp:attachment":[{"href":"https:\/\/aconteceunovale.com.br\/portal\/index.php?rest_route=%2Fwp%2Fv2%2Fmedia&parent=115115"}],"wp:term":[{"taxonomy":"category","embeddable":true,"href":"https:\/\/aconteceunovale.com.br\/portal\/index.php?rest_route=%2Fwp%2Fv2%2Fcategories&post=115115"},{"taxonomy":"post_tag","embeddable":true,"href":"https:\/\/aconteceunovale.com.br\/portal\/index.php?rest_route=%2Fwp%2Fv2%2Ftags&post=115115"}],"curies":[{"name":"wp","href":"https:\/\/api.w.org\/{rel}","templated":true}]}}