{"id":115109,"date":"2017-05-17T00:09:34","date_gmt":"2017-05-17T02:09:34","guid":{"rendered":"http:\/\/aconteceunovale.com.br\/portal\/?p=115109"},"modified":"2017-05-17T00:09:34","modified_gmt":"2017-05-17T02:09:34","slug":"carro-cai-em-ribanceira-e-pega-fogo-em-teofilo-otoni","status":"publish","type":"post","link":"https:\/\/aconteceunovale.com.br\/portal\/?p=115109","title":{"rendered":"Carro cai em ribanceira e pega fogo em Te\u00f3filo Otoni"},"content":{"rendered":"<p>Uma mulher de 43 anos ficou ferida na BR-116, na manh\u00e3 desta ter\u00e7a-feira (16\/05\/2017), em Te\u00f3filo Otoni. Segundo a Pol\u00edcia Rodovi\u00e1ria Federal (PRF), a v\u00edtima seguia pela via quando outro carro, na pista contr\u00e1ria, invadiu a contram\u00e3o. Para n\u00e3o bater no ve\u00edculo, a motorista freou e tentou desviar, saindo da pista.<\/p>\n<p>Ainda de acordo com a PRF, o carro dela ainda capotou e caiu em uma ribanceira de aproximadamente 10 metros. Apesar da queda, ela teve apenas ferimentos leves e voltou para a pista, onde conseguiu carona at\u00e9 um hospital da cidade.<\/p>\n<p>Pouco depois do acidente, o ve\u00edculo se incendiou. O motorista que invadiu a contram\u00e3o e provocou o acidente n\u00e3o parou para prestar socorro e n\u00e3o foi identificado. Como o carro saiu da pista, o tr\u00e2nsito no local n\u00e3o sofreu altera\u00e7\u00f5es.<\/p>\n<p><img decoding=\"async\" src=\"http:\/\/aconteceunovale.com.br\/portal\/wp-content\/uploads\/2017\/05\/acidente_incendio_teo.jpeg\" alt=\"\" \/><em>Carro pegou fogo ap\u00f3s o acidente (Foto: Pol\u00edcia Rodovi\u00e1ria Federal\/Divulga\u00e7\u00e3o)<\/em><br \/>\n<\/br><\/p>\n<p><strong>VER PRIMEIRO<\/strong><\/p>\n<p>Receba as not\u00edcias do Aconteceu no Vale em primeira m\u00e3o. Clique em curtir no endere\u00e7o <a href=\"https:\/\/www.facebook.com\/aconteceunovale\" target=\"_blank\"><font color=\"red\">www.facebook.com\/aconteceunovale<\/font><\/a> ou no box abaixo:<\/p>\n<div class=\"fb-like\" data-href=\"https:\/\/www.facebook.com\/aconteceunovale\" data-width=\"120\" data-layout=\"standard\" data-action=\"like\" data-size=\"small\" data-show-faces=\"true\" data-share=\"true\"><\/div>\n<p><\/br><\/p>\n<p><em>(Fonte: G1 Vales)<\/em><\/p>\n","protected":false},"excerpt":{"rendered":"<p>Uma mulher de 43 anos ficou ferida na BR-116, na manh\u00e3 desta ter\u00e7a-feira (16\/05\/2017), em Te\u00f3filo Otoni. Segundo a Pol\u00edcia Rodovi\u00e1ria Federal (PRF), a v\u00edtima seguia pela via quando outro carro, na pista contr\u00e1ria, invadiu a contram\u00e3o. Para n\u00e3o bater no ve\u00edculo, a motorista freou e tentou desviar, saindo da pista. Ainda de acordo com [&hellip;]<\/p>\n","protected":false},"author":1,"featured_media":115110,"comment_status":"open","ping_status":"closed","sticky":false,"template":"","format":"standard","meta":{"amp_status":"","footnotes":""},"categories":[122],"tags":[13880,31846,3945,149324,149325,164],"class_list":["post-115109","post","type-post","status-publish","format-standard","has-post-thumbnail","hentry","category-mucuri","tag-acidente-em-teofilo-otoni","tag-acidente-na-br-116-em-teofilo-otoni","tag-acidente-na-br-116","tag-capotamento-de-carro-em-teofilo-otoni","tag-carro-cai-em-ribanceira-e-pega-fogo-em-teofilo-otoni","tag-teofilo-otoni"],"_links":{"self":[{"href":"https:\/\/aconteceunovale.com.br\/portal\/index.php?rest_route=\/wp\/v2\/posts\/115109","targetHints":{"allow":["GET"]}}],"collection":[{"href":"https:\/\/aconteceunovale.com.br\/portal\/index.php?rest_route=\/wp\/v2\/posts"}],"about":[{"href":"https:\/\/aconteceunovale.com.br\/portal\/index.php?rest_route=\/wp\/v2\/types\/post"}],"author":[{"embeddable":true,"href":"https:\/\/aconteceunovale.com.br\/portal\/index.php?rest_route=\/wp\/v2\/users\/1"}],"replies":[{"embeddable":true,"href":"https:\/\/aconteceunovale.com.br\/portal\/index.php?rest_route=%2Fwp%2Fv2%2Fcomments&post=115109"}],"version-history":[{"count":0,"href":"https:\/\/aconteceunovale.com.br\/portal\/index.php?rest_route=\/wp\/v2\/posts\/115109\/revisions"}],"wp:featuredmedia":[{"embeddable":true,"href":"https:\/\/aconteceunovale.com.br\/portal\/index.php?rest_route=\/wp\/v2\/media\/115110"}],"wp:attachment":[{"href":"https:\/\/aconteceunovale.com.br\/portal\/index.php?rest_route=%2Fwp%2Fv2%2Fmedia&parent=115109"}],"wp:term":[{"taxonomy":"category","embeddable":true,"href":"https:\/\/aconteceunovale.com.br\/portal\/index.php?rest_route=%2Fwp%2Fv2%2Fcategories&post=115109"},{"taxonomy":"post_tag","embeddable":true,"href":"https:\/\/aconteceunovale.com.br\/portal\/index.php?rest_route=%2Fwp%2Fv2%2Ftags&post=115109"}],"curies":[{"name":"wp","href":"https:\/\/api.w.org\/{rel}","templated":true}]}}