{"id":115105,"date":"2017-05-16T23:50:06","date_gmt":"2017-05-17T01:50:06","guid":{"rendered":"http:\/\/aconteceunovale.com.br\/portal\/?p=115105"},"modified":"2017-05-16T23:50:06","modified_gmt":"2017-05-17T01:50:06","slug":"homem-e-assassinado-dentro-de-bar-no-municipio-de-brasilia-de-minas","status":"publish","type":"post","link":"https:\/\/aconteceunovale.com.br\/portal\/?p=115105","title":{"rendered":"Homem \u00e9 assassinado dentro de bar no munic\u00edpio de Bras\u00edlia de Minas"},"content":{"rendered":"<p>Um homem de 56 anos foi morto dentro de um bar no Povoado de S\u00e3o Jos\u00e9 de Cima, em Bras\u00edlia de Minas, na noite dessa segunda-feira (15\/05\/2017). Para a Pol\u00edcia Militar, testemunhas disseram que o suspeito chegou ao com\u00e9rcio armado e, ap\u00f3s uma discuss\u00e3o, atirou em dire\u00e7\u00e3o \u00e0 v\u00edtima. <\/p>\n<p>Segundo a PM, o criminoso ainda deu v\u00e1rias coronhadas na cabe\u00e7a da v\u00edtima. A per\u00edcia esteve no local e constatou esmagamento de cr\u00e2nio.<\/p>\n<p>Depois do crime, de motiva\u00e7\u00e3o desconhecida, o homem fugiu e ainda n\u00e3o foi preso. Ainda segundo a pol\u00edcia, ele j\u00e1 foi identificado e tem 25 anos. <\/p>\n<p>A pol\u00edcia apreendeu a espingarda utilizada no assassinato ao lado do corpo da v\u00edtima. A arma estava quebrada em tr\u00eas partes.<\/p>\n<p><strong>VER PRIMEIRO<\/strong><\/p>\n<p>Receba as not\u00edcias do Aconteceu no Vale em primeira m\u00e3o. Clique em curtir no endere\u00e7o <a href=\"https:\/\/www.facebook.com\/aconteceunovale\" target=\"_blank\"><font color=\"red\">www.facebook.com\/aconteceunovale<\/font><\/a> ou no box abaixo:<\/p>\n<div class=\"fb-like\" data-href=\"https:\/\/www.facebook.com\/aconteceunovale\" data-width=\"120\" data-layout=\"standard\" data-action=\"like\" data-size=\"small\" data-show-faces=\"true\" data-share=\"true\"><\/div>\n<p><\/br><\/p>\n<p><em>(Fonte: G1 Grande Minas)<\/em><\/p>\n","protected":false},"excerpt":{"rendered":"<p>Um homem de 56 anos foi morto dentro de um bar no Povoado de S\u00e3o Jos\u00e9 de Cima, em Bras\u00edlia de Minas, na noite dessa segunda-feira (15\/05\/2017). Para a Pol\u00edcia Militar, testemunhas disseram que o suspeito chegou ao com\u00e9rcio armado e, ap\u00f3s uma discuss\u00e3o, atirou em dire\u00e7\u00e3o \u00e0 v\u00edtima. Segundo a PM, o criminoso ainda [&hellip;]<\/p>\n","protected":false},"author":1,"featured_media":71442,"comment_status":"open","ping_status":"closed","sticky":false,"template":"","format":"standard","meta":{"amp_status":"","footnotes":""},"categories":[1236],"tags":[38825,195,149319,38826,38827,38828],"class_list":["post-115105","post","type-post","status-publish","format-standard","has-post-thumbnail","hentry","category-norte_de_minas","tag-assassinato-em-brasilia-de-minas","tag-brasilia-de-minas","tag-homem-e-assassinado-dentro-de-bar-no-municipio-de-brasilia-de-minas","tag-homicidio-em-brasilia-de-minas","tag-morte-em-brasilia-de-minas","tag-morto-em-brasilia-de-minas"],"_links":{"self":[{"href":"https:\/\/aconteceunovale.com.br\/portal\/index.php?rest_route=\/wp\/v2\/posts\/115105","targetHints":{"allow":["GET"]}}],"collection":[{"href":"https:\/\/aconteceunovale.com.br\/portal\/index.php?rest_route=\/wp\/v2\/posts"}],"about":[{"href":"https:\/\/aconteceunovale.com.br\/portal\/index.php?rest_route=\/wp\/v2\/types\/post"}],"author":[{"embeddable":true,"href":"https:\/\/aconteceunovale.com.br\/portal\/index.php?rest_route=\/wp\/v2\/users\/1"}],"replies":[{"embeddable":true,"href":"https:\/\/aconteceunovale.com.br\/portal\/index.php?rest_route=%2Fwp%2Fv2%2Fcomments&post=115105"}],"version-history":[{"count":0,"href":"https:\/\/aconteceunovale.com.br\/portal\/index.php?rest_route=\/wp\/v2\/posts\/115105\/revisions"}],"wp:featuredmedia":[{"embeddable":true,"href":"https:\/\/aconteceunovale.com.br\/portal\/index.php?rest_route=\/wp\/v2\/media\/71442"}],"wp:attachment":[{"href":"https:\/\/aconteceunovale.com.br\/portal\/index.php?rest_route=%2Fwp%2Fv2%2Fmedia&parent=115105"}],"wp:term":[{"taxonomy":"category","embeddable":true,"href":"https:\/\/aconteceunovale.com.br\/portal\/index.php?rest_route=%2Fwp%2Fv2%2Fcategories&post=115105"},{"taxonomy":"post_tag","embeddable":true,"href":"https:\/\/aconteceunovale.com.br\/portal\/index.php?rest_route=%2Fwp%2Fv2%2Ftags&post=115105"}],"curies":[{"name":"wp","href":"https:\/\/api.w.org\/{rel}","templated":true}]}}