{"id":115098,"date":"2017-05-16T23:27:02","date_gmt":"2017-05-17T01:27:02","guid":{"rendered":"http:\/\/aconteceunovale.com.br\/portal\/?p=115098"},"modified":"2017-05-16T23:27:02","modified_gmt":"2017-05-17T01:27:02","slug":"mae-e-filha-ficam-feridas-apos-carro-colidir-contra-poste-em-montes-claros","status":"publish","type":"post","link":"https:\/\/aconteceunovale.com.br\/portal\/?p=115098","title":{"rendered":"M\u00e3e e filha ficam feridas ap\u00f3s carro colidir contra poste em Montes Claros"},"content":{"rendered":"<p>M\u00e3e e filha ficaram feridas em um acidente nesta ter\u00e7a-feira (16\/05\/2017) em Montes Claros, no Norte de Minas. As v\u00edtimas estavam em um carro que seguia pela Avenida Governador Magalh\u00e3es Pinto no sentido Bairro\/Centro, quando o motorista perdeu o controle da dire\u00e7\u00e3o e bateu em um poste.<\/p>\n<p>A Pol\u00edcia Militar afirma que o condutor perdeu o controle da dire\u00e7\u00e3o quando tentou fazer uma ultrapassagem. Desgovernado, o carro s\u00f3 parou ap\u00f3s bater no poste de energia el\u00e9trica. M\u00e3e e filha foram socorridas e encaminhadas ao hospital Santa Casa, onde permanecem em observa\u00e7\u00e3o. O motorista n\u00e3o se feriu.<\/p>\n<p>O acidente provocou um engarrafamento na avenida, que fica pr\u00f3xima a um trevo que d\u00e1 acesso a v\u00e1rios bairros da cidade. At\u00e9 o final da tarde desta ter\u00e7a o ve\u00edculo ainda permanecia no local, segundo a PM.<\/p>\n<p><img decoding=\"async\" src=\"http:\/\/aconteceunovale.com.br\/portal\/wp-content\/uploads\/2017\/05\/acidente_moc_maeefilha.jpg\" alt=\"\" \/><em>Ve\u00edculo bateu ap\u00f3s tentar fazer uma ultrapassagem (Foto: Juliana Peixoto\/G1)<\/em><br \/>\n<\/br><\/p>\n<p><strong>VER PRIMEIRO<\/strong><\/p>\n<p>Receba as not\u00edcias do Aconteceu no Vale em primeira m\u00e3o. Clique em curtir no endere\u00e7o <a href=\"https:\/\/www.facebook.com\/aconteceunovale\" target=\"_blank\"><font color=\"red\">www.facebook.com\/aconteceunovale<\/font><\/a> ou no box abaixo:<\/p>\n<div class=\"fb-like\" data-href=\"https:\/\/www.facebook.com\/aconteceunovale\" data-width=\"120\" data-layout=\"standard\" data-action=\"like\" data-size=\"small\" data-show-faces=\"true\" data-share=\"true\"><\/div>\n<p><\/br><\/p>\n<p><em>(Fonte: G1 Grande Minas)<\/em><\/p>\n","protected":false},"excerpt":{"rendered":"<p>M\u00e3e e filha ficaram feridas em um acidente nesta ter\u00e7a-feira (16\/05\/2017) em Montes Claros, no Norte de Minas. As v\u00edtimas estavam em um carro que seguia pela Avenida Governador Magalh\u00e3es Pinto no sentido Bairro\/Centro, quando o motorista perdeu o controle da dire\u00e7\u00e3o e bateu em um poste. A Pol\u00edcia Militar afirma que o condutor perdeu [&hellip;]<\/p>\n","protected":false},"author":1,"featured_media":115099,"comment_status":"open","ping_status":"closed","sticky":false,"template":"","format":"standard","meta":{"amp_status":"","footnotes":""},"categories":[1236],"tags":[149314,149315,16673,106659,149313,210],"class_list":["post-115098","post","type-post","status-publish","format-standard","has-post-thumbnail","hentry","category-norte_de_minas","tag-acidente-com-carro-em-montes-claros","tag-acidente-com-poste-em-montes-claros","tag-acidente-em-montes-claros","tag-colisao-contra-poste-em-montes-claros","tag-mae-e-filha-ficam-feridas-apos-carro-colidir-contra-poste-em-montes-claros","tag-montes-claros"],"_links":{"self":[{"href":"https:\/\/aconteceunovale.com.br\/portal\/index.php?rest_route=\/wp\/v2\/posts\/115098","targetHints":{"allow":["GET"]}}],"collection":[{"href":"https:\/\/aconteceunovale.com.br\/portal\/index.php?rest_route=\/wp\/v2\/posts"}],"about":[{"href":"https:\/\/aconteceunovale.com.br\/portal\/index.php?rest_route=\/wp\/v2\/types\/post"}],"author":[{"embeddable":true,"href":"https:\/\/aconteceunovale.com.br\/portal\/index.php?rest_route=\/wp\/v2\/users\/1"}],"replies":[{"embeddable":true,"href":"https:\/\/aconteceunovale.com.br\/portal\/index.php?rest_route=%2Fwp%2Fv2%2Fcomments&post=115098"}],"version-history":[{"count":0,"href":"https:\/\/aconteceunovale.com.br\/portal\/index.php?rest_route=\/wp\/v2\/posts\/115098\/revisions"}],"wp:featuredmedia":[{"embeddable":true,"href":"https:\/\/aconteceunovale.com.br\/portal\/index.php?rest_route=\/wp\/v2\/media\/115099"}],"wp:attachment":[{"href":"https:\/\/aconteceunovale.com.br\/portal\/index.php?rest_route=%2Fwp%2Fv2%2Fmedia&parent=115098"}],"wp:term":[{"taxonomy":"category","embeddable":true,"href":"https:\/\/aconteceunovale.com.br\/portal\/index.php?rest_route=%2Fwp%2Fv2%2Fcategories&post=115098"},{"taxonomy":"post_tag","embeddable":true,"href":"https:\/\/aconteceunovale.com.br\/portal\/index.php?rest_route=%2Fwp%2Fv2%2Ftags&post=115098"}],"curies":[{"name":"wp","href":"https:\/\/api.w.org\/{rel}","templated":true}]}}