{"id":115094,"date":"2017-05-16T23:13:58","date_gmt":"2017-05-17T01:13:58","guid":{"rendered":"http:\/\/aconteceunovale.com.br\/portal\/?p=115094"},"modified":"2017-05-17T10:53:55","modified_gmt":"2017-05-17T12:53:55","slug":"irma-do-ex-prefeito-de-carbonita-morre-em-grave-acidente-na-mg-329-na-zona-da-mata","status":"publish","type":"post","link":"https:\/\/aconteceunovale.com.br\/portal\/?p=115094","title":{"rendered":"Irm\u00e3 do ex-prefeito de Carbonita morre em grave acidente na MG-329, na Zona da Mata"},"content":{"rendered":"<p>Uma pessoa morreu e tr\u00eas ficaram feridas em um grave acidente na manh\u00e3 desta ter\u00e7a-feira (16\/05), na MG-329, entre Ponte Nova e Rio Casca, na Zona da Mata Mineira. De acordo com a Pol\u00edcia Rodovi\u00e1ria Estadual (PRE), um Vectra, placa HEW-3935\/S\u00e3o Pedro dos Ferros, e um HB 20, placa OWJ-9859\/Montes Claros, colidiram frontalmente na altura do quil\u00f4metro 107 da rodovia.<\/p>\n<p>Com o impacto do acidente, a senhora Mari\u00e2ngela Lemos Ribeiro de Castro, de 62 anos, que estava no banco traseiro do HB 20, n\u00e3o resistiu aos graves ferimentos e morreu no local. O condutor, identificado como Leonardo Morais Bonin, de 31, e outro ocupante do autom\u00f3vel ficaram feridos e foram encaminhados para o Pronto-Socorro de Ponte Nova juntamente com a motorista do Vectra, identificada como Arliana Aparecida C\u00e2ndido de Assis.<\/p>\n<p>A Per\u00edcia T\u00e9cnica da Pol\u00edcia Civil foi acionada e ap\u00f3s os trabalhos de praxe, o corpo de Mari\u00e2ngela Lemos foi encaminhado para o Instituto M\u00e9dico Legal (IML). A v\u00edtima \u00e9 irm\u00e3 de Marcos Lemos, ex-prefeito de Carbonita.<\/p>\n<p><img decoding=\"async\" src=\"http:\/\/aconteceunovale.com.br\/portal\/wp-content\/uploads\/2017\/05\/acidente_rio_casca_1.jpg\" alt=\"\" \/><em>Acidente aconteceu no km 107 da MG-329 (Foto: Reprodu\u00e7\u00e3o\/WhatsApp)<\/em><br \/>\n<\/br><\/p>\n<p><img decoding=\"async\" src=\"http:\/\/aconteceunovale.com.br\/portal\/wp-content\/uploads\/2017\/05\/acidente_rio_casca_2.jpg\" alt=\"\" \/><em>Acidente aconteceu no km 107 da MG-329 (Foto: Reprodu\u00e7\u00e3o\/WhatsApp)<\/em><br \/>\n<\/br><\/p>\n<p>Confira detalhes do acidente na reportagem abaixo:<\/p>\n<p><iframe loading=\"lazy\" width=\"640\" height=\"360\" src=\"https:\/\/www.youtube.com\/embed\/O5SXF0OXejU\" frameborder=\"0\" allowfullscreen><\/iframe><br \/>\n<\/br><\/p>\n<p><strong>VER PRIMEIRO<\/strong><\/p>\n<p>Receba as not\u00edcias do Aconteceu no Vale em primeira m\u00e3o. Clique em curtir no endere\u00e7o <a href=\"https:\/\/www.facebook.com\/aconteceunovale\" target=\"_blank\"><font color=\"red\">www.facebook.com\/aconteceunovale<\/font><\/a> ou no box abaixo:<\/p>\n<div class=\"fb-like\" data-href=\"https:\/\/www.facebook.com\/aconteceunovale\" data-width=\"120\" data-layout=\"standard\" data-action=\"like\" data-size=\"small\" data-show-faces=\"true\" data-share=\"true\"><\/div>\n<p><\/br><\/p>\n<p><em>(Reda\u00e7\u00e3o do Aconteceu no Vale)<\/em><\/p>\n","protected":false},"excerpt":{"rendered":"<p>Uma pessoa morreu e tr\u00eas ficaram feridas em um grave acidente na manh\u00e3 desta ter\u00e7a-feira (16\/05), na MG-329, entre Ponte Nova e Rio Casca, na Zona da Mata Mineira. De acordo com a Pol\u00edcia Rodovi\u00e1ria Estadual (PRE), um Vectra, placa HEW-3935\/S\u00e3o Pedro dos Ferros, e um HB 20, placa OWJ-9859\/Montes Claros, colidiram frontalmente na altura [&hellip;]<\/p>\n","protected":false},"author":1,"featured_media":115095,"comment_status":"open","ping_status":"closed","sticky":false,"template":"","format":"standard","meta":{"amp_status":"","footnotes":""},"categories":[123,120],"tags":[149311,149307,149310,149305,149306,149308,149309,210,149312,1777],"class_list":["post-115094","post","type-post","status-publish","format-standard","has-post-thumbnail","hentry","category-gerais","category-jequi","tag-acidente-com-irma-do-ex-prefeito-de-carbonita","tag-arliana-aparecida-candido-de-assis","tag-ex-prefeito-de-carbonita","tag-irma-do-ex-prefeito-de-carbonita-morre-em-grave-acidente-na-mg-329","tag-irma-do-ex-prefeito-de-carbonita-morre-em-grave-acidente-na-mg-329-em-ponte-nova","tag-leonardo-morais-bonin","tag-mariangela-lemos-ribeiro-de-castro","tag-montes-claros","tag-morte-de-irma-do-ex-prefeito-de-carbonita","tag-sao-pedro-dos-ferros"],"_links":{"self":[{"href":"https:\/\/aconteceunovale.com.br\/portal\/index.php?rest_route=\/wp\/v2\/posts\/115094","targetHints":{"allow":["GET"]}}],"collection":[{"href":"https:\/\/aconteceunovale.com.br\/portal\/index.php?rest_route=\/wp\/v2\/posts"}],"about":[{"href":"https:\/\/aconteceunovale.com.br\/portal\/index.php?rest_route=\/wp\/v2\/types\/post"}],"author":[{"embeddable":true,"href":"https:\/\/aconteceunovale.com.br\/portal\/index.php?rest_route=\/wp\/v2\/users\/1"}],"replies":[{"embeddable":true,"href":"https:\/\/aconteceunovale.com.br\/portal\/index.php?rest_route=%2Fwp%2Fv2%2Fcomments&post=115094"}],"version-history":[{"count":0,"href":"https:\/\/aconteceunovale.com.br\/portal\/index.php?rest_route=\/wp\/v2\/posts\/115094\/revisions"}],"wp:featuredmedia":[{"embeddable":true,"href":"https:\/\/aconteceunovale.com.br\/portal\/index.php?rest_route=\/wp\/v2\/media\/115095"}],"wp:attachment":[{"href":"https:\/\/aconteceunovale.com.br\/portal\/index.php?rest_route=%2Fwp%2Fv2%2Fmedia&parent=115094"}],"wp:term":[{"taxonomy":"category","embeddable":true,"href":"https:\/\/aconteceunovale.com.br\/portal\/index.php?rest_route=%2Fwp%2Fv2%2Fcategories&post=115094"},{"taxonomy":"post_tag","embeddable":true,"href":"https:\/\/aconteceunovale.com.br\/portal\/index.php?rest_route=%2Fwp%2Fv2%2Ftags&post=115094"}],"curies":[{"name":"wp","href":"https:\/\/api.w.org\/{rel}","templated":true}]}}