{"id":115088,"date":"2017-05-16T22:16:09","date_gmt":"2017-05-17T00:16:09","guid":{"rendered":"http:\/\/aconteceunovale.com.br\/portal\/?p=115088"},"modified":"2017-05-17T01:11:42","modified_gmt":"2017-05-17T03:11:42","slug":"homem-e-preso-apos-roubar-carro-e-fazer-dois-refens-em-medina-no-vale-do-jequitinhonha","status":"publish","type":"post","link":"https:\/\/aconteceunovale.com.br\/portal\/?p=115088","title":{"rendered":"Homem \u00e9 preso ap\u00f3s roubar carro e fazer dois ref\u00e9ns em Medina, no Vale do Jequitinhonha"},"content":{"rendered":"<p>A Pol\u00edcia Militar prendeu um dos homens acusados de roubar um ve\u00edculo Grand Siena e fazer o motorista e passageiro como ref\u00e9ns, na tarde de segunda-feira (15\/05\/2017), em Medina, no Vale do Jequitinhonha. Ele foi identificado como Leonardo S.B, de 22 anos, da cidade de Itaobim, com passagens pela pol\u00edcia por tr\u00e1fico de drogas e porte ilegal de armas.<\/p>\n<p>De acordo com informa\u00e7\u00f5es da PM, o motorista afirmou que trafegava por uma rua do Bairro Beira Rio, em Medina, quando foi abordado por dois homens. Um deles estava armado e obrigou as duas v\u00edtimas, de 30 e 33 anos, da cidade de Pedra Azul, a entrarem no porta-malas do carro.<\/p>\n<p>Uma den\u00fancia an\u00f4nima, atrav\u00e9s de um telefonema, avisou a pol\u00edcia militar sobre o fato. O ve\u00edculo foi perseguido por uma viatura militar pela BR-116 (Rio-Bahia) e interceptado 15 quil\u00f4metros depois.<\/p>\n<p>Ainda segundo a pol\u00edcia, foi dada uma ordem de parada, mas o motorista continuou fugindo da abordagem.<\/p>\n<p>Os policiais pediram refor\u00e7o \u00e0 PM de Itaobim, que deu cobertura \u00e0 opera\u00e7\u00e3o. Diante da persegui\u00e7\u00e3o, os dois criminosos decidiram abandonar o carro ap\u00f3s trocar tiros com os policiais. Ningu\u00e9m ficou ferido.<\/p>\n<p>Um cerco foi feito no local e a pol\u00edcia conseguiu prender um dos assaltantes. O comparsa dele, identificado como Nelton C.S, conhecido por Ded\u00e9, tamb\u00e9m da cidade de Itaobim, fugiu por um matagal, segundo  a PM.<\/p>\n<p>Os dois homens, que foram mantidos como ref\u00e9ns, foram libertados pelos policiais. <\/p>\n<p>Para a pol\u00edcia, Leonardo contou que a arma usada no crime &#8211; um rev\u00f3lver calibre 38 &#8211; era do comparsa dele. R$ 50 reais e um celular roubados das v\u00edtimas foram recuperados.<\/p>\n<p>Ele e o material apreendido foram levados para a Delegacia de Pol\u00edcia Civil de Medina, onde a ocorr\u00eancia foi encerrada. O carro foi rebocado para um p\u00e1tio credenciado para ser devolvido ao propriet\u00e1rio.<\/p>\n<p><img decoding=\"async\" src=\"http:\/\/aconteceunovale.com.br\/portal\/wp-content\/uploads\/2017\/05\/sequestro_medina.jpg\" alt=\"\" \/><em>Assaltantes abandonaram ve\u00edculo com duas v\u00edtimas no porta-malas (Foto: Divulga\u00e7\u00e3o)<\/em><br \/>\n<\/br><\/p>\n<p><strong>VER PRIMEIRO<\/strong><\/p>\n<p>Receba as not\u00edcias do Aconteceu no Vale em primeira m\u00e3o. Clique em curtir no endere\u00e7o <a href=\"https:\/\/www.facebook.com\/aconteceunovale\" target=\"_blank\"><font color=\"red\">www.facebook.com\/aconteceunovale<\/font><\/a> ou no box abaixo:<\/p>\n<div class=\"fb-like\" data-href=\"https:\/\/www.facebook.com\/aconteceunovale\" data-width=\"120\" data-layout=\"standard\" data-action=\"like\" data-size=\"small\" data-show-faces=\"true\" data-share=\"true\"><\/div>\n<p><\/br><\/p>\n<p><em>(Fonte: Gazeta de Ara\u00e7ua\u00ed)<\/em><\/p>\n","protected":false},"excerpt":{"rendered":"<p>A Pol\u00edcia Militar prendeu um dos homens acusados de roubar um ve\u00edculo Grand Siena e fazer o motorista e passageiro como ref\u00e9ns, na tarde de segunda-feira (15\/05\/2017), em Medina, no Vale do Jequitinhonha. Ele foi identificado como Leonardo S.B, de 22 anos, da cidade de Itaobim, com passagens pela pol\u00edcia por tr\u00e1fico de drogas e [&hellip;]<\/p>\n","protected":false},"author":1,"featured_media":115119,"comment_status":"open","ping_status":"closed","sticky":false,"template":"","format":"standard","meta":{"amp_status":"","footnotes":""},"categories":[120],"tags":[13313,149295,149300,391,149297,389,149298,455,149296,52885,149299],"class_list":["post-115088","post","type-post","status-publish","format-standard","has-post-thumbnail","hentry","category-jequi","tag-assalto-em-medina","tag-cristiano-dutra-de-oliveira","tag-homem-e-preso-apos-roubar-carro-e-fazer-dois-refens-em-medina","tag-itaobim","tag-leonardo-sousa-bris","tag-medina","tag-nelton-caetano-de-sousa","tag-pedra-azul","tag-ronilson-ribeiro-da-silva","tag-roubo-em-medina","tag-sequestro-em-medina"],"_links":{"self":[{"href":"https:\/\/aconteceunovale.com.br\/portal\/index.php?rest_route=\/wp\/v2\/posts\/115088","targetHints":{"allow":["GET"]}}],"collection":[{"href":"https:\/\/aconteceunovale.com.br\/portal\/index.php?rest_route=\/wp\/v2\/posts"}],"about":[{"href":"https:\/\/aconteceunovale.com.br\/portal\/index.php?rest_route=\/wp\/v2\/types\/post"}],"author":[{"embeddable":true,"href":"https:\/\/aconteceunovale.com.br\/portal\/index.php?rest_route=\/wp\/v2\/users\/1"}],"replies":[{"embeddable":true,"href":"https:\/\/aconteceunovale.com.br\/portal\/index.php?rest_route=%2Fwp%2Fv2%2Fcomments&post=115088"}],"version-history":[{"count":0,"href":"https:\/\/aconteceunovale.com.br\/portal\/index.php?rest_route=\/wp\/v2\/posts\/115088\/revisions"}],"wp:featuredmedia":[{"embeddable":true,"href":"https:\/\/aconteceunovale.com.br\/portal\/index.php?rest_route=\/wp\/v2\/media\/115119"}],"wp:attachment":[{"href":"https:\/\/aconteceunovale.com.br\/portal\/index.php?rest_route=%2Fwp%2Fv2%2Fmedia&parent=115088"}],"wp:term":[{"taxonomy":"category","embeddable":true,"href":"https:\/\/aconteceunovale.com.br\/portal\/index.php?rest_route=%2Fwp%2Fv2%2Fcategories&post=115088"},{"taxonomy":"post_tag","embeddable":true,"href":"https:\/\/aconteceunovale.com.br\/portal\/index.php?rest_route=%2Fwp%2Fv2%2Ftags&post=115088"}],"curies":[{"name":"wp","href":"https:\/\/api.w.org\/{rel}","templated":true}]}}