{"id":115083,"date":"2017-05-16T21:20:40","date_gmt":"2017-05-16T23:20:40","guid":{"rendered":"http:\/\/aconteceunovale.com.br\/portal\/?p=115083"},"modified":"2017-05-16T21:20:40","modified_gmt":"2017-05-16T23:20:40","slug":"tres-pessoas-morrem-em-grave-acidente-na-br-381","status":"publish","type":"post","link":"https:\/\/aconteceunovale.com.br\/portal\/?p=115083","title":{"rendered":"Tr\u00eas pessoas morrem em grave acidente na BR-381"},"content":{"rendered":"<p>A colis\u00e3o entre tr\u00eas ve\u00edculos deixou tr\u00eas pessoas mortas e uma ferida na tarde desta ter\u00e7a-feira (16\/05\/2017), na altura do quil\u00f4metro 444 da BR-381, em Sabar\u00e1 (MG). De acordo com a Pol\u00edcia Rodovi\u00e1ria Federal (PRF), o acidente envolveu um Toyota\/Etios, placa final 9567 (de Belo Horizonte), um \u00f4nibus e uma carreta.<\/p>\n<p>As informa\u00e7\u00f5es iniciais d\u00e3o conta de que o autom\u00f3vel foi atingido pelo ve\u00edculo de carga, momento que o condutor perdeu o controle da dire\u00e7\u00e3o e invadiu a contram\u00e3o. O Etios foi prensado contra o \u00f4nibus e ficou completamente destru\u00eddo.<\/p>\n<p>De acordo com o Corpo de Bombeiros, uma pessoa ficou ferida e tr\u00eas morreram no local. A v\u00edtima ainda com vida foi encaminhada para o Hospital de Pronto-Socorro Jo\u00e3o XXIII. <\/p>\n<p>Ainda n\u00e3o se sabe o que causou a colis\u00e3o entre os ve\u00edculos, mas chovia no momento. A identifica\u00e7\u00e3o das v\u00edtimas, que estavam no autom\u00f3vel, ainda n\u00e3o foi divulgada.<\/p>\n<p>A Per\u00edcia T\u00e9cnica da Pol\u00edcia Civil foi acionada para os trabalhos de praxe. As causas e circunst\u00e2ncias do acidente ser\u00e3o investigadas.<\/p>\n<p>A trag\u00e9dia interditou completamente a pista e at\u00e9 as 18h30 permanecia fechada.<\/p>\n<p><img decoding=\"async\" src=\"http:\/\/aconteceunovale.com.br\/portal\/wp-content\/uploads\/2017\/05\/acidente_ravena_1.jpg\" alt=\"\" \/><em>O acidente aconteceu no km 44 da BR-381 (Foto: Reprodu\u00e7\u00e3o\/TV Globo)<\/em><br \/>\n<\/br><\/p>\n<p><img decoding=\"async\" src=\"http:\/\/aconteceunovale.com.br\/portal\/wp-content\/uploads\/2017\/05\/acidente_ravena_2.png\" alt=\"\" \/><em>O acidente aconteceu no km 44 da BR-381 (Foto: Divulga\u00e7\u00e3o\/Bombeiros)<\/em><br \/>\n<\/br><\/p>\n<p><img decoding=\"async\" src=\"http:\/\/aconteceunovale.com.br\/portal\/wp-content\/uploads\/2017\/05\/acidente_ravena_3.png\" alt=\"\" \/><em>O acidente aconteceu no km 44 da BR-381 (Foto: Divulga\u00e7\u00e3o\/Bombeiros)<\/em><br \/>\n<\/br><\/p>\n<p><strong>VER PRIMEIRO<\/strong><\/p>\n<p>Receba as not\u00edcias do Aconteceu no Vale em primeira m\u00e3o. Clique em curtir no endere\u00e7o <a href=\"https:\/\/www.facebook.com\/aconteceunovale\" target=\"_blank\"><font color=\"red\">www.facebook.com\/aconteceunovale<\/font><\/a> ou no box abaixo:<\/p>\n<div class=\"fb-like\" data-href=\"https:\/\/www.facebook.com\/aconteceunovale\" data-width=\"120\" data-layout=\"standard\" data-action=\"like\" data-size=\"small\" data-show-faces=\"true\" data-share=\"true\"><\/div>\n<p><\/br><\/p>\n<p><em>(Com informa\u00e7\u00f5es de O Tempo Online e PRF)<\/em><\/p>\n","protected":false},"excerpt":{"rendered":"<p>A colis\u00e3o entre tr\u00eas ve\u00edculos deixou tr\u00eas pessoas mortas e uma ferida na tarde desta ter\u00e7a-feira (16\/05\/2017), na altura do quil\u00f4metro 444 da BR-381, em Sabar\u00e1 (MG). De acordo com a Pol\u00edcia Rodovi\u00e1ria Federal (PRF), o acidente envolveu um Toyota\/Etios, placa final 9567 (de Belo Horizonte), um \u00f4nibus e uma carreta. As informa\u00e7\u00f5es iniciais d\u00e3o [&hellip;]<\/p>\n","protected":false},"author":1,"featured_media":115084,"comment_status":"open","ping_status":"closed","sticky":false,"template":"","format":"standard","meta":{"amp_status":"","footnotes":""},"categories":[123],"tags":[52524,149290,22456,8237,84748,149291,194,1017,1397,1018,149289,22545,1779,149292,149294,149293],"class_list":["post-115083","post","type-post","status-publish","format-standard","has-post-thumbnail","hentry","category-gerais","tag-acidente-com-carro-de-belo-horizonte","tag-acidente-com-etios-de-belo-horizonte","tag-acidente-em-sabara","tag-acidente-na-br-381","tag-acidente-na-br-381-em-sabara","tag-acidente-no-trevo-de-ravena","tag-belo-horizonte","tag-bh","tag-br-381","tag-destaque","tag-pwk-9567","tag-ravena","tag-sabara","tag-tres-pessoas-morrem-em-grave-acidente-na-br-381","tag-tres-pessoas-morrem-em-grave-acidente-na-br-381-em-ravena","tag-tres-pessoas-morrem-em-grave-acidente-na-br-381-em-sabara"],"_links":{"self":[{"href":"https:\/\/aconteceunovale.com.br\/portal\/index.php?rest_route=\/wp\/v2\/posts\/115083","targetHints":{"allow":["GET"]}}],"collection":[{"href":"https:\/\/aconteceunovale.com.br\/portal\/index.php?rest_route=\/wp\/v2\/posts"}],"about":[{"href":"https:\/\/aconteceunovale.com.br\/portal\/index.php?rest_route=\/wp\/v2\/types\/post"}],"author":[{"embeddable":true,"href":"https:\/\/aconteceunovale.com.br\/portal\/index.php?rest_route=\/wp\/v2\/users\/1"}],"replies":[{"embeddable":true,"href":"https:\/\/aconteceunovale.com.br\/portal\/index.php?rest_route=%2Fwp%2Fv2%2Fcomments&post=115083"}],"version-history":[{"count":0,"href":"https:\/\/aconteceunovale.com.br\/portal\/index.php?rest_route=\/wp\/v2\/posts\/115083\/revisions"}],"wp:featuredmedia":[{"embeddable":true,"href":"https:\/\/aconteceunovale.com.br\/portal\/index.php?rest_route=\/wp\/v2\/media\/115084"}],"wp:attachment":[{"href":"https:\/\/aconteceunovale.com.br\/portal\/index.php?rest_route=%2Fwp%2Fv2%2Fmedia&parent=115083"}],"wp:term":[{"taxonomy":"category","embeddable":true,"href":"https:\/\/aconteceunovale.com.br\/portal\/index.php?rest_route=%2Fwp%2Fv2%2Fcategories&post=115083"},{"taxonomy":"post_tag","embeddable":true,"href":"https:\/\/aconteceunovale.com.br\/portal\/index.php?rest_route=%2Fwp%2Fv2%2Ftags&post=115083"}],"curies":[{"name":"wp","href":"https:\/\/api.w.org\/{rel}","templated":true}]}}