{"id":115076,"date":"2017-05-16T20:14:02","date_gmt":"2017-05-16T22:14:02","guid":{"rendered":"http:\/\/aconteceunovale.com.br\/portal\/?p=115076"},"modified":"2017-05-16T20:14:02","modified_gmt":"2017-05-16T22:14:02","slug":"prefeitura-de-belo-horizonte-autoriza-reabertura-de-parques-fechados-devido-a-febre-amarela","status":"publish","type":"post","link":"https:\/\/aconteceunovale.com.br\/portal\/?p=115076","title":{"rendered":"Prefeitura de Belo Horizonte autoriza reabertura de parques fechados devido \u00e0 febre amarela"},"content":{"rendered":"<p>Os parques de Belo Horizonte (BH) que estavam fechados devido ao surto de febre amarela em Minas Gerais ser\u00e3o reabertos \u00e0 visita\u00e7\u00e3o em breve. A Secretaria Municipal de Sa\u00fade avaliou que a situa\u00e7\u00e3o da doen\u00e7a est\u00e1 sob controle e decidiu autorizar o acesso do p\u00fablico aos parques.<\/p>\n<p>Estavam fechados, como medida preventiva para prote\u00e7\u00e3o da popula\u00e7\u00e3o, os parques das Mangabeiras, da Serra do Cip\u00f3 e\u00a0 Jacques Cousteau. A Secretaria de Sa\u00fade recomenda, por\u00e9m, que os frequentadores estejam com a vacina\u00e7\u00e3o em dia.<\/p>\n<p>Apesar da intensidade do surto em Minas Gerais, a capital n\u00e3o registrou nenhum caso de transmiss\u00e3o de febre amarela para humanos. Por outro lado, tr\u00eas macacos encontrados mortos em Belo Horizonte tiveram testes positivos para o v\u00edrus da doen\u00e7a, em 11, o resultado foi negativo e 31 ainda n\u00e3o foram confirmados.<\/p>\n<p>O\u00a0Parque das Mangabeiras, na regi\u00e3o centro-sul, est\u00e1 interditado desde o dia 23 de fevereiro, somando 82 dias fechado. Hoje (16) ele recebe a visita de alunos de uma escola. Por enquanto, apenas institui\u00e7\u00f5es de ensino poder\u00e3o organizar passeios voltados para a educa\u00e7\u00e3o ambiental, mediante agendamento pr\u00e9vio. A reabertura ao p\u00fablico em geral \u00e9 prevista para o m\u00eas que vem.<\/p>\n<p>J\u00e1 o Parque da Serra do Curral, na regi\u00e3o centro-sul, tamb\u00e9m fechado em fevereiro, est\u00e1 em manuten\u00e7\u00e3o. Segundo a Funda\u00e7\u00e3o de Parques Municipais, ainda n\u00e3o h\u00e1 data para liberar o acesso ao p\u00fablico. O\u00a0Parque Jacques Cousteau, na regi\u00e3o oeste de Belo Horizonte, dever\u00e1 ser reaberto ainda nesta semana. A decis\u00e3o ser\u00e1 tomada em uma reuni\u00e3o que ser\u00e1 realizada hoje (16). O parque est\u00e1 interditado desde o dia 13 de fevereiro.<\/p>\n<p>A febre amarela atinge humanos e macacos e \u00e9 causada por um v\u00edrus da fam\u00edlia\u00a0<em>Flaviviridae<\/em>. No meio rural e silvestre, o v\u00edrus \u00e9 transmitido pelos mosquitos\u00a0<em>Haemagogus<\/em>\u00a0e\u00a0<em>Sabethes<\/em>. Em \u00e1rea urbana, o vetor \u00e9 o\u00a0<em>Aedes aegypti<\/em>, o mesmo da dengue, do v\u00edrus\u00a0<em>Zika<\/em>\u00a0e da febre chikungunya.<\/p>\n<p>De acordo com o Minist\u00e9rio da Sa\u00fade, a transmiss\u00e3o da febre amarela no Brasil n\u00e3o ocorre em \u00e1reas urbanas desde 1942. No atual surto, nenhum dos casos foi considerado urbano.<\/p>\n<p>A vacina \u00e9 a principal medida de combate \u00e0 febre amarela. Segundo a Secretaria Municipal de Sa\u00fade, a campanha de imuniza\u00e7\u00e3o desenvolvida em Belo Horizonte alcan\u00e7ou cobertura vacinal da quase\u00a0 totalidade da popula\u00e7\u00e3o da capital.<\/p>\n<p><strong>Transmiss\u00e3o reduzida<\/strong><\/p>\n<p>O surto de febre amarela no in\u00edcio deste ano \u00e9 considerado o maior no Brasil desde 1980, quando o Minist\u00e9rio da Sa\u00fade passou a disponibilizar dados da s\u00e9rie hist\u00f3rica. De acordo com levantamento da pasta, divulgado na \u00faltima sexta-feira (12), neste ano, a doen\u00e7a j\u00e1 levou \u00e0 morte 259 pessoas. At\u00e9 ent\u00e3o, a situa\u00e7\u00e3o mais grave havia ocorrido em 2000, quando morreram 40 pessoas em todo pa\u00eds.<\/p>\n<p>Ainda n\u00e3o h\u00e1 explica\u00e7\u00f5es cient\u00edficas sobre a intensidade do surto. Um grupo de especialistas de diferentes estados do Brasil se articulou para investigar a rela\u00e7\u00e3o entre\u00a0a doen\u00e7a e a degrada\u00e7\u00e3o do meio ambiente\u00a0. Por sua vez, a Funda\u00e7\u00e3o Oswaldo Cruz identificou oito\u00a0altera\u00e7\u00f5es gen\u00e9ticas do v\u00edrus\u00a0e vem pesquisando se essas muta\u00e7\u00f5es o teriam deixado mais agressivo.<\/p>\n<p>De toda forma, desde mar\u00e7o, o ritmo de transmiss\u00e3o da doen\u00e7a vem diminuindo. Em Minas Gerais, a Secretaria de Estado de Sa\u00fade divulgou o \u00faltimo boletim no dia 26 de abril. At\u00e9 esta data, houve confirma\u00e7\u00e3o para febre amarela em 151 \u00f3bitos no estado e 24 estavam em investiga\u00e7\u00e3o. Ao todo, os munic\u00edpios mineiros contabilizaram 1.139 notifica\u00e7\u00f5es para a doen\u00e7a, sendo que 427 casos foram confirmados, 554 descartados e os 158 restantes ainda est\u00e3o em an\u00e1lise.<\/p>\n<p>O boletim do dia 26 de abril trouxe apenas nove notifica\u00e7\u00f5es a mais do que o registrado nas duas semanas anteriores. Entre os levantamentos dos dias 19 e 12 de abril, a transmiss\u00e3o da febre amarela em Minas Gerais se mostrou est\u00e1vel. Em ambas as datas, o n\u00famero de notifica\u00e7\u00f5es se manteve em 1.130.<\/p>\n<p><strong>VER PRIMEIRO<\/strong><\/p>\n<p>Receba as not\u00edcias do Aconteceu no Vale em primeira m\u00e3o. Clique em curtir no endere\u00e7o <a href=\"https:\/\/www.facebook.com\/aconteceunovale\" target=\"_blank\"><font color=\"red\">www.facebook.com\/aconteceunovale<\/font><\/a> ou no box abaixo:<\/p>\n<div class=\"fb-like\" data-href=\"https:\/\/www.facebook.com\/aconteceunovale\" data-width=\"120\" data-layout=\"standard\" data-action=\"like\" data-size=\"small\" data-show-faces=\"true\" data-share=\"true\"><\/div>\n<p><\/br><\/p>\n<p><em>(Fonte: Ag\u00eancia Brasil)<\/em><\/p>\n","protected":false},"excerpt":{"rendered":"<p>Os parques de Belo Horizonte (BH) que estavam fechados devido ao surto de febre amarela em Minas Gerais ser\u00e3o reabertos \u00e0 visita\u00e7\u00e3o em breve. A Secretaria Municipal de Sa\u00fade avaliou que a situa\u00e7\u00e3o da doen\u00e7a est\u00e1 sob controle e decidiu autorizar o acesso do p\u00fablico aos parques. Estavam fechados, como medida preventiva para prote\u00e7\u00e3o da [&hellip;]<\/p>\n","protected":false},"author":1,"featured_media":108998,"comment_status":"open","ping_status":"closed","sticky":false,"template":"","format":"standard","meta":{"amp_status":"","footnotes":""},"categories":[123],"tags":[149279,194,47713,128565,139646,149278,31437,149277],"class_list":["post-115076","post","type-post","status-publish","format-standard","has-post-thumbnail","hentry","category-gerais","tag-acesso-a-parques","tag-belo-horizonte","tag-febre-amarela","tag-parque-das-mangabeiras","tag-parque-jacques-cousteau","tag-parques-fechados-em-belo-horizonte","tag-prefeitura-de-belo-horizonte","tag-prefeitura-de-belo-horizonte-autoriza-reabertura-de-parques-fechados-devido-a-febre-amarela"],"_links":{"self":[{"href":"https:\/\/aconteceunovale.com.br\/portal\/index.php?rest_route=\/wp\/v2\/posts\/115076","targetHints":{"allow":["GET"]}}],"collection":[{"href":"https:\/\/aconteceunovale.com.br\/portal\/index.php?rest_route=\/wp\/v2\/posts"}],"about":[{"href":"https:\/\/aconteceunovale.com.br\/portal\/index.php?rest_route=\/wp\/v2\/types\/post"}],"author":[{"embeddable":true,"href":"https:\/\/aconteceunovale.com.br\/portal\/index.php?rest_route=\/wp\/v2\/users\/1"}],"replies":[{"embeddable":true,"href":"https:\/\/aconteceunovale.com.br\/portal\/index.php?rest_route=%2Fwp%2Fv2%2Fcomments&post=115076"}],"version-history":[{"count":0,"href":"https:\/\/aconteceunovale.com.br\/portal\/index.php?rest_route=\/wp\/v2\/posts\/115076\/revisions"}],"wp:featuredmedia":[{"embeddable":true,"href":"https:\/\/aconteceunovale.com.br\/portal\/index.php?rest_route=\/wp\/v2\/media\/108998"}],"wp:attachment":[{"href":"https:\/\/aconteceunovale.com.br\/portal\/index.php?rest_route=%2Fwp%2Fv2%2Fmedia&parent=115076"}],"wp:term":[{"taxonomy":"category","embeddable":true,"href":"https:\/\/aconteceunovale.com.br\/portal\/index.php?rest_route=%2Fwp%2Fv2%2Fcategories&post=115076"},{"taxonomy":"post_tag","embeddable":true,"href":"https:\/\/aconteceunovale.com.br\/portal\/index.php?rest_route=%2Fwp%2Fv2%2Ftags&post=115076"}],"curies":[{"name":"wp","href":"https:\/\/api.w.org\/{rel}","templated":true}]}}