{"id":115069,"date":"2017-05-16T19:39:54","date_gmt":"2017-05-16T21:39:54","guid":{"rendered":"http:\/\/aconteceunovale.com.br\/portal\/?p=115069"},"modified":"2017-05-16T19:39:54","modified_gmt":"2017-05-16T21:39:54","slug":"mineira-gravida-e-assassinada-na-belgica","status":"publish","type":"post","link":"https:\/\/aconteceunovale.com.br\/portal\/?p=115069","title":{"rendered":"Mineira gr\u00e1vida \u00e9 assassinada na B\u00e9lgica"},"content":{"rendered":"<p>Uma mineira de Uberl\u00e2ndia, no Tri\u00e2ngulo Mineiro, foi assassinada na B\u00e9lgica, onde morava h\u00e1 tr\u00eas anos. O corpo de Thayrine Cruz, de 37 anos, foi encontrado em uma cidade pr\u00f3xima a Bruxelas, capital do pa\u00eds. A mulher estava gr\u00e1vida de quatro meses. At\u00e9 o momento, a motiva\u00e7\u00e3o e a autoria do crime s\u00e3o desconhecidas.<\/p>\n<p>O desaparecimento de Thayrine foi percebido pelo filho dela, de 12 anos, que mora no Brasil. O menino estranhou a falta de contato da m\u00e3e e resolveu procur\u00e1-la nas redes sociais. Ele acessou o perfil dela no Facebook e publicou uma mensagem pedindo informa\u00e7\u00f5es sobre a m\u00e3e. No texto, ele avisa que \u00e9 o filho dela e que est\u00e1 em busca de not\u00edcias. &#8220;Bom dia, aqui \u00e9 o filho da Thay. Algu\u00e9m sabe o que aconteceu com ela, ou se ela est\u00e1 bem?&#8221;<\/p>\n<p>Momentos depois, amigos da brasileira come\u00e7aram a responder. Um homem escreve em portugu\u00eas: &#8220;estou muito preocupado tamb\u00e9m. Se voc\u00ea precisar de ajuda, me fala. Eu tenho informa\u00e7\u00f5es que eu vou dividir com suas tias\u201d.<\/p>\n<p>Segundo a fam\u00edlia, Thayrine fazia contato praticamente todos os dias, por meio de redes sociais. A \u00faltima mensagem trocada com a fam\u00edlia foi no dia oito de maio. Na \u00faltima quinta-feira (11), a mineira foi encontrada morta. O pai do filho dela \u00e9 da B\u00e9lgica e seria um dos investigados. Os dois n\u00e3o moravam juntos.<\/p>\n<p>Outras duas primas da brasileira moram em Bruxelas. Elas est\u00e3o aguardando a libera\u00e7\u00e3o do corpo para realizarem o translado. Uma advogada contratada pelos parentes de Thayrine disse que o corpo s\u00f3 deve ser liberado ap\u00f3s o fim do inqu\u00e9rito policial, que ainda n\u00e3o tem data para terminar. A pol\u00edcia j\u00e1 ouviu algumas pessoas e outras devem ser ouvidas nos pr\u00f3ximos dias.<\/p>\n<p>Em nota, o Minist\u00e9rio das Rela\u00e7\u00f5es Exteriores informou que o Consulado do Brasil em Bruxelas est\u00e1 acompanhando o caso. A pasta informou, ainda, que mant\u00e9m contato com a fam\u00edlia no Brasil e com as autoridades policiais belgas sobre as circunst\u00e2ncias da morte e sobre provid\u00eancias legais e documentais. O Consulado presta assist\u00eancia consular \u00e0 fam\u00edlia dela mas o governo n\u00e3o pode comentar informa\u00e7\u00f5es pessoais de brasileiros que recebam assist\u00eancia consular no exterior.<\/p>\n<p><img decoding=\"async\" src=\"http:\/\/aconteceunovale.com.br\/portal\/wp-content\/uploads\/2017\/05\/mineira_belgica.jpg\" alt=\"\" \/><em>Thayrine Cruz foi encontrada morta na B\u00e9lgica (Foto: Reprodu\u00e7\u00e3o\/Record Minas)<\/em><br \/>\n<\/br><\/p>\n<p><strong>VER PRIMEIRO<\/strong><\/p>\n<p>Receba as not\u00edcias do Aconteceu no Vale em primeira m\u00e3o. Clique em curtir no endere\u00e7o <a href=\"https:\/\/www.facebook.com\/aconteceunovale\" target=\"_blank\"><font color=\"red\">www.facebook.com\/aconteceunovale<\/font><\/a> ou no box abaixo:<\/p>\n<div class=\"fb-like\" data-href=\"https:\/\/www.facebook.com\/aconteceunovale\" data-width=\"120\" data-layout=\"standard\" data-action=\"like\" data-size=\"small\" data-show-faces=\"true\" data-share=\"true\"><\/div>\n<p><\/br><\/p>\n<p><em>(Fonte: Record Minas \/ R7)<\/em><\/p>\n","protected":false},"excerpt":{"rendered":"<p>Uma mineira de Uberl\u00e2ndia, no Tri\u00e2ngulo Mineiro, foi assassinada na B\u00e9lgica, onde morava h\u00e1 tr\u00eas anos. O corpo de Thayrine Cruz, de 37 anos, foi encontrado em uma cidade pr\u00f3xima a Bruxelas, capital do pa\u00eds. A mulher estava gr\u00e1vida de quatro meses. At\u00e9 o momento, a motiva\u00e7\u00e3o e a autoria do crime s\u00e3o desconhecidas. O [&hellip;]<\/p>\n","protected":false},"author":1,"featured_media":115070,"comment_status":"open","ping_status":"closed","sticky":false,"template":"","format":"standard","meta":{"amp_status":"","footnotes":""},"categories":[123,28848],"tags":[46266,60786,149260,149267,149259,149261,149264,149266,149265,149263,149262,221],"class_list":["post-115069","post","type-post","status-publish","format-standard","has-post-thumbnail","hentry","category-gerais","category-mundo","tag-belgica","tag-bruxelas","tag-mineira-encontrada-morta-na-belgica","tag-mineira-gravida-e-assassinada-na-belgica","tag-mineira-morta-na-belgica","tag-morte-de-mineira-na-belgica","tag-morte-de-uberlandense-na-belgica","tag-thairine-cruz","tag-thayrine-cruz","tag-uberlandense-encontrada-morta-na-belgica","tag-uberlandense-morta-na-belgica","tag-uberlandia"],"_links":{"self":[{"href":"https:\/\/aconteceunovale.com.br\/portal\/index.php?rest_route=\/wp\/v2\/posts\/115069","targetHints":{"allow":["GET"]}}],"collection":[{"href":"https:\/\/aconteceunovale.com.br\/portal\/index.php?rest_route=\/wp\/v2\/posts"}],"about":[{"href":"https:\/\/aconteceunovale.com.br\/portal\/index.php?rest_route=\/wp\/v2\/types\/post"}],"author":[{"embeddable":true,"href":"https:\/\/aconteceunovale.com.br\/portal\/index.php?rest_route=\/wp\/v2\/users\/1"}],"replies":[{"embeddable":true,"href":"https:\/\/aconteceunovale.com.br\/portal\/index.php?rest_route=%2Fwp%2Fv2%2Fcomments&post=115069"}],"version-history":[{"count":0,"href":"https:\/\/aconteceunovale.com.br\/portal\/index.php?rest_route=\/wp\/v2\/posts\/115069\/revisions"}],"wp:featuredmedia":[{"embeddable":true,"href":"https:\/\/aconteceunovale.com.br\/portal\/index.php?rest_route=\/wp\/v2\/media\/115070"}],"wp:attachment":[{"href":"https:\/\/aconteceunovale.com.br\/portal\/index.php?rest_route=%2Fwp%2Fv2%2Fmedia&parent=115069"}],"wp:term":[{"taxonomy":"category","embeddable":true,"href":"https:\/\/aconteceunovale.com.br\/portal\/index.php?rest_route=%2Fwp%2Fv2%2Fcategories&post=115069"},{"taxonomy":"post_tag","embeddable":true,"href":"https:\/\/aconteceunovale.com.br\/portal\/index.php?rest_route=%2Fwp%2Fv2%2Ftags&post=115069"}],"curies":[{"name":"wp","href":"https:\/\/api.w.org\/{rel}","templated":true}]}}