{"id":115066,"date":"2017-05-16T18:31:08","date_gmt":"2017-05-16T20:31:08","guid":{"rendered":"http:\/\/aconteceunovale.com.br\/portal\/?p=115066"},"modified":"2017-05-16T18:31:08","modified_gmt":"2017-05-16T20:31:08","slug":"governo-de-minas-anuncia-audiencias-publicas-para-concessao-da-br-135","status":"publish","type":"post","link":"https:\/\/aconteceunovale.com.br\/portal\/?p=115066","title":{"rendered":"Governo de Minas anuncia audi\u00eancias p\u00fablicas para concess\u00e3o da BR-135"},"content":{"rendered":"<p>Tr\u00eas audi\u00eancias p\u00fablicas v\u00e3o debater a minuta de edital para a\u00a0explora\u00e7\u00e3o de trechos das rodovias BR-135, MG-231 e LMG-754. De acordo com a\u00a0Secretaria de Estado de Transportes e Obras P\u00fablicas (Setop)\u00a0que publicou o\u00a0aviso das audi\u00eancias no Di\u00e1rio Oficial, o objetivo \u00e9 a presta\u00e7\u00e3o de esclarecimentos e tamb\u00e9m o recebimento de contribui\u00e7\u00f5es acerca do projeto.<\/p>\n<p>Em Belo Horizonte, a audi\u00eancia p\u00fablica\u00a0ocorrer\u00e1 no dia 29 de maio (segunda-feira), \u00e0s 14h30min, no plen\u00e1rio do edif\u00edcio Minas, 9\u00ba andar, na Cidade Administrativa; em Montes Claros, no dia 30 de maio (ter\u00e7a-feira), \u00e0s 11h, na Associa\u00e7\u00e3o dos Munic\u00edpios da \u00c1rea Mineira da Sudene (Amams), localizada na Avenida\u00a0Major Alexandre Rodrigues, 416, bairro Ibituruna; e em Cordisburgo, no dia 31 de maio (quarta-feira), \u00e0s 14h, no Centro de Apoio ao Turista, localizado na Av. Padre Jo\u00e3o, 622 \u2013 Centro.<\/p>\n<p>Neste lote, est\u00e1 prevista a concess\u00e3o de 363,95 quil\u00f4metros de malha rodovi\u00e1ria mineira sob responsabilidade do\u00a0DEER\/MG, sendo 301,20 quil\u00f4metros na BR 135, do entroncamento com a BR-040 at\u00e9 a cidade de Montes Claros, passando pelas cidades de Curvelo, Corinto, Bocaiuva entre outras. Fazem parte da concess\u00e3o 22,65 quil\u00f4metros na MG-231 e outros 40,10 quil\u00f4metros de extens\u00e3o na LMG-754, que passam por Cordisburgo.<\/p>\n<p>O prazo previsto para a concess\u00e3o \u00e9 de 30 anos, contados a partir da data da transfer\u00eancia da rodovia. A concess\u00e3o inclui, al\u00e9m das pistas centrais e laterais, pontes e viadutos, quaisquer outros elementos que se encontrem na faixa de dom\u00ednio, bem como as \u00e1reas ocupadas com instala\u00e7\u00f5es operacionais e administrativas.<\/p>\n<p>Confira os documentos nos links a seguir:\u00a0&#8211;\u00a0<a href=\"http:\/\/jornal.iof.mg.gov.br\/xmlui\/handle\/123456789\/182313\" target=\"_blank\">Aviso<\/a>\u00a0| &#8211;\u00a0<a href=\"http:\/\/www.setop.mg.gov.br\/component\/gmg\/page\/2261-audiencia-publica-referente-a-concessao-de-servicos-para-a-exploracao-de-trechos-das-rodovias-br-135-mg-231-e-lmg-754\" target=\"_blank\">Minuta do edital<\/a>.<\/p>\n<p><strong>VER PRIMEIRO<\/strong><\/p>\n<p>Receba as not\u00edcias do Aconteceu no Vale em primeira m\u00e3o. Clique em curtir no endere\u00e7o <a href=\"https:\/\/www.facebook.com\/aconteceunovale\" target=\"_blank\"><font color=\"red\">www.facebook.com\/aconteceunovale<\/font><\/a> ou no box abaixo:<\/p>\n<div class=\"fb-like\" data-href=\"https:\/\/www.facebook.com\/aconteceunovale\" data-width=\"120\" data-layout=\"standard\" data-action=\"like\" data-size=\"small\" data-show-faces=\"true\" data-share=\"true\"><\/div>\n<p><\/br><\/p>\n<p><em>(Fonte: Ag\u00eancia Minas)<\/em><\/p>\n","protected":false},"excerpt":{"rendered":"<p>Tr\u00eas audi\u00eancias p\u00fablicas v\u00e3o debater a minuta de edital para a\u00a0explora\u00e7\u00e3o de trechos das rodovias BR-135, MG-231 e LMG-754. De acordo com a\u00a0Secretaria de Estado de Transportes e Obras P\u00fablicas (Setop)\u00a0que publicou o\u00a0aviso das audi\u00eancias no Di\u00e1rio Oficial, o objetivo \u00e9 a presta\u00e7\u00e3o de esclarecimentos e tamb\u00e9m o recebimento de contribui\u00e7\u00f5es acerca do projeto. Em [&hellip;]<\/p>\n","protected":false},"author":1,"featured_media":115067,"comment_status":"open","ping_status":"closed","sticky":false,"template":"","format":"standard","meta":{"amp_status":"","footnotes":""},"categories":[123,1236],"tags":[949,194,645,1247,149255,149258,149256,30022,1534,197,149254,54226,149257,210,37031],"class_list":["post-115066","post","type-post","status-publish","format-standard","has-post-thumbnail","hentry","category-gerais","category-norte_de_minas","tag-amams","tag-belo-horizonte","tag-bocaiuva","tag-br-135","tag-concessao-da-br-135","tag-concessao-da-lmg-754","tag-concessao-da-mg-231","tag-cordisburgo","tag-corinto","tag-curvelo","tag-governo-de-minas-anuncia-audiencias-publicas-para-concessao-da-br-135","tag-lmg-754","tag-mg-231","tag-montes-claros","tag-setop"],"_links":{"self":[{"href":"https:\/\/aconteceunovale.com.br\/portal\/index.php?rest_route=\/wp\/v2\/posts\/115066","targetHints":{"allow":["GET"]}}],"collection":[{"href":"https:\/\/aconteceunovale.com.br\/portal\/index.php?rest_route=\/wp\/v2\/posts"}],"about":[{"href":"https:\/\/aconteceunovale.com.br\/portal\/index.php?rest_route=\/wp\/v2\/types\/post"}],"author":[{"embeddable":true,"href":"https:\/\/aconteceunovale.com.br\/portal\/index.php?rest_route=\/wp\/v2\/users\/1"}],"replies":[{"embeddable":true,"href":"https:\/\/aconteceunovale.com.br\/portal\/index.php?rest_route=%2Fwp%2Fv2%2Fcomments&post=115066"}],"version-history":[{"count":0,"href":"https:\/\/aconteceunovale.com.br\/portal\/index.php?rest_route=\/wp\/v2\/posts\/115066\/revisions"}],"wp:featuredmedia":[{"embeddable":true,"href":"https:\/\/aconteceunovale.com.br\/portal\/index.php?rest_route=\/wp\/v2\/media\/115067"}],"wp:attachment":[{"href":"https:\/\/aconteceunovale.com.br\/portal\/index.php?rest_route=%2Fwp%2Fv2%2Fmedia&parent=115066"}],"wp:term":[{"taxonomy":"category","embeddable":true,"href":"https:\/\/aconteceunovale.com.br\/portal\/index.php?rest_route=%2Fwp%2Fv2%2Fcategories&post=115066"},{"taxonomy":"post_tag","embeddable":true,"href":"https:\/\/aconteceunovale.com.br\/portal\/index.php?rest_route=%2Fwp%2Fv2%2Ftags&post=115066"}],"curies":[{"name":"wp","href":"https:\/\/api.w.org\/{rel}","templated":true}]}}