{"id":115064,"date":"2017-05-16T17:37:43","date_gmt":"2017-05-16T19:37:43","guid":{"rendered":"http:\/\/aconteceunovale.com.br\/portal\/?p=115064"},"modified":"2017-05-16T17:37:43","modified_gmt":"2017-05-16T19:37:43","slug":"oficina-para-agricultores-familiares-gestores-da-educacao-e-tecnicos-da-emater-mg-chega-a-almenara","status":"publish","type":"post","link":"https:\/\/aconteceunovale.com.br\/portal\/?p=115064","title":{"rendered":"Oficina para agricultores familiares, gestores da educa\u00e7\u00e3o e t\u00e9cnicos da Emater-MG chega a Almenara"},"content":{"rendered":"<p>O Governo de Minas Gerais, por meio de uma a\u00e7\u00e3o conjunta das Secretarias de Estado de Desenvolvimento Agr\u00e1rio (Seda) e Educa\u00e7\u00e3o (SEE) e da Emater-MG, realiza nos dias 17 e 18 de maio, em Almenara, mais uma etapa do Circuito Alimenta\u00e7\u00e3o. <\/p>\n<p>O projeto, voltado para agricultores (as) familiares, gestores (as) escolares e t\u00e9cnicos (as) na \u00e1rea de assist\u00eancia t\u00e9cnica e extens\u00e3o rural, consiste na realiza\u00e7\u00e3o de oficinas gratuitas de capacita\u00e7\u00e3o t\u00e9cnica para aumentar o acesso da agricultura familiar aos mercados institucionais (escolas, hospitais, etc).<\/p>\n<p>A oficina em Almenara inaugura uma nova fase do projeto, que ser\u00e1 realizado at\u00e9 junho, em cinco polos regionais: Diamantina, Almenara, Janu\u00e1ria, Te\u00f3filo Otoni e Governador Valadares.<\/p>\n<p><strong>Sementes Presentes<\/strong><\/p>\n<p>O Circuito Alimenta\u00e7\u00e3o faz parte do projeto de inclus\u00e3o produtiva &#8216;Sementes Presentes, alimento e trabalho no campo&#8217;, que ser\u00e1 apresentado em sess\u00e3o solene a partir das 17h, ap\u00f3s o primeiro dia de oficinas.<\/p>\n<p>O \u201cSementes\u201d atuar\u00e1 nos territ\u00f3rios Alto, M\u00e9dio e Baixo Jequitinhonha, Mucuri, Norte e Vale do Rio Doce, compondo a Estrat\u00e9gia de Enfrentamento da Pobreza no Campo &#8211; Novos Encontros.<\/p>\n<p><strong>Assunto:<\/strong> Oficina do Circuito Alimenta\u00e7\u00e3o e apresenta\u00e7\u00e3o do projeto Sementes Presentes<br \/>\n<strong>Data:<\/strong> 17 de maio de 2017<br \/>\n<strong>Hor\u00e1rio:<\/strong> 8h30 (in\u00edcio das oficinas) e 17h (apresenta\u00e7\u00e3o Sementes Presentes)<br \/>\n<strong>Local:<\/strong> Audit\u00f3rio da Faculdade Alfa \u2013 Campus Almenara (Rua M\u00e1rio Jos\u00e9 de Souza, 11 \u2013 Parque S\u00e3o Jo\u00e3o, Almenara \u2013 MG)<br \/>\n<strong>Informa\u00e7\u00f5es:<\/strong> (31) 3915-9717 ou (31) 9 9916-0588<\/p>\n<p><strong>VER PRIMEIRO<\/strong><\/p>\n<p>Receba as not\u00edcias do Aconteceu no Vale em primeira m\u00e3o. Clique em curtir no endere\u00e7o <a href=\"https:\/\/www.facebook.com\/aconteceunovale\" target=\"_blank\"><font color=\"red\">www.facebook.com\/aconteceunovale<\/font><\/a> ou no box abaixo:<\/p>\n<div class=\"fb-like\" data-href=\"https:\/\/www.facebook.com\/aconteceunovale\" data-width=\"120\" data-layout=\"standard\" data-action=\"like\" data-size=\"small\" data-show-faces=\"true\" data-share=\"true\"><\/div>\n<p><\/br><\/p>\n<p><em>(Por Rafael Louren\u00e7o \/ Ascom SEDESE)<\/em><\/p>\n","protected":false},"excerpt":{"rendered":"<p>O Governo de Minas Gerais, por meio de uma a\u00e7\u00e3o conjunta das Secretarias de Estado de Desenvolvimento Agr\u00e1rio (Seda) e Educa\u00e7\u00e3o (SEE) e da Emater-MG, realiza nos dias 17 e 18 de maio, em Almenara, mais uma etapa do Circuito Alimenta\u00e7\u00e3o. O projeto, voltado para agricultores (as) familiares, gestores (as) escolares e t\u00e9cnicos (as) na [&hellip;]<\/p>\n","protected":false},"author":1,"featured_media":80303,"comment_status":"open","ping_status":"closed","sticky":false,"template":"","format":"standard","meta":{"amp_status":"","footnotes":""},"categories":[125,120],"tags":[142,149253,149251,198,247,205,149252,149249,149250,164],"class_list":["post-115064","post","type-post","status-publish","format-standard","has-post-thumbnail","hentry","category-noticias","category-jequi","tag-almenara","tag-apresentacao-do-projeto-sementes-presentes-em-almenara","tag-circuito-de-alimentacao-em-almenara","tag-diamantina","tag-governador-valadares","tag-januaria","tag-oficina-do-circuito-de-alimentacao-em-almenara","tag-oficina-para-agricultores-familiares-gestores-da-educacao-e-tecnicos-da-emater-mg-chega-a-almenara","tag-sementes-presentes-em-almenara","tag-teofilo-otoni"],"_links":{"self":[{"href":"https:\/\/aconteceunovale.com.br\/portal\/index.php?rest_route=\/wp\/v2\/posts\/115064","targetHints":{"allow":["GET"]}}],"collection":[{"href":"https:\/\/aconteceunovale.com.br\/portal\/index.php?rest_route=\/wp\/v2\/posts"}],"about":[{"href":"https:\/\/aconteceunovale.com.br\/portal\/index.php?rest_route=\/wp\/v2\/types\/post"}],"author":[{"embeddable":true,"href":"https:\/\/aconteceunovale.com.br\/portal\/index.php?rest_route=\/wp\/v2\/users\/1"}],"replies":[{"embeddable":true,"href":"https:\/\/aconteceunovale.com.br\/portal\/index.php?rest_route=%2Fwp%2Fv2%2Fcomments&post=115064"}],"version-history":[{"count":0,"href":"https:\/\/aconteceunovale.com.br\/portal\/index.php?rest_route=\/wp\/v2\/posts\/115064\/revisions"}],"wp:featuredmedia":[{"embeddable":true,"href":"https:\/\/aconteceunovale.com.br\/portal\/index.php?rest_route=\/wp\/v2\/media\/80303"}],"wp:attachment":[{"href":"https:\/\/aconteceunovale.com.br\/portal\/index.php?rest_route=%2Fwp%2Fv2%2Fmedia&parent=115064"}],"wp:term":[{"taxonomy":"category","embeddable":true,"href":"https:\/\/aconteceunovale.com.br\/portal\/index.php?rest_route=%2Fwp%2Fv2%2Fcategories&post=115064"},{"taxonomy":"post_tag","embeddable":true,"href":"https:\/\/aconteceunovale.com.br\/portal\/index.php?rest_route=%2Fwp%2Fv2%2Ftags&post=115064"}],"curies":[{"name":"wp","href":"https:\/\/api.w.org\/{rel}","templated":true}]}}