{"id":115058,"date":"2017-05-16T00:33:34","date_gmt":"2017-05-16T02:33:34","guid":{"rendered":"http:\/\/aconteceunovale.com.br\/portal\/?p=115058"},"modified":"2017-05-16T00:33:34","modified_gmt":"2017-05-16T02:33:34","slug":"lula-e-indiciado-pela-policia-federal-por-corrupcao-passiva","status":"publish","type":"post","link":"https:\/\/aconteceunovale.com.br\/portal\/?p=115058","title":{"rendered":"Lula \u00e9 indiciado pela Pol\u00edcia federal por corrup\u00e7\u00e3o passiva"},"content":{"rendered":"<p>O ex-presidente Luiz In\u00e1cio Lula da Silva foi indiciado hoje (15\/05\/2017) pela Pol\u00edcia federal pelo crime de corrup\u00e7\u00e3o passiva por suposta participa\u00e7\u00e3o na venda de uma medida provis\u00f3ria em inqu\u00e9rito oriundo da Opera\u00e7\u00e3o Zelotes. Em nota, a defesa de Lula repudiou \u201ctoda e qualquer ila\u00e7\u00e3o\u201d do envolvimento de Lula com atos e il\u00edcitos e considerou que o indiciamento faz parte da \u201cpersegui\u00e7\u00e3o pol\u00edtica\u201d sofrida pelo ex-presidente.<\/p>\n<p>Para a PF, o ex-presidente e mais 12 pessoas, entre ex-ministros da gest\u00e3o Lula e empres\u00e1rios, participaram de um esquema criminoso que resultou na edi\u00e7\u00e3o da Medida Provis\u00f3ria 471, que estendeu incentivos fiscais a montadoras e fabricantes de ve\u00edculos das regi\u00f5es Norte, Nordeste e Centro-Oeste.<\/p>\n<p>De acordo com o relat\u00f3rio da PF que segue para an\u00e1lise do Minist\u00e9rio P\u00fablico, que pode ou n\u00e3o oferecer den\u00fancia \u00e0 Justi\u00e7a, lobistas representando as montadoras teriam repassado ao PT de forma il\u00edcita cerca de R$ 6 milh\u00f5es para que a MP fosse publicada.<\/p>\n<p>Os advogados de Lula, disseram, em nota, desconhecer o teto do indiciamento e afirmaram que o ex-presidente tem sido \u201csubmetido, nos \u00faltimos dois anos, a verdadeira devassa e nenhuma prova foi encontrada, simplesmente porque n\u00e3o houve de sua parte qualquer ato de corrup\u00e7\u00e3o\u201d<\/p>\n<p>\u201cEssa onda de ataques s\u00f3 serve para refor\u00e7ar que nosso cliente \u00e9 v\u00edtima de persegui\u00e7\u00e3o pol\u00edtica por meio de procedimentos jur\u00eddicos, pr\u00e1tica reconhecida internacionalmente como lawfare, e que atenta contra o Estado Democr\u00e1tico de Direito\u201d, diz trecho da nota.<\/p>\n<p>A Opera\u00e7\u00e3o Zelotes investiga desvios no Conselho Administrativo de Recursos Fiscais (Carf), \u00f3rg\u00e3o que \u00e9 vinculado ao Minist\u00e9rio da Fazenda e \u00e9 a \u00faltima inst\u00e2ncia administrativa de recursos referentes a impostos e multas de contribuintes. De acordo com as investiga\u00e7\u00f5es, diversas empresas teriam participado de um esquema envolvendo o pagamento de propina a conselheiros para que manipulassem resultados dos julgamentos. Grandes executivos, como o presidente do Bradesco, Luiz Carlos Trabuco, s\u00e3o r\u00e9us em processos relativos \u00e0 Zelotes.<\/p>\n<p><strong>VER PRIMEIRO<\/strong><\/p>\n<p>Receba as not\u00edcias do Aconteceu no Vale em primeira m\u00e3o. Clique em curtir no endere\u00e7o <a href=\"https:\/\/www.facebook.com\/aconteceunovale\" target=\"_blank\"><font color=\"red\">www.facebook.com\/aconteceunovale<\/font><\/a> ou no box abaixo:<\/p>\n<div class=\"fb-like\" data-href=\"https:\/\/www.facebook.com\/aconteceunovale\" data-width=\"120\" data-layout=\"standard\" data-action=\"like\" data-size=\"small\" data-show-faces=\"true\" data-share=\"true\"><\/div>\n<p><\/br><\/p>\n<p><em>(Fonte: Ag\u00eancia Brasil)<\/em><\/p>\n","protected":false},"excerpt":{"rendered":"<p>O ex-presidente Luiz In\u00e1cio Lula da Silva foi indiciado hoje (15\/05\/2017) pela Pol\u00edcia federal pelo crime de corrup\u00e7\u00e3o passiva por suposta participa\u00e7\u00e3o na venda de uma medida provis\u00f3ria em inqu\u00e9rito oriundo da Opera\u00e7\u00e3o Zelotes. Em nota, a defesa de Lula repudiou \u201ctoda e qualquer ila\u00e7\u00e3o\u201d do envolvimento de Lula com atos e il\u00edcitos e considerou [&hellip;]<\/p>\n","protected":false},"author":1,"featured_media":81973,"comment_status":"open","ping_status":"closed","sticky":false,"template":"","format":"standard","meta":{"amp_status":"","footnotes":""},"categories":[6,40240],"tags":[149237,149239,149242,14124,7147,119140,149243,149238,130912,20966,149240,149241],"class_list":["post-115058","post","type-post","status-publish","format-standard","has-post-thumbnail","hentry","category-br","category-politica-2","tag-carf","tag-ex-presidente-luiz-inacio-lula-da-silva-indiciado-pela-pf","tag-indiciado-na-operacao-zelotes","tag-luiz-inacio-lula-da-silva","tag-lula","tag-lula-e-indiciado-pela-pf","tag-lula-e-indiciado-pela-policia-federal-por-corrupcao-passiva","tag-lula-indiciado","tag-operacao-zelotes","tag-pf","tag-pf-indicia-ex-presidente-luiz-inacio-lula-da-silva","tag-pf-indicia-lula"],"_links":{"self":[{"href":"https:\/\/aconteceunovale.com.br\/portal\/index.php?rest_route=\/wp\/v2\/posts\/115058","targetHints":{"allow":["GET"]}}],"collection":[{"href":"https:\/\/aconteceunovale.com.br\/portal\/index.php?rest_route=\/wp\/v2\/posts"}],"about":[{"href":"https:\/\/aconteceunovale.com.br\/portal\/index.php?rest_route=\/wp\/v2\/types\/post"}],"author":[{"embeddable":true,"href":"https:\/\/aconteceunovale.com.br\/portal\/index.php?rest_route=\/wp\/v2\/users\/1"}],"replies":[{"embeddable":true,"href":"https:\/\/aconteceunovale.com.br\/portal\/index.php?rest_route=%2Fwp%2Fv2%2Fcomments&post=115058"}],"version-history":[{"count":0,"href":"https:\/\/aconteceunovale.com.br\/portal\/index.php?rest_route=\/wp\/v2\/posts\/115058\/revisions"}],"wp:featuredmedia":[{"embeddable":true,"href":"https:\/\/aconteceunovale.com.br\/portal\/index.php?rest_route=\/wp\/v2\/media\/81973"}],"wp:attachment":[{"href":"https:\/\/aconteceunovale.com.br\/portal\/index.php?rest_route=%2Fwp%2Fv2%2Fmedia&parent=115058"}],"wp:term":[{"taxonomy":"category","embeddable":true,"href":"https:\/\/aconteceunovale.com.br\/portal\/index.php?rest_route=%2Fwp%2Fv2%2Fcategories&post=115058"},{"taxonomy":"post_tag","embeddable":true,"href":"https:\/\/aconteceunovale.com.br\/portal\/index.php?rest_route=%2Fwp%2Fv2%2Ftags&post=115058"}],"curies":[{"name":"wp","href":"https:\/\/api.w.org\/{rel}","templated":true}]}}