{"id":115055,"date":"2017-05-16T00:00:48","date_gmt":"2017-05-16T02:00:48","guid":{"rendered":"http:\/\/aconteceunovale.com.br\/portal\/?p=115055"},"modified":"2017-05-16T00:00:48","modified_gmt":"2017-05-16T02:00:48","slug":"duas-mulheres-sao-presas-com-seis-quilos-de-maconha-e-quase-r-100-mil-em-governador-valadares","status":"publish","type":"post","link":"https:\/\/aconteceunovale.com.br\/portal\/?p=115055","title":{"rendered":"Duas mulheres s\u00e3o presas com seis quilos de maconha e quase R$ 100 mil em Governador Valadares"},"content":{"rendered":"<p>Duas mulheres, de 48 e 51 anos, foram presas na tarde desta segunda-feira (15\/05\/2017) por tr\u00e1fico de drogas em Governador Valadares, no Vale do Rio Doce. Segundo a Pol\u00edcia Militar (PM), uma den\u00fancia an\u00f4nima informou que seria feita uma entrega de drogas a um chefe do tr\u00e1fico.<\/p>\n<p>Segundo a pol\u00edcia, um carro com as carater\u00edsticas descritas na den\u00fancia foi abordado no bairro S\u00e3o Pedro e a suspeita de 48 anos estava com cerca de dois quilos de maconha e aproximadamente R$ 2 mil. Ainda de acordo com a a PM, ela tentou subornar os policiais.<\/p>\n<p>Os policiais descobriram o endere\u00e7o da mulher e foram at\u00e9 o local, onde a outra envolvida, de 51 anos, foi encontrada. Na casa foram apreendidos cerca de quatro quilos de maconha e aproximadamente R$ 96 mil, escondidos dentro da m\u00e1quina de lavar, de um cesto de roupa suja e em um guarda-roupa.<\/p>\n<p>A PM informou ainda que a mulher de 48 anos, presa transportando a droga no carro, \u00e9 diretora do Centro de Refer\u00eancia Especializado para Pessoas em Situa\u00e7\u00e3o de Rua (Centro Pop), institui\u00e7\u00e3o que integra uma rede de servi\u00e7os e pol\u00edticas p\u00fablicas de aten\u00e7\u00e3o e resgate da cidadania dos moradores em situa\u00e7\u00e3o de rua.<\/p>\n<p>\u201cA primeira presa \u00e9 diretora de uma institui\u00e7\u00e3o de reabilita\u00e7\u00e3o de usu\u00e1rio de drogas, ela tem envolvimento com a institui\u00e7\u00e3o que deveria estar reabilitando os drogados, contudo, estava participando do tr\u00e1fico de drogas, vendendo para os participantes da institui\u00e7\u00e3o\u201d, pontuou o tenente T\u00falio da Cunha.<\/p>\n<p>Ainda segundo o militar, a diretora do Centro Pop n\u00e3o possu\u00eda passagens pela pol\u00edcia, mas \u00e9 irm\u00e3 de um traficante da cidade. A outra mulher tamb\u00e9m n\u00e3o tinha passagens. As duas foram presas e encaminhadas a Delegacia Civil da cidade.<\/p>\n<p><img decoding=\"async\" src=\"http:\/\/aconteceunovale.com.br\/portal\/wp-content\/uploads\/2017\/05\/trafico_gv_dinheiro.jpg\" alt=\"\" \/><em>Cerca de R$ 98 mil e seis quilos de maconha foram apreendidos (Foto: Divulga\u00e7\u00e3o\/8\u00aa RPM)<\/em><br \/>\n<\/br><\/p>\n<p><strong>VER PRIMEIRO<\/strong><\/p>\n<p>Receba as not\u00edcias do Aconteceu no Vale em primeira m\u00e3o. Clique em curtir no endere\u00e7o <a href=\"https:\/\/www.facebook.com\/aconteceunovale\" target=\"_blank\"><font color=\"red\">www.facebook.com\/aconteceunovale<\/font><\/a> ou no box abaixo:<\/p>\n<div class=\"fb-like\" data-href=\"https:\/\/www.facebook.com\/aconteceunovale\" data-width=\"120\" data-layout=\"standard\" data-action=\"like\" data-size=\"small\" data-show-faces=\"true\" data-share=\"true\"><\/div>\n<p><\/br><\/p>\n<p><em>(Fonte: G1 Vales e PM)<\/em><\/p>\n","protected":false},"excerpt":{"rendered":"<p>Duas mulheres, de 48 e 51 anos, foram presas na tarde desta segunda-feira (15\/05\/2017) por tr\u00e1fico de drogas em Governador Valadares, no Vale do Rio Doce. Segundo a Pol\u00edcia Militar (PM), uma den\u00fancia an\u00f4nima informou que seria feita uma entrega de drogas a um chefe do tr\u00e1fico. Segundo a pol\u00edcia, um carro com as carater\u00edsticas [&hellip;]<\/p>\n","protected":false},"author":1,"featured_media":115056,"comment_status":"open","ping_status":"closed","sticky":false,"template":"","format":"standard","meta":{"amp_status":"","footnotes":""},"categories":[121],"tags":[97044,149232,149233,149236,97045,149235,84012,149228,247,149230,149229,149234,149231,46661,62424],"class_list":["post-115055","post","type-post","status-publish","format-standard","has-post-thumbnail","hentry","category-leste","tag-apreensao-de-dinheiro-em-governador-valadares","tag-apreensao-de-droga-em-governador-valadares","tag-creas-pop","tag-creas-pop-de-governador-valadares","tag-dinheiro-apreendido-em-governador-valadares","tag-diretora-do-creas-pop-e-presa-com-drogas","tag-droga-apreendida-em-governador-valadares","tag-duas-mulheres-sao-presas-com-seis-quilos-de-maconha-e-quase-r-100-mil-em-governador-valadares","tag-governador-valadares","tag-mulheres-presas-com-drogas-em-governador-valadares","tag-presas-com-drogas-em-governador-valadares","tag-prisao-da-diretora-do-creas-pop","tag-traficantes-presas-em-governador-valadares","tag-trafico-de-drogas-em-governador-valadares","tag-trafico-em-governador-valadares"],"_links":{"self":[{"href":"https:\/\/aconteceunovale.com.br\/portal\/index.php?rest_route=\/wp\/v2\/posts\/115055","targetHints":{"allow":["GET"]}}],"collection":[{"href":"https:\/\/aconteceunovale.com.br\/portal\/index.php?rest_route=\/wp\/v2\/posts"}],"about":[{"href":"https:\/\/aconteceunovale.com.br\/portal\/index.php?rest_route=\/wp\/v2\/types\/post"}],"author":[{"embeddable":true,"href":"https:\/\/aconteceunovale.com.br\/portal\/index.php?rest_route=\/wp\/v2\/users\/1"}],"replies":[{"embeddable":true,"href":"https:\/\/aconteceunovale.com.br\/portal\/index.php?rest_route=%2Fwp%2Fv2%2Fcomments&post=115055"}],"version-history":[{"count":0,"href":"https:\/\/aconteceunovale.com.br\/portal\/index.php?rest_route=\/wp\/v2\/posts\/115055\/revisions"}],"wp:featuredmedia":[{"embeddable":true,"href":"https:\/\/aconteceunovale.com.br\/portal\/index.php?rest_route=\/wp\/v2\/media\/115056"}],"wp:attachment":[{"href":"https:\/\/aconteceunovale.com.br\/portal\/index.php?rest_route=%2Fwp%2Fv2%2Fmedia&parent=115055"}],"wp:term":[{"taxonomy":"category","embeddable":true,"href":"https:\/\/aconteceunovale.com.br\/portal\/index.php?rest_route=%2Fwp%2Fv2%2Fcategories&post=115055"},{"taxonomy":"post_tag","embeddable":true,"href":"https:\/\/aconteceunovale.com.br\/portal\/index.php?rest_route=%2Fwp%2Fv2%2Ftags&post=115055"}],"curies":[{"name":"wp","href":"https:\/\/api.w.org\/{rel}","templated":true}]}}