{"id":115050,"date":"2017-05-15T23:47:19","date_gmt":"2017-05-16T01:47:19","guid":{"rendered":"http:\/\/aconteceunovale.com.br\/portal\/?p=115050"},"modified":"2017-05-15T23:47:19","modified_gmt":"2017-05-16T01:47:19","slug":"motociclista-morre-apos-colidir-contra-cavalo-em-timoteo","status":"publish","type":"post","link":"https:\/\/aconteceunovale.com.br\/portal\/?p=115050","title":{"rendered":"Motociclista morre ap\u00f3s colidir contra cavalo em Tim\u00f3teo"},"content":{"rendered":"<p>Um homem de 44 anos morreu ap\u00f3s bater a moto que pilotava em um cavalo na manh\u00e3 desta segunda-feira (15\/05\/2017), no Bairro Alphaville, em Tim\u00f3teo. Testemunhas disseram \u00e0 Pol\u00edcia Militar que a v\u00edtima Lamoel Fernandes V\u00edtor seguia pela Avenida Pinheiro quando foi surpreendido pelo animal.<\/p>\n<p>Ap\u00f3s a colis\u00e3o, o homem caiu da motocicleta. Militares do Corpo de Bombeiros prestaram socorro e levaram Lamoel Fernandes a um hospital da cidade, mas ele n\u00e3o resistiu aos ferimentos e morreu.<\/p>\n<p>O respons\u00e1vel pelo animal solto na via n\u00e3o foi encontrado. A Pol\u00edcia Civil vai instaurar um inqu\u00e9rito para apurar os fatos.<\/p>\n<p><img decoding=\"async\" src=\"http:\/\/aconteceunovale.com.br\/portal\/wp-content\/uploads\/2017\/05\/acidente_animal_timoteo_1.jpg\" alt=\"\" \/><em>Registro de animais soltos em rua de Tim\u00f3teo (Foto: Reprodu\u00e7\u00e3o\/WhatsApp)<\/em><br \/>\n<\/br><\/p>\n<h3>Colis\u00e3o contra cavalo na BR-116, em Caratinga <\/h3>\n<p>Um motociclista de 21 anos ficou ferido na madrugada de domingo (14) ap\u00f3s colidir com um cavalo na BR-116, pr\u00f3ximo a Caratinga. Segundo a Pol\u00edcia Rodovi\u00e1ria Federal, o animal morreu na hora e o Corpo de Bombeiros foi acionado para socorrer o jovem, que estava sozinho na moto.<\/p>\n<p>Ainda de acordo com a PRF, a v\u00edtima fraturou o bra\u00e7o esquerdo e foi encaminhado para um pronto atendimento em Caratinga. O tr\u00e2nsito ficou parcialmente interrompido enquanto o jovem era socorrido. O animal morto tamb\u00e9m foi retirado da pista, que chegou a ser interditada, mas foi liberada pouco tempo ap\u00f3s o acidente.<\/p>\n<p><strong>VER PRIMEIRO<\/strong><\/p>\n<p>Receba as not\u00edcias do Aconteceu no Vale em primeira m\u00e3o. Clique em curtir no endere\u00e7o <a href=\"https:\/\/www.facebook.com\/aconteceunovale\" target=\"_blank\"><font color=\"red\">www.facebook.com\/aconteceunovale<\/font><\/a> ou no box abaixo:<\/p>\n<div class=\"fb-like\" data-href=\"https:\/\/www.facebook.com\/aconteceunovale\" data-width=\"120\" data-layout=\"standard\" data-action=\"like\" data-size=\"small\" data-show-faces=\"true\" data-share=\"true\"><\/div>\n<p><\/br><\/p>\n<p><em>(Com informa\u00e7\u00f5es do G1 Vales e PM)<\/em><\/p>\n","protected":false},"excerpt":{"rendered":"<p>Um homem de 44 anos morreu ap\u00f3s bater a moto que pilotava em um cavalo na manh\u00e3 desta segunda-feira (15\/05\/2017), no Bairro Alphaville, em Tim\u00f3teo. Testemunhas disseram \u00e0 Pol\u00edcia Militar que a v\u00edtima Lamoel Fernandes V\u00edtor seguia pela Avenida Pinheiro quando foi surpreendido pelo animal. Ap\u00f3s a colis\u00e3o, o homem caiu da motocicleta. Militares do [&hellip;]<\/p>\n","protected":false},"author":1,"featured_media":115053,"comment_status":"open","ping_status":"closed","sticky":false,"template":"","format":"standard","meta":{"amp_status":"","footnotes":""},"categories":[121],"tags":[149226,149219,106235,149225,149220,39606,19609,149221,149223,149224,81442,149218,149222,149227,1105],"class_list":["post-115050","post","type-post","status-publish","format-standard","has-post-thumbnail","hentry","category-leste","tag-acidente-com-cavalo-em-caratinga","tag-acidente-com-cavalo-em-timoteo","tag-acidente-com-cavalo-na-br-116","tag-acidente-com-cavalo-na-br-116-em-caratinga","tag-acidente-com-moto-em-timoteo","tag-acidente-em-caratinga","tag-acidente-em-timoteo","tag-colisao-contra-cavalo-em-timoteo","tag-colisao-contra-cavalo-na-br-116","tag-colisao-contra-cavalo-na-br-116-em-caratinga","tag-em-caratinga","tag-lamoel-fernandes-vitor","tag-motociclista-morre-apos-colidir-contra-cavalo-em-timoteo","tag-ronaldo-custodio-de-souza","tag-timoteo"],"_links":{"self":[{"href":"https:\/\/aconteceunovale.com.br\/portal\/index.php?rest_route=\/wp\/v2\/posts\/115050","targetHints":{"allow":["GET"]}}],"collection":[{"href":"https:\/\/aconteceunovale.com.br\/portal\/index.php?rest_route=\/wp\/v2\/posts"}],"about":[{"href":"https:\/\/aconteceunovale.com.br\/portal\/index.php?rest_route=\/wp\/v2\/types\/post"}],"author":[{"embeddable":true,"href":"https:\/\/aconteceunovale.com.br\/portal\/index.php?rest_route=\/wp\/v2\/users\/1"}],"replies":[{"embeddable":true,"href":"https:\/\/aconteceunovale.com.br\/portal\/index.php?rest_route=%2Fwp%2Fv2%2Fcomments&post=115050"}],"version-history":[{"count":0,"href":"https:\/\/aconteceunovale.com.br\/portal\/index.php?rest_route=\/wp\/v2\/posts\/115050\/revisions"}],"wp:featuredmedia":[{"embeddable":true,"href":"https:\/\/aconteceunovale.com.br\/portal\/index.php?rest_route=\/wp\/v2\/media\/115053"}],"wp:attachment":[{"href":"https:\/\/aconteceunovale.com.br\/portal\/index.php?rest_route=%2Fwp%2Fv2%2Fmedia&parent=115050"}],"wp:term":[{"taxonomy":"category","embeddable":true,"href":"https:\/\/aconteceunovale.com.br\/portal\/index.php?rest_route=%2Fwp%2Fv2%2Fcategories&post=115050"},{"taxonomy":"post_tag","embeddable":true,"href":"https:\/\/aconteceunovale.com.br\/portal\/index.php?rest_route=%2Fwp%2Fv2%2Ftags&post=115050"}],"curies":[{"name":"wp","href":"https:\/\/api.w.org\/{rel}","templated":true}]}}