{"id":115047,"date":"2017-05-15T22:16:52","date_gmt":"2017-05-16T00:16:52","guid":{"rendered":"http:\/\/aconteceunovale.com.br\/portal\/?p=115047"},"modified":"2017-05-15T22:16:52","modified_gmt":"2017-05-16T00:16:52","slug":"ministro-do-tse-libera-acao-contra-chapa-dilma-temer-para-julgamento","status":"publish","type":"post","link":"https:\/\/aconteceunovale.com.br\/portal\/?p=115047","title":{"rendered":"Ministro do TSE libera a\u00e7\u00e3o contra chapa Dilma-Temer para julgamento"},"content":{"rendered":"<p>O ministro do Tribunal Superior Eleitoral (TSE) Herman Benjamin liberou hoje (15\/05\/2017) para julgamento a a\u00e7\u00e3o em que o PSDB pede a cassa\u00e7\u00e3o da chapa Dilma-Temer, vencedora das elei\u00e7\u00f5es presidenciais de 2014. Com a decis\u00e3o, a a\u00e7\u00e3o voltar\u00e1 a ser julgada a partir da semana que vem. Caber\u00e1 ao presidente do tribunal, ministro Gilmar Mendes, marcar a data da sess\u00e3o.<\/p>\n<p>A libera\u00e7\u00e3o para julgamento ocorreu ap\u00f3s a chegada da manifesta\u00e7\u00e3o do Minist\u00e9rio P\u00fablico Eleitoral (MPE) e das alega\u00e7\u00f5es finais das defesas do presidente Michel Temer e da ex-presidenta Dilma Rousseff. O novo parecer, feito pelo vice-procurador eleitoral, Nicolau Dino, repete o posicionamento enviado ao TSE em mar\u00e7o, antes da interrup\u00e7\u00e3o do julgamento. De acordo com o procurador, al\u00e9m da cassa\u00e7\u00e3o da chapa, o tribunal tamb\u00e9m deve considerar a ex-presidenta ineleg\u00edvel por oito anos.<\/p>\n<p><strong>Processo<\/strong><\/p>\n<p>Ap\u00f3s o resultado das elei\u00e7\u00f5es de 2014, o PSDB entrou com a a\u00e7\u00e3o, e o TSE come\u00e7ou a julgar suspeitas de irregularidade nos repasses a gr\u00e1ficas que prestaram servi\u00e7os para a campanha eleitoral de Dilma e Temer. Recentemente, Herman Benjamin decidiu incluir no processo o depoimento dos delatores ligados \u00e0 empreiteira Odebrecht investigados na Opera\u00e7\u00e3o Lava Jato. Os delatores relataram que fizeram repasses ilegais para a campanha presidencial.<\/p>\n<p>Em dezembro de 2014, as contas da campanha da ent\u00e3o presidenta Dilma Rousseff e de seu vice, Michel Temer, foram aprovadas com ressalvas e por unanimidade no TSE. No entanto, o processo foi reaberto porque o PSDB questionou a aprova\u00e7\u00e3o, por entender que h\u00e1 irregularidades nas presta\u00e7\u00f5es de contas apresentadas por Dilma, que teria recebido recursos do esquema de corrup\u00e7\u00e3o investigado na Lava Jato. Segundo entendimento do TSE, a presta\u00e7\u00e3o cont\u00e1bil da presidenta e do vice-presidente \u00e9 julgada em conjunto.<\/p>\n<p>A campanha de Dilma Rousseff nega qualquer irregularidade e sustenta que todo o processo de contrata\u00e7\u00e3o das empresas e de distribui\u00e7\u00e3o dos produtos foi documentado e monitorado. A defesa do presidente Michel Temer sustenta que a campanha eleitoral do PMDB n\u00e3o tem rela\u00e7\u00e3o com os pagamentos suspeitos. De acordo com os advogados, n\u00e3o se tem conhecimento de qualquer irregularidade no pagamento dos servi\u00e7os.<\/p>\n<p><strong>VER PRIMEIRO<\/strong><\/p>\n<p>Receba as not\u00edcias do Aconteceu no Vale em primeira m\u00e3o. Clique em curtir no endere\u00e7o <a href=\"https:\/\/www.facebook.com\/aconteceunovale\" target=\"_blank\"><font color=\"red\">www.facebook.com\/aconteceunovale<\/font><\/a> ou no box abaixo:<\/p>\n<div class=\"fb-like\" data-href=\"https:\/\/www.facebook.com\/aconteceunovale\" data-width=\"120\" data-layout=\"standard\" data-action=\"like\" data-size=\"small\" data-show-faces=\"true\" data-share=\"true\"><\/div>\n<p><\/br><\/p>\n<p><em>(Fonte: Ag\u00eancia Brasil)<\/em><\/p>\n","protected":false},"excerpt":{"rendered":"<p>O ministro do Tribunal Superior Eleitoral (TSE) Herman Benjamin liberou hoje (15\/05\/2017) para julgamento a a\u00e7\u00e3o em que o PSDB pede a cassa\u00e7\u00e3o da chapa Dilma-Temer, vencedora das elei\u00e7\u00f5es presidenciais de 2014. Com a decis\u00e3o, a a\u00e7\u00e3o voltar\u00e1 a ser julgada a partir da semana que vem. Caber\u00e1 ao presidente do tribunal, ministro Gilmar Mendes, [&hellip;]<\/p>\n","protected":false},"author":1,"featured_media":115048,"comment_status":"open","ping_status":"closed","sticky":false,"template":"","format":"standard","meta":{"amp_status":"","footnotes":""},"categories":[6,40240],"tags":[149216,149213,149215,132830,101961,149210,94320,149214,149211,149217,149212,267],"class_list":["post-115047","post","type-post","status-publish","format-standard","has-post-thumbnail","hentry","category-br","category-politica-2","tag-acao-que-pede-cassacao-da-chapa-dilma-temer","tag-avaliacao-da-chapa-dilma-temer","tag-cassacao-da-chapa-dilma-temer","tag-chapa-dilma-temer","tag-contas-de-campanha","tag-eleicao-de-2014","tag-herman-benjamin","tag-investigacao-da-chapa-dilma-temer","tag-julgamento-da-chapa-dilma-temer","tag-ministro-do-tse-libera-acao-contra-chapa-dilma-temer-para-julgamento","tag-processo-da-chapa-dilma-temer","tag-tse"],"_links":{"self":[{"href":"https:\/\/aconteceunovale.com.br\/portal\/index.php?rest_route=\/wp\/v2\/posts\/115047","targetHints":{"allow":["GET"]}}],"collection":[{"href":"https:\/\/aconteceunovale.com.br\/portal\/index.php?rest_route=\/wp\/v2\/posts"}],"about":[{"href":"https:\/\/aconteceunovale.com.br\/portal\/index.php?rest_route=\/wp\/v2\/types\/post"}],"author":[{"embeddable":true,"href":"https:\/\/aconteceunovale.com.br\/portal\/index.php?rest_route=\/wp\/v2\/users\/1"}],"replies":[{"embeddable":true,"href":"https:\/\/aconteceunovale.com.br\/portal\/index.php?rest_route=%2Fwp%2Fv2%2Fcomments&post=115047"}],"version-history":[{"count":0,"href":"https:\/\/aconteceunovale.com.br\/portal\/index.php?rest_route=\/wp\/v2\/posts\/115047\/revisions"}],"wp:featuredmedia":[{"embeddable":true,"href":"https:\/\/aconteceunovale.com.br\/portal\/index.php?rest_route=\/wp\/v2\/media\/115048"}],"wp:attachment":[{"href":"https:\/\/aconteceunovale.com.br\/portal\/index.php?rest_route=%2Fwp%2Fv2%2Fmedia&parent=115047"}],"wp:term":[{"taxonomy":"category","embeddable":true,"href":"https:\/\/aconteceunovale.com.br\/portal\/index.php?rest_route=%2Fwp%2Fv2%2Fcategories&post=115047"},{"taxonomy":"post_tag","embeddable":true,"href":"https:\/\/aconteceunovale.com.br\/portal\/index.php?rest_route=%2Fwp%2Fv2%2Ftags&post=115047"}],"curies":[{"name":"wp","href":"https:\/\/api.w.org\/{rel}","templated":true}]}}