{"id":115044,"date":"2017-05-15T20:18:35","date_gmt":"2017-05-15T22:18:35","guid":{"rendered":"http:\/\/aconteceunovale.com.br\/portal\/?p=115044"},"modified":"2017-05-15T20:18:35","modified_gmt":"2017-05-15T22:18:35","slug":"carga-de-madeira-nativa-e-apreendida-na-br-116-em-teofilo-otoni","status":"publish","type":"post","link":"https:\/\/aconteceunovale.com.br\/portal\/?p=115044","title":{"rendered":"Carga de madeira nativa \u00e9 apreendida na BR-116, em Te\u00f3filo Otoni"},"content":{"rendered":"<p>Um homem de 40 anos foi preso na manh\u00e3 desta segunda-feira (15\/05\/2017) no quil\u00f4metro 278 da BR-116, em Te\u00f3filo Otoni. Segundo a Pol\u00edcia Rodovi\u00e1ria Federal (PRF), ele conduzia um caminh\u00e3o (placa de Cara\u00ed) carregado com madeira da esp\u00e9cie ma\u00e7aranduba, j\u00e1 serrada.<\/p>\n<p>A carga foi apreendida por se tratar de madeira da mata nativa, a qual exige autoriza\u00e7\u00e3o ambiental para ser comercializada, sendo que o caminhoneiro R.F.M n\u00e3o possu\u00eda autoriza\u00e7\u00e3o dos \u00f3rg\u00e3os ambientais competentes. Al\u00e9m disso, o ve\u00edculo foi flagrado com 41.672 quilos de peso, excedendo em 12.672 quilos o permitido pela legisla\u00e7\u00e3o.<\/p>\n<p>Ainda de acordo com a PRF, tamb\u00e9m foi constatado que o motorista havia feito uso de anfetaminas conhecidas como arrebite, ato que foi confirmado pelo suspeito, que afirmou que utilizou a subst\u00e2ncia para poder dirigir durante a madrugada.<\/p>\n<p>A carga foi apreendida e o condutor foi conduzido \u00e0 Delegacia de Pol\u00edcia Civil em Te\u00f3filo Otoni.<\/p>\n<p><img decoding=\"async\" src=\"http:\/\/aconteceunovale.com.br\/portal\/wp-content\/uploads\/2017\/05\/caminhao_madeira_irregular.jpg\" alt=\"\" \/><em>Caminhoneiro transportava carga ilegal e com excesso de peso (Foto: PRF\/Divulga\u00e7\u00e3o)<\/em><br \/>\n<\/br><\/p>\n<p><strong>VER PRIMEIRO<\/strong><\/p>\n<p>Receba as not\u00edcias do Aconteceu no Vale em primeira m\u00e3o. Clique em curtir no endere\u00e7o <a href=\"https:\/\/www.facebook.com\/aconteceunovale\" target=\"_blank\"><font color=\"red\">www.facebook.com\/aconteceunovale<\/font><\/a> ou no box abaixo:<\/p>\n<div class=\"fb-like\" data-href=\"https:\/\/www.facebook.com\/aconteceunovale\" data-width=\"120\" data-layout=\"standard\" data-action=\"like\" data-size=\"small\" data-show-faces=\"true\" data-share=\"true\"><\/div>\n<p><\/br><\/p>\n<p><em>(Fonte: G1 Vales e PRF)<\/em><\/p>\n","protected":false},"excerpt":{"rendered":"<p>Um homem de 40 anos foi preso na manh\u00e3 desta segunda-feira (15\/05\/2017) no quil\u00f4metro 278 da BR-116, em Te\u00f3filo Otoni. Segundo a Pol\u00edcia Rodovi\u00e1ria Federal (PRF), ele conduzia um caminh\u00e3o (placa de Cara\u00ed) carregado com madeira da esp\u00e9cie ma\u00e7aranduba, j\u00e1 serrada. A carga foi apreendida por se tratar de madeira da mata nativa, a qual [&hellip;]<\/p>\n","protected":false},"author":1,"featured_media":115045,"comment_status":"open","ping_status":"closed","sticky":false,"template":"","format":"standard","meta":{"amp_status":"","footnotes":""},"categories":[122],"tags":[149209,149208,149207,149205,149206,58435,164],"class_list":["post-115044","post","type-post","status-publish","format-standard","has-post-thumbnail","hentry","category-mucuri","tag-caminhao-de-carai-apreendido-em-teofilo-otoni","tag-caminhoneiro-de-carai-preso-em-teofilo-otoni","tag-caminhoneiro-preso-em-teofilo-otoni","tag-carga-de-madeira-nativa-e-apreendida-na-br-116","tag-carga-de-madeira-nativa-e-apreendida-na-br-116-em-teofilo-otoni","tag-em-teofilo-otoni","tag-teofilo-otoni"],"_links":{"self":[{"href":"https:\/\/aconteceunovale.com.br\/portal\/index.php?rest_route=\/wp\/v2\/posts\/115044","targetHints":{"allow":["GET"]}}],"collection":[{"href":"https:\/\/aconteceunovale.com.br\/portal\/index.php?rest_route=\/wp\/v2\/posts"}],"about":[{"href":"https:\/\/aconteceunovale.com.br\/portal\/index.php?rest_route=\/wp\/v2\/types\/post"}],"author":[{"embeddable":true,"href":"https:\/\/aconteceunovale.com.br\/portal\/index.php?rest_route=\/wp\/v2\/users\/1"}],"replies":[{"embeddable":true,"href":"https:\/\/aconteceunovale.com.br\/portal\/index.php?rest_route=%2Fwp%2Fv2%2Fcomments&post=115044"}],"version-history":[{"count":0,"href":"https:\/\/aconteceunovale.com.br\/portal\/index.php?rest_route=\/wp\/v2\/posts\/115044\/revisions"}],"wp:featuredmedia":[{"embeddable":true,"href":"https:\/\/aconteceunovale.com.br\/portal\/index.php?rest_route=\/wp\/v2\/media\/115045"}],"wp:attachment":[{"href":"https:\/\/aconteceunovale.com.br\/portal\/index.php?rest_route=%2Fwp%2Fv2%2Fmedia&parent=115044"}],"wp:term":[{"taxonomy":"category","embeddable":true,"href":"https:\/\/aconteceunovale.com.br\/portal\/index.php?rest_route=%2Fwp%2Fv2%2Fcategories&post=115044"},{"taxonomy":"post_tag","embeddable":true,"href":"https:\/\/aconteceunovale.com.br\/portal\/index.php?rest_route=%2Fwp%2Fv2%2Ftags&post=115044"}],"curies":[{"name":"wp","href":"https:\/\/api.w.org\/{rel}","templated":true}]}}