{"id":115039,"date":"2017-05-15T14:22:56","date_gmt":"2017-05-15T16:22:56","guid":{"rendered":"http:\/\/aconteceunovale.com.br\/portal\/?p=115039"},"modified":"2017-05-15T14:22:56","modified_gmt":"2017-05-15T16:22:56","slug":"colisao-entre-carros-deixa-um-morto-e-dois-feridos-na-br-458-no-vale-do-aco","status":"publish","type":"post","link":"https:\/\/aconteceunovale.com.br\/portal\/?p=115039","title":{"rendered":"Colis\u00e3o entre carros deixa um morto e dois feridos na BR-458, no Vale do A\u00e7o"},"content":{"rendered":"<p>Uma pessoa morreu e duas ficaram feridas em um grave acidente envolvendo dois carros na altura do quil\u00f4metro 112 da BR-458, trecho do munic\u00edpio de Iapu, na madrugada desta segunda-feira (15\/05\/2017). De acordo com a Pol\u00edcia Rodovi\u00e1ria Estadual (PRE), o condutor de um Honda Civic, placa final 8580 (Iapu), relatou que seguia pela rodovia em sentido decrescente e ao sair de uma curva acentuada a esquerda, deparou com o VW Voyage, licenciado em Coronel Fabriciano, que trafegava em sentido oposto. <\/p>\n<p>Ainda segundo a PRE, o motorista do Civic disse que ainda tentou desviar, mas n\u00e3o deu tempo e ocorreu a colis\u00e3o frontal. Ap\u00f3s a batida, os dois autom\u00f3veis rodaram na pista. <\/p>\n<p>Com o impacto do acidente, Jandir de Sales J\u00fanior, de 59 anos, que dirigia o Honda Civic, ficou gravemente ferido e faleceu no local. Uma passageira do autom\u00f3vel e o motorista do Voyage foram encaminhados para o Hospital M\u00e1rcio Cunha, em Ipatinga. O estado de sa\u00fade das v\u00edtimas n\u00e3o foi divulgado.<\/p>\n<p>A Per\u00edcia T\u00e9cnica da Pol\u00edcia Civil compareceu ao local e ap\u00f3s os trabalhos de praxe, o corpo foi removido ao Instituto M\u00e9dico Legal (IML). As causas do acidente ser\u00e3o investigadas.<\/p>\n<p><img decoding=\"async\" src=\"http:\/\/aconteceunovale.com.br\/portal\/wp-content\/uploads\/2017\/05\/acidente_iapu.jpeg\" alt=\"\" \/><em>Acidente aconteceu no km 112 da BR-458 (Foto: Divulga\u00e7\u00e3o\/Corpo de Bombeiros)<\/em><br \/>\n<\/br><\/p>\n<p><strong>VER PRIMEIRO<\/strong><\/p>\n<p>Receba as not\u00edcias do Aconteceu no Vale em primeira m\u00e3o. Clique em curtir no endere\u00e7o <a href=\"https:\/\/www.facebook.com\/aconteceunovale\" target=\"_blank\"><font color=\"red\">www.facebook.com\/aconteceunovale<\/font><\/a> ou no box abaixo:<\/p>\n<div class=\"fb-like\" data-href=\"https:\/\/www.facebook.com\/aconteceunovale\" data-width=\"120\" data-layout=\"standard\" data-action=\"like\" data-size=\"small\" data-show-faces=\"true\" data-share=\"true\"><\/div>\n<p><\/br><\/p>\n<p><em>(Reda\u00e7\u00e3o do Aconteceu no Vale)<\/em><\/p>\n","protected":false},"excerpt":{"rendered":"<p>Uma pessoa morreu e duas ficaram feridas em um grave acidente envolvendo dois carros na altura do quil\u00f4metro 112 da BR-458, trecho do munic\u00edpio de Iapu, na madrugada desta segunda-feira (15\/05\/2017). De acordo com a Pol\u00edcia Rodovi\u00e1ria Estadual (PRE), o condutor de um Honda Civic, placa final 8580 (Iapu), relatou que seguia pela rodovia em [&hellip;]<\/p>\n","protected":false},"author":1,"featured_media":115040,"comment_status":"open","ping_status":"closed","sticky":false,"template":"","format":"standard","meta":{"amp_status":"","footnotes":""},"categories":[121],"tags":[59387,59389,50739,149202,149204,149203,1524,1018,1722,201,149199,149200,63064,149201],"class_list":["post-115039","post","type-post","status-publish","format-standard","has-post-thumbnail","hentry","category-leste","tag-acidente-em-iapu","tag-acidente-na-br-458-em-iapu","tag-acidente-na-br-458","tag-colisao-entre-carros-deixa-um-morto-e-dois-feridos-na-br-458","tag-colisao-entre-carros-deixa-um-morto-e-dois-feridos-na-br-458-em-iapu","tag-colisao-entre-carros-deixa-um-morto-e-dois-feridos-na-br-458-no-vale-do-aco","tag-coronel-fabriciano","tag-destaque","tag-iapu","tag-ipatinga","tag-jandir-de-sales-junior","tag-lavio-ferreira","tag-no-vale-do-aco","tag-sheila-maria-ferreira-de-sales"],"_links":{"self":[{"href":"https:\/\/aconteceunovale.com.br\/portal\/index.php?rest_route=\/wp\/v2\/posts\/115039","targetHints":{"allow":["GET"]}}],"collection":[{"href":"https:\/\/aconteceunovale.com.br\/portal\/index.php?rest_route=\/wp\/v2\/posts"}],"about":[{"href":"https:\/\/aconteceunovale.com.br\/portal\/index.php?rest_route=\/wp\/v2\/types\/post"}],"author":[{"embeddable":true,"href":"https:\/\/aconteceunovale.com.br\/portal\/index.php?rest_route=\/wp\/v2\/users\/1"}],"replies":[{"embeddable":true,"href":"https:\/\/aconteceunovale.com.br\/portal\/index.php?rest_route=%2Fwp%2Fv2%2Fcomments&post=115039"}],"version-history":[{"count":0,"href":"https:\/\/aconteceunovale.com.br\/portal\/index.php?rest_route=\/wp\/v2\/posts\/115039\/revisions"}],"wp:featuredmedia":[{"embeddable":true,"href":"https:\/\/aconteceunovale.com.br\/portal\/index.php?rest_route=\/wp\/v2\/media\/115040"}],"wp:attachment":[{"href":"https:\/\/aconteceunovale.com.br\/portal\/index.php?rest_route=%2Fwp%2Fv2%2Fmedia&parent=115039"}],"wp:term":[{"taxonomy":"category","embeddable":true,"href":"https:\/\/aconteceunovale.com.br\/portal\/index.php?rest_route=%2Fwp%2Fv2%2Fcategories&post=115039"},{"taxonomy":"post_tag","embeddable":true,"href":"https:\/\/aconteceunovale.com.br\/portal\/index.php?rest_route=%2Fwp%2Fv2%2Ftags&post=115039"}],"curies":[{"name":"wp","href":"https:\/\/api.w.org\/{rel}","templated":true}]}}