{"id":115034,"date":"2017-05-15T13:49:35","date_gmt":"2017-05-15T15:49:35","guid":{"rendered":"http:\/\/aconteceunovale.com.br\/portal\/?p=115034"},"modified":"2017-05-15T13:53:53","modified_gmt":"2017-05-15T15:53:53","slug":"motociclista-fica-gravemente-ferido-apos-ser-atingido-por-caminhao-em-montes-claros","status":"publish","type":"post","link":"https:\/\/aconteceunovale.com.br\/portal\/?p=115034","title":{"rendered":"Motociclista fica gravemente ferido ap\u00f3s ser atingido por caminh\u00e3o em Montes Claros"},"content":{"rendered":"<p>Um motociclista de 39 anos ficou ferido em um acidente, na manh\u00e3 desta segunda-feira (15\/05\/2017), na BR-135, pr\u00f3ximo ao posto da Pol\u00edcia Rodovi\u00e1ria Federal (PRF), em Montes Claros. De acordo com a PRF, um caminh\u00e3o colidiu contra a lateral da moto e a v\u00edtima foi arrastada por aproximadamente dois quil\u00f4metros.<\/p>\n<p>Ainda de acordo com a pol\u00edcia, o caminh\u00e3o, com placas de Itapetininga (SP), seguia no sentido Bocaiuva para Montes Claros quando atingiu o motociclista, que tentava entrar em uma estrada vicinal pr\u00f3ximo a um trevo. Segundo o SAMU, o homem foi levado para a Santa Casa com politraumatismo e traumatismo cranioencef\u00e1lico grave.<\/p>\n<p>O caminhoneiro n\u00e3o ficou ferido e fez o teste do baf\u00f4metro, que deu negativo. A pista ficou interditada durante o socorro, mas j\u00e1 foi liberada.<\/p>\n<p><img decoding=\"async\" src=\"http:\/\/aconteceunovale.com.br\/portal\/wp-content\/uploads\/2017\/05\/acidente_moc_1.jpg\" alt=\"\" \/><em>Motociclista foi arrastado por aproximadamente dois quil\u00f4metros (Foto: PRF\/Divulga\u00e7\u00e3o)<\/em><br \/>\n<\/br><\/p>\n<h3>Acidente entre moto e carro na BR-365<\/h3>\n<p>Na BR-365, pr\u00f3ximo ao povoado de Canto do Engenho, uma mulher, de 21 anos, e um homem, de 37, ficaram feridos em um acidente envolvendo uma moto e um carro, na manh\u00e3 desta segunda. Segundo as primeiras informa\u00e7\u00f5es do Samu, as v\u00edtimas estavam na motocicleta e foram socorridas at\u00e9 um hospital de Montes Claros.<\/p>\n<p><strong>VER PRIMEIRO<\/strong><\/p>\n<p>Receba as not\u00edcias do Aconteceu no Vale em primeira m\u00e3o. Clique em curtir no endere\u00e7o <a href=\"https:\/\/www.facebook.com\/aconteceunovale\" target=\"_blank\"><font color=\"red\">www.facebook.com\/aconteceunovale<\/font><\/a> ou no box abaixo:<\/p>\n<div class=\"fb-like\" data-href=\"https:\/\/www.facebook.com\/aconteceunovale\" data-width=\"120\" data-layout=\"standard\" data-action=\"like\" data-size=\"small\" data-show-faces=\"true\" data-share=\"true\"><\/div>\n<p><\/br><\/p>\n<p><em>(Fonte: G1 Grande Minas e SAMU Macro Norte)<\/em><\/p>\n","protected":false},"excerpt":{"rendered":"<p>Um motociclista de 39 anos ficou ferido em um acidente, na manh\u00e3 desta segunda-feira (15\/05\/2017), na BR-135, pr\u00f3ximo ao posto da Pol\u00edcia Rodovi\u00e1ria Federal (PRF), em Montes Claros. De acordo com a PRF, um caminh\u00e3o colidiu contra a lateral da moto e a v\u00edtima foi arrastada por aproximadamente dois quil\u00f4metros. Ainda de acordo com a [&hellip;]<\/p>\n","protected":false},"author":1,"featured_media":115035,"comment_status":"open","ping_status":"closed","sticky":false,"template":"","format":"standard","meta":{"amp_status":"","footnotes":""},"categories":[1236],"tags":[149197,149198,16673,149194,31601,78508,149195,2981,1018,25228,149196],"class_list":["post-115034","post","type-post","status-publish","format-standard","has-post-thumbnail","hentry","category-norte_de_minas","tag-acidente-caminhao-de-itapetininga","tag-acidente-caminhoneiro-de-itapetininga","tag-acidente-em-montes-claros","tag-acidente-entre-moto-e-carro-na-br-365","tag-acidente-na-br-365","tag-acidente-na-br-365-em-montes-claros","tag-acidente-perto-do-posto-da-prf-em-montes-claros","tag-br-365","tag-destaque","tag-itapetininga","tag-motociclista-fica-gravemente-ferido-apos-ser-atingido-por-caminhao-em-montes-claros"],"_links":{"self":[{"href":"https:\/\/aconteceunovale.com.br\/portal\/index.php?rest_route=\/wp\/v2\/posts\/115034","targetHints":{"allow":["GET"]}}],"collection":[{"href":"https:\/\/aconteceunovale.com.br\/portal\/index.php?rest_route=\/wp\/v2\/posts"}],"about":[{"href":"https:\/\/aconteceunovale.com.br\/portal\/index.php?rest_route=\/wp\/v2\/types\/post"}],"author":[{"embeddable":true,"href":"https:\/\/aconteceunovale.com.br\/portal\/index.php?rest_route=\/wp\/v2\/users\/1"}],"replies":[{"embeddable":true,"href":"https:\/\/aconteceunovale.com.br\/portal\/index.php?rest_route=%2Fwp%2Fv2%2Fcomments&post=115034"}],"version-history":[{"count":0,"href":"https:\/\/aconteceunovale.com.br\/portal\/index.php?rest_route=\/wp\/v2\/posts\/115034\/revisions"}],"wp:featuredmedia":[{"embeddable":true,"href":"https:\/\/aconteceunovale.com.br\/portal\/index.php?rest_route=\/wp\/v2\/media\/115035"}],"wp:attachment":[{"href":"https:\/\/aconteceunovale.com.br\/portal\/index.php?rest_route=%2Fwp%2Fv2%2Fmedia&parent=115034"}],"wp:term":[{"taxonomy":"category","embeddable":true,"href":"https:\/\/aconteceunovale.com.br\/portal\/index.php?rest_route=%2Fwp%2Fv2%2Fcategories&post=115034"},{"taxonomy":"post_tag","embeddable":true,"href":"https:\/\/aconteceunovale.com.br\/portal\/index.php?rest_route=%2Fwp%2Fv2%2Ftags&post=115034"}],"curies":[{"name":"wp","href":"https:\/\/api.w.org\/{rel}","templated":true}]}}