{"id":115018,"date":"2017-05-15T09:22:45","date_gmt":"2017-05-15T11:22:45","guid":{"rendered":"http:\/\/aconteceunovale.com.br\/portal\/?p=115018"},"modified":"2017-05-15T15:53:41","modified_gmt":"2017-05-15T17:53:41","slug":"casal-de-estrangeiros-morre-em-acidente-na-br-116-em-teofilo-otoni","status":"publish","type":"post","link":"https:\/\/aconteceunovale.com.br\/portal\/?p=115018","title":{"rendered":"Casal de estrangeiros morre em acidente na BR-116, em Te\u00f3filo Otoni"},"content":{"rendered":"<p>Duas pessoas morreram em um grave acidente nesse domingo (14\/05\/2017), na BR-116, munic\u00edpio de Te\u00f3filo Otoni, no Vale do Mucuri. Segundo informa\u00e7\u00f5es da Pol\u00edcia Rodovi\u00e1ria Federal (PRF), a colis\u00e3o entre uma carreta e um carro aconteceu no quil\u00f4metro 269, na altura da Serra do Nicoletti. <\/p>\n<p>As v\u00edtimas, um su\u00ed\u00e7o e uma colombiana, faziam um tour pela regi\u00e3o em um Jeep acoplado com um trailer tipo motor home quando ocorreu a batida. <\/p>\n<p>A suspeita inicial \u00e9 que o carro tenha apresentado uma falha mec\u00e2nica na descida. O ve\u00edculo estava em velocidade compat\u00edvel para o trecho, mas atravessou a pista contr\u00e1ria e colidiu contra o ve\u00edculo de carga. <\/p>\n<p>Com o impacto, o carro ficou completamente destru\u00eddo.  Maria Del Pilar Castellano Puentes, de 55 anos, e Eugen Moritz, de 62, ficaram gravemente feridos e faleceram no local. <\/p>\n<p>A Per\u00edcia T\u00e9cnica da Pol\u00edcia Civil foi acionada e ap\u00f3s os trabalhos de praxe, os corpos foram removidos ao Instituto M\u00e9dico Legal (IML) em Te\u00f3filo Otoni. As causas e circunst\u00e2ncias da trag\u00e9dia ser\u00e3o apuradas.<\/p>\n<p><img decoding=\"async\" src=\"http:\/\/aconteceunovale.com.br\/portal\/wp-content\/uploads\/2017\/05\/acidente_colombianos_1.jpg\" alt=\"\" \/><em>A colombiana Maria Del Pilar tinha 55 anos (Foto: Cedida por Fantoni Pesso)<\/em><br \/>\n<\/br><\/p>\n<p><img decoding=\"async\" src=\"http:\/\/aconteceunovale.com.br\/portal\/wp-content\/uploads\/2017\/05\/acidente_colombianos_2.jpg\" alt=\"\" \/><em>O su\u00ed\u00e7o Moritz Eugen tinha 62 anos (Foto: Cedida por Fantoni Pesso)<\/em><br \/>\n<\/br><\/p>\n<h3>V\u00eddeo<\/h3>\n<p><iframe loading=\"lazy\" width=\"640\" height=\"360\" src=\"https:\/\/www.youtube.com\/embed\/k5Ri77Dfn8k\" frameborder=\"0\" allowfullscreen><\/iframe><br \/>\n<\/br><\/p>\n<h3>Fotos<\/h3>\n<p><img decoding=\"async\" src=\"http:\/\/aconteceunovale.com.br\/portal\/wp-content\/uploads\/2017\/05\/acidente_teo_colombianos_2.jpg\" alt=\"\" \/><\/p>\n<p><img decoding=\"async\" src=\"http:\/\/aconteceunovale.com.br\/portal\/wp-content\/uploads\/2017\/05\/acidente_teo_colombianos_3.jpg\" alt=\"\" \/><\/p>\n<p><img decoding=\"async\" src=\"http:\/\/aconteceunovale.com.br\/portal\/wp-content\/uploads\/2017\/05\/acidente_teo_colombianos_4.jpg\" alt=\"\" \/><br \/>\n<\/br><\/p>\n<p><strong>VER PRIMEIRO<\/strong><\/p>\n<p>Receba as not\u00edcias do Aconteceu no Vale em primeira m\u00e3o. Clique em curtir no endere\u00e7o <a href=\"https:\/\/www.facebook.com\/aconteceunovale\" target=\"_blank\"><font color=\"red\">www.facebook.com\/aconteceunovale<\/font><\/a> ou no box abaixo:<\/p>\n<div class=\"fb-like\" data-href=\"https:\/\/www.facebook.com\/aconteceunovale\" data-width=\"120\" data-layout=\"standard\" data-action=\"like\" data-size=\"small\" data-show-faces=\"true\" data-share=\"true\"><\/div>\n<p><\/br><\/p>\n<p><em>(Reda\u00e7\u00e3o do Aconteceu no Vale \/ Fotos: Reprodu\u00e7\u00e3o WhatsApp)<\/em><\/p>\n","protected":false},"excerpt":{"rendered":"<p>Duas pessoas morreram em um grave acidente nesse domingo (14\/05\/2017), na BR-116, munic\u00edpio de Te\u00f3filo Otoni, no Vale do Mucuri. Segundo informa\u00e7\u00f5es da Pol\u00edcia Rodovi\u00e1ria Federal (PRF), a colis\u00e3o entre uma carreta e um carro aconteceu no quil\u00f4metro 269, na altura da Serra do Nicoletti. As v\u00edtimas, um su\u00ed\u00e7o e uma colombiana, faziam um tour [&hellip;]<\/p>\n","protected":false},"author":1,"featured_media":115021,"comment_status":"open","ping_status":"closed","sticky":false,"template":"","format":"standard","meta":{"amp_status":"","footnotes":""},"categories":[122],"tags":[149173,149175,149172,149174,149179,13880,149183,3945,23211,149176,149177,149171,149170,1018,58435,149180,149184,149178,149182,149181,149185,164],"class_list":["post-115018","post","type-post","status-publish","format-standard","has-post-thumbnail","hentry","category-mucuri","tag-acidente-com-colombianos-em-teofilo-otoni","tag-acidente-com-colombianos-na-br-116","tag-acidente-com-estrangeiros-em-teofilo-otoni","tag-acidente-com-estrangeiros-na-br-116","tag-acidente-com-maria-del-pilar-castellano-puentes","tag-acidente-em-teofilo-otoni","tag-acidente-moritz-eugen","tag-acidente-na-br-116","tag-acidente-perto-de-teofilo-otoni","tag-casal-colombiano-morre-em-acidente-na-br-116","tag-casal-colombiano-morre-em-acidente-na-br-116-em-teofilo-otoni","tag-casal-de-estrangeiros-morre-em-acidente-em-teofilo-otoni","tag-casal-de-estrangeiros-morre-em-acidente-na-br-116-em-teofilo-otoni","tag-destaque","tag-em-teofilo-otoni","tag-fotos-acidente-maria-del-pilar-castellano-puentes","tag-fotos-acidente-moritz-eugen","tag-maria-del-pilar-castellano-puentes","tag-moritz-eugen","tag-noticia-acidente-maria-del-pilar-castellano-puentes","tag-noticia-acidente-moritz-eugen","tag-teofilo-otoni"],"_links":{"self":[{"href":"https:\/\/aconteceunovale.com.br\/portal\/index.php?rest_route=\/wp\/v2\/posts\/115018","targetHints":{"allow":["GET"]}}],"collection":[{"href":"https:\/\/aconteceunovale.com.br\/portal\/index.php?rest_route=\/wp\/v2\/posts"}],"about":[{"href":"https:\/\/aconteceunovale.com.br\/portal\/index.php?rest_route=\/wp\/v2\/types\/post"}],"author":[{"embeddable":true,"href":"https:\/\/aconteceunovale.com.br\/portal\/index.php?rest_route=\/wp\/v2\/users\/1"}],"replies":[{"embeddable":true,"href":"https:\/\/aconteceunovale.com.br\/portal\/index.php?rest_route=%2Fwp%2Fv2%2Fcomments&post=115018"}],"version-history":[{"count":0,"href":"https:\/\/aconteceunovale.com.br\/portal\/index.php?rest_route=\/wp\/v2\/posts\/115018\/revisions"}],"wp:featuredmedia":[{"embeddable":true,"href":"https:\/\/aconteceunovale.com.br\/portal\/index.php?rest_route=\/wp\/v2\/media\/115021"}],"wp:attachment":[{"href":"https:\/\/aconteceunovale.com.br\/portal\/index.php?rest_route=%2Fwp%2Fv2%2Fmedia&parent=115018"}],"wp:term":[{"taxonomy":"category","embeddable":true,"href":"https:\/\/aconteceunovale.com.br\/portal\/index.php?rest_route=%2Fwp%2Fv2%2Fcategories&post=115018"},{"taxonomy":"post_tag","embeddable":true,"href":"https:\/\/aconteceunovale.com.br\/portal\/index.php?rest_route=%2Fwp%2Fv2%2Ftags&post=115018"}],"curies":[{"name":"wp","href":"https:\/\/api.w.org\/{rel}","templated":true}]}}