{"id":115016,"date":"2017-05-15T00:29:18","date_gmt":"2017-05-15T02:29:18","guid":{"rendered":"http:\/\/aconteceunovale.com.br\/portal\/?p=115016"},"modified":"2017-05-15T00:29:18","modified_gmt":"2017-05-15T02:29:18","slug":"projeto-de-lei-permite-que-consumidor-use-saldo-de-internet-movel-quando-quiser","status":"publish","type":"post","link":"https:\/\/aconteceunovale.com.br\/portal\/?p=115016","title":{"rendered":"Projeto de lei permite que consumidor use saldo de internet m\u00f3vel quando quiser"},"content":{"rendered":"<p>Quem utiliza o celular para acessar a internet j\u00e1 pode ter se deparado com a seguinte situa\u00e7\u00e3o: o pacote de dados acaba antes do prazo e o acesso \u00e0 rede \u00e9 cortado pela operadora, mas, se a franquia que foi contratada n\u00e3o \u00e9 totalmente utilizada em um m\u00eas, esse saldo n\u00e3o retorna para o consumidor.<\/p>\n<p>Um projeto de lei que tramita no Senado pretende mudar essa realidade. A ideia do Projeto de Lei do Senado (PLS) 110\/2017 \u00e9 permitir que os dados que n\u00e3o forem utilizados em um m\u00eas possam ser reaproveitados no m\u00eas seguinte ou quando o cliente desejar.<\/p>\n<p>\u201cSe voc\u00ea economiza e n\u00e3o utiliza todo o pacote contratado, as operadoras n\u00e3o permitem utilizar esse saldo que sobra no m\u00eas seguintes. Acho que isso n\u00e3o \u00e9 justo, n\u00e3o \u00e9 certo. Por isso que apresentei esse projeto de lei para que o consumidor possa usar o saldo que ele contratou e pagou quando desejar\u201d, explica o autor da proposta, senador D\u00e1rio Berger (PMDB-SC).<\/p>\n<p>O senador diz que considera vi\u00e1vel tecnicamente a implanta\u00e7\u00e3o dessa mudan\u00e7a pelas operadoras de telefonia. O Sindicato Nacional das Empresas de Telefonia e de Servi\u00e7o M\u00f3vel Celular e Pessoal (SindiTelebrasil) disse que n\u00e3o vai comentar projeto de lei ainda em tramita\u00e7\u00e3o.<\/p>\n<p>No portal e-Cidadania do Senado, que possibilita a participa\u00e7\u00e3o do cidad\u00e3o nas atividades parlamentares, mais de 1,9 mil pessoas j\u00e1 se manifestaram favor\u00e1veis ao projeto e 22 contr\u00e1rias. A proposta tramita em car\u00e1ter terminativo na Comiss\u00e3o de Ci\u00eancia e Tecnologia do Senado e, se aprovada, segue para an\u00e1lise na C\u00e2mara dos Deputados.<\/p>\n<p>A pr\u00e1tica de cortar a internet quando o pacote de dados dos consumidores acaba come\u00e7ou a ser adotada pelas operadoras de telefonia em 2014. Na \u00e9poca, a Ag\u00eancia Nacional de Telecomunica\u00e7\u00f5es (Anatel) informou que as regras do setor permitem \u00e0s empresas adotar v\u00e1rias modalidades de franquias e de cobran\u00e7as, inclusive o bloqueio do acesso \u00e0 internet.<\/p>\n<p><strong>VER PRIMEIRO<\/strong><\/p>\n<p>Receba as not\u00edcias do Aconteceu no Vale em primeira m\u00e3o. Clique em curtir no endere\u00e7o <a href=\"https:\/\/www.facebook.com\/aconteceunovale\" target=\"_blank\"><font color=\"red\">www.facebook.com\/aconteceunovale<\/font><\/a> ou no box abaixo:<\/p>\n<div class=\"fb-like\" data-href=\"https:\/\/www.facebook.com\/aconteceunovale\" data-width=\"120\" data-layout=\"standard\" data-action=\"like\" data-size=\"small\" data-show-faces=\"true\" data-share=\"true\"><\/div>\n<p><\/br><\/p>\n<p><em>(Fonte: Ag\u00eancia Brasil)<\/em><\/p>\n","protected":false},"excerpt":{"rendered":"<p>Quem utiliza o celular para acessar a internet j\u00e1 pode ter se deparado com a seguinte situa\u00e7\u00e3o: o pacote de dados acaba antes do prazo e o acesso \u00e0 rede \u00e9 cortado pela operadora, mas, se a franquia que foi contratada n\u00e3o \u00e9 totalmente utilizada em um m\u00eas, esse saldo n\u00e3o retorna para o consumidor. [&hellip;]<\/p>\n","protected":false},"author":1,"featured_media":75468,"comment_status":"open","ping_status":"closed","sticky":false,"template":"","format":"standard","meta":{"amp_status":"","footnotes":""},"categories":[6],"tags":[22346,149167,149168,18923,149169,149166,36876,149165,21938,35130,35131],"class_list":["post-115016","post","type-post","status-publish","format-standard","has-post-thumbnail","hentry","category-br","tag-celular","tag-dario-berger","tag-franquia-de-celular","tag-internet","tag-mudancas-franquia-de-celular","tag-pls-1102017","tag-projeto-de-lei","tag-projeto-de-lei-permite-que-consumidor-use-saldo-de-internet-movel-quando-quiser","tag-senado","tag-sindicato-nacional-das-empresas-de-telefonia-e-de-servico-movel-celular-e-pessoal","tag-sinditelebrasil"],"_links":{"self":[{"href":"https:\/\/aconteceunovale.com.br\/portal\/index.php?rest_route=\/wp\/v2\/posts\/115016","targetHints":{"allow":["GET"]}}],"collection":[{"href":"https:\/\/aconteceunovale.com.br\/portal\/index.php?rest_route=\/wp\/v2\/posts"}],"about":[{"href":"https:\/\/aconteceunovale.com.br\/portal\/index.php?rest_route=\/wp\/v2\/types\/post"}],"author":[{"embeddable":true,"href":"https:\/\/aconteceunovale.com.br\/portal\/index.php?rest_route=\/wp\/v2\/users\/1"}],"replies":[{"embeddable":true,"href":"https:\/\/aconteceunovale.com.br\/portal\/index.php?rest_route=%2Fwp%2Fv2%2Fcomments&post=115016"}],"version-history":[{"count":0,"href":"https:\/\/aconteceunovale.com.br\/portal\/index.php?rest_route=\/wp\/v2\/posts\/115016\/revisions"}],"wp:featuredmedia":[{"embeddable":true,"href":"https:\/\/aconteceunovale.com.br\/portal\/index.php?rest_route=\/wp\/v2\/media\/75468"}],"wp:attachment":[{"href":"https:\/\/aconteceunovale.com.br\/portal\/index.php?rest_route=%2Fwp%2Fv2%2Fmedia&parent=115016"}],"wp:term":[{"taxonomy":"category","embeddable":true,"href":"https:\/\/aconteceunovale.com.br\/portal\/index.php?rest_route=%2Fwp%2Fv2%2Fcategories&post=115016"},{"taxonomy":"post_tag","embeddable":true,"href":"https:\/\/aconteceunovale.com.br\/portal\/index.php?rest_route=%2Fwp%2Fv2%2Ftags&post=115016"}],"curies":[{"name":"wp","href":"https:\/\/api.w.org\/{rel}","templated":true}]}}