{"id":115010,"date":"2017-05-14T23:56:31","date_gmt":"2017-05-15T01:56:31","guid":{"rendered":"http:\/\/aconteceunovale.com.br\/portal\/?p=115010"},"modified":"2017-05-14T23:56:31","modified_gmt":"2017-05-15T01:56:31","slug":"porta-de-loja-e-quebrada-por-vandalos-em-aracuai","status":"publish","type":"post","link":"https:\/\/aconteceunovale.com.br\/portal\/?p=115010","title":{"rendered":"Porta de loja \u00e9 quebrada por v\u00e2ndalos em Ara\u00e7ua\u00ed"},"content":{"rendered":"<p>A porta de vidro de uma loja, localizada na Rua Os\u00f3rio Colares, no Alto do Mercado, em Ara\u00e7ua\u00ed, foi quebrada por v\u00e2ndalos na madrugada deste domingo (14\/05). A Pol\u00edcia Militar (PM) foi acionada por volta das 2h50 e uma guarni\u00e7\u00e3o foi at\u00e9 o local para registro da ocorr\u00eancia.<\/p>\n<p>Ao que tudo indica, uma pedra foi utilizada para quebrar o vidro. N\u00e3o foi informado se houve furtos e nem o c\u00e1lculo dos preju\u00edzos.<\/p>\n<p>C\u00e2meras de seguran\u00e7a podem ter registrado a a\u00e7\u00e3o dos v\u00e2ndalos e as imagens ajudar\u00e3o nas investiga\u00e7\u00f5es da Pol\u00edcia Civil.<\/p>\n<p><img decoding=\"async\" src=\"http:\/\/aconteceunovale.com.br\/portal\/wp-content\/uploads\/2017\/05\/loja_aracuai.jpg\" alt=\"\" \/><em>Porta de loja foi quebrada por v\u00e2ndalos (Foto: Daniel Gon\u00e7alves\/Gazeta de Ara\u00e7ua\u00ed)<\/em><br \/>\n<\/br><\/p>\n<p><strong>VER PRIMEIRO<\/strong><\/p>\n<p>Receba as not\u00edcias do Aconteceu no Vale em primeira m\u00e3o. Clique em curtir no endere\u00e7o <a href=\"https:\/\/www.facebook.com\/aconteceunovale\" target=\"_blank\"><font color=\"red\">www.facebook.com\/aconteceunovale<\/font><\/a> ou no box abaixo:<\/p>\n<div class=\"fb-like\" data-href=\"https:\/\/www.facebook.com\/aconteceunovale\" data-width=\"120\" data-layout=\"standard\" data-action=\"like\" data-size=\"small\" data-show-faces=\"true\" data-share=\"true\"><\/div>\n<p><\/br><\/p>\n<p><em>(Com informa\u00e7\u00f5es do Gazeta de Ara\u00e7ua\u00ed)<\/em><\/p>\n","protected":false},"excerpt":{"rendered":"<p>A porta de vidro de uma loja, localizada na Rua Os\u00f3rio Colares, no Alto do Mercado, em Ara\u00e7ua\u00ed, foi quebrada por v\u00e2ndalos na madrugada deste domingo (14\/05). A Pol\u00edcia Militar (PM) foi acionada por volta das 2h50 e uma guarni\u00e7\u00e3o foi at\u00e9 o local para registro da ocorr\u00eancia. Ao que tudo indica, uma pedra foi [&hellip;]<\/p>\n","protected":false},"author":1,"featured_media":115011,"comment_status":"open","ping_status":"closed","sticky":false,"template":"","format":"standard","meta":{"amp_status":"","footnotes":""},"categories":[120],"tags":[149156,186,149154,149155,149157],"class_list":["post-115010","post","type-post","status-publish","format-standard","has-post-thumbnail","hentry","category-jequi","tag-acao-de-vandalos-aracuai","tag-aracuai","tag-porta-de-loja-e-quebrada-por-vandalos-em-aracuai","tag-porta-quebrada-em-aracuai","tag-vandalos-aracuai"],"_links":{"self":[{"href":"https:\/\/aconteceunovale.com.br\/portal\/index.php?rest_route=\/wp\/v2\/posts\/115010","targetHints":{"allow":["GET"]}}],"collection":[{"href":"https:\/\/aconteceunovale.com.br\/portal\/index.php?rest_route=\/wp\/v2\/posts"}],"about":[{"href":"https:\/\/aconteceunovale.com.br\/portal\/index.php?rest_route=\/wp\/v2\/types\/post"}],"author":[{"embeddable":true,"href":"https:\/\/aconteceunovale.com.br\/portal\/index.php?rest_route=\/wp\/v2\/users\/1"}],"replies":[{"embeddable":true,"href":"https:\/\/aconteceunovale.com.br\/portal\/index.php?rest_route=%2Fwp%2Fv2%2Fcomments&post=115010"}],"version-history":[{"count":0,"href":"https:\/\/aconteceunovale.com.br\/portal\/index.php?rest_route=\/wp\/v2\/posts\/115010\/revisions"}],"wp:featuredmedia":[{"embeddable":true,"href":"https:\/\/aconteceunovale.com.br\/portal\/index.php?rest_route=\/wp\/v2\/media\/115011"}],"wp:attachment":[{"href":"https:\/\/aconteceunovale.com.br\/portal\/index.php?rest_route=%2Fwp%2Fv2%2Fmedia&parent=115010"}],"wp:term":[{"taxonomy":"category","embeddable":true,"href":"https:\/\/aconteceunovale.com.br\/portal\/index.php?rest_route=%2Fwp%2Fv2%2Fcategories&post=115010"},{"taxonomy":"post_tag","embeddable":true,"href":"https:\/\/aconteceunovale.com.br\/portal\/index.php?rest_route=%2Fwp%2Fv2%2Ftags&post=115010"}],"curies":[{"name":"wp","href":"https:\/\/api.w.org\/{rel}","templated":true}]}}