{"id":115008,"date":"2017-05-14T23:31:34","date_gmt":"2017-05-15T01:31:34","guid":{"rendered":"http:\/\/aconteceunovale.com.br\/portal\/?p=115008"},"modified":"2017-05-14T23:31:34","modified_gmt":"2017-05-15T01:31:34","slug":"nove-orgaos-publicos-abrem-inscricoes-para-3-973-vagas-no-inicio-da-semana","status":"publish","type":"post","link":"https:\/\/aconteceunovale.com.br\/portal\/?p=115008","title":{"rendered":"Nove \u00f3rg\u00e3os p\u00fablicos abrem inscri\u00e7\u00f5es para 3.973 vagas no in\u00edcio da semana"},"content":{"rendered":"<p>Pelo menos nove \u00f3rg\u00e3os abrem inscri\u00e7\u00f5es, na segunda-feira (15\/05\/2017), para 3.973 vagas e forma\u00e7\u00e3o de cadastro de reserva em cargos de n\u00edveis fundamental, m\u00e9dio e superior. Os sal\u00e1rios chegam a R$ 10.327,38 na Prefeitura de Piraquara (PR). Somente no governo da Bahia s\u00e3o 2.750 vagas.<\/p>\n<p>Nos concursos para forma\u00e7\u00e3o de cadastro de reserva, os candidatos aprovados s\u00e3o chamados conforme a abertura de vagas durante a validade do concurso. Confira as op\u00e7\u00f5es abaixo:<\/p>\n<p><strong>C\u00e2mara Municipal de Sumar\u00e9 (SP): <\/strong>A C\u00e2mara Municipal de Sumar\u00e9 (SP) vai abrir concurso p\u00fablico para 15 vagas em cargos de n\u00edveis fundamental, m\u00e9dio e superior. Os sal\u00e1rios v\u00e3o de R$ 2.513,29 a R$ 7.815,56. As inscri\u00e7\u00f5es podem ser feitas de 15 de maio a 14 de junho pelo site www.vunesp.com.br. A prova objetiva ser\u00e1 aplicada em 14 de junho. O concurso ter\u00e1 validade de 2 anos e poder\u00e1 ser prorrogado uma vez por igual per\u00edodo\u00a0<span style=\"color: #008000;\"><a href=\"https:\/\/www.vunesp.com.br\/CMSU1601\" target=\"_blank\" rel=\"noopener nofollow\"><span style=\"color: #008000;\">(veja o edital no site da organizadora)<\/span><\/a><\/span>.<\/p>\n<p><strong>Governo da Bahia: <\/strong>O Governo da Bahia vai abrir concurso p\u00fablico para 2.750 vagas na \u00e1rea de seguran\u00e7a p\u00fablica. S\u00e3o 2 mil vagas para o Curso de Forma\u00e7\u00e3o de Soldado da Pol\u00edcia Militar e 750 para o Curso de Forma\u00e7\u00e3o de Soldado do Corpo de Bombeiros Militar. O sal\u00e1rio \u00e9 de R$ 2.585,05. As inscri\u00e7\u00f5es podem ser feitas de 15 de maio a 19 de junho pelo site www.ibfc.org.br. As provas objetiva e discursiva est\u00e3o previstas para agosto\u00a0<span style=\"color: #008000;\"><a href=\"http:\/\/www.ibfc.org.br\/\" target=\"_blank\" rel=\"noopener nofollow\"><span style=\"color: #008000;\">(veja o edital no site da organizadora)<\/span><\/a><\/span>.<\/p>\n<p><strong>Minist\u00e9rio P\u00fablico do Trabalho (MPT): <\/strong>O Minist\u00e9rio P\u00fablico do Trabalho (MPT) divulgou o edital do 20\u00ba concurso p\u00fablico para o cargo de procurador do trabalho. No total, \u00e9 oferecida uma vaga para a Procuradoria Regional do Trabalho da 3\u00aa Regi\u00e3o, em Belo Horizonte, e tamb\u00e9m ser\u00e3o preenchidas as vagas que surgirem dentro do prazo de validade do concurso. O sal\u00e1rio n\u00e3o foi divulgado. As inscri\u00e7\u00f5es podem ser feitas de 15 de maio a 13 de junho pelo site https:\/\/dti.pgt.mpt.gov.br\/concurso\/index.wsp. A prova objetiva ser\u00e1 aplicada em 6 de agosto. O concurso ter\u00e1 validade de 2 anos e poder\u00e1 ser prorrogado uma vez por igual per\u00edodo\u00a0<span style=\"color: #008000;\"><a href=\"http:\/\/pesquisa.in.gov.br\/imprensa\/jsp\/visualiza\/index.jsp?jornal=3&amp;pagina=124&amp;data=12\/05\/2017\" target=\"_blank\" rel=\"noopener nofollow\"><span style=\"color: #008000;\">(veja o edital no site da organizadora)<\/span><\/a><\/span>.<\/p>\n<p><strong>Prefeitura de Embu das Artes (SP): <\/strong>A Prefeitura de Embu das Artes (SP) far\u00e1 concurso para 50 vagas de guarda municipal (n\u00edvel m\u00e9dio). O sal\u00e1rio \u00e9 de R$ 2.641,05. Os candidatos podem se inscrever de 15 de maio a 16 de junho pelo site www.zambini.org.br. Todos os candidatos ser\u00e3o avaliados por meio de prova objetiva. O concurso ter\u00e1 validade de 2 anos e poder\u00e1 ser prorrogado pelo mesmo per\u00edodo\u00a0<span style=\"color: #008000;\"><a href=\"http:\/\/www.zambini.org.br\/ver-concurso\/279\/edital-publicacao\/concurso-publico-n%C2%B0-012017-da-prefeitura-municipal-da-estancia-turistica-de-embu-das-artessp\/\" target=\"_blank\" rel=\"noopener nofollow\"><span style=\"color: #008000;\">(veja o edital no site da organizadora)<\/span><\/a><\/span>.<\/p>\n<p><strong>Prefeitura de Ira\u00ed de Minas (MG): <\/strong>A Prefeitura de Ira\u00ed de Minas (MG) vai abrir processo seletivo para 11 vagas em cargos de n\u00edveis fundamental e superior. As remunera\u00e7\u00f5es v\u00e3o de R$ 1.014 a R$ 2 mil. As inscri\u00e7\u00f5es podem ser feitas de 15 a 21 de maio pelo site www.exameconsultores.com.br. A sele\u00e7\u00e3o ser\u00e1 feita por meio de prova objetiva. A sele\u00e7\u00e3o tem validade de 2 anos e poder\u00e1 ser prorrogado uma vez, por igual per\u00edodo\u00a0<span style=\"color: #008000;\"><a href=\"http:\/\/exameconsultores.com.br\/v3\/concurso\/336\" target=\"_blank\" rel=\"noopener nofollow\"><span style=\"color: #008000;\">(veja o edital no site da organizadora)<\/span><\/a><\/span>.<\/p>\n<p><strong>Prefeitura de Limeira (SP): <\/strong>A Prefeitura de Limeira (SP) divulgou edital de concurso p\u00fablico para 85 vagas em cargos de n\u00edveis m\u00e9dio e superior. As remunera\u00e7\u00f5es v\u00e3o de R$ 1.495,98 a R$ 2.973,65. As inscri\u00e7\u00f5es podem ser feitas de 15 a 31 de maio pelo site www.institutomais.org.br. As provas ser\u00e3o aplicadas em 2 de julho. A validade do concurso ser\u00e1 de 2 anos, podendo ser prorrogado por igual per\u00edodo<span style=\"color: #008000;\">\u00a0<a href=\"https:\/\/www.institutomais.org.br\/Concursos\/Detalhe\/211\" target=\"_blank\" rel=\"noopener nofollow\"><span style=\"color: #008000;\">(veja o edital no site da organizadora)<\/span><\/a><\/span>.<\/p>\n<p><strong>Prefeitura de Piraquara (PR): <\/strong>A Prefeitura de Piraquara (PR) far\u00e1 concurso p\u00fablico para 12 vagas em cargos de todos os n\u00edveis de escolaridade. As remunera\u00e7\u00f5es v\u00e3o de R$ 939,75 a R$ 10.327,38. As inscri\u00e7\u00f5es podem ser feitas pelo site www.concursosfau.com.br no per\u00edodo de 15 de maio a 12 de junho. Todos os candidatos ser\u00e3o avaliados por meio de prova objetiva<span style=\"color: #008000;\">\u00a0<a href=\"http:\/\/www.concursosfau.com.br\/index.php\" target=\"_blank\" rel=\"noopener nofollow\"><span style=\"color: #008000;\">(veja o edital no site da organizadora)<\/span><\/a><\/span>.<\/p>\n<p><strong>Superintend\u00eancia do Sistema Estadual de Atendimento Socioeducativo do Cear\u00e1: <\/strong>A Superintend\u00eancia do Sistema Estadual de Atendimento Socioeducativo do Cear\u00e1 vai abrir processo seletivo para 1.034 vagas em cargos de n\u00edveis m\u00e9dio e superior. O sal\u00e1rio \u00e9 de R$ 2.200. As inscri\u00e7\u00f5es estar\u00e3o abertas de 15 de maio a 13 de junho pelo site www.uece.br. Todos os candidatos ser\u00e3o avaliados por meio de prova objetiva e ainda haver\u00e1 avalia\u00e7\u00e3o de t\u00edtulos. A sele\u00e7\u00e3o ter\u00e1 1 ano de validade\u00a0<span style=\"color: #008000;\"><a href=\"http:\/\/www.uece.br\/cev\/index.php\/2017-04-27-17-52-34\" target=\"_blank\" rel=\"noopener nofollow\"><span style=\"color: #008000;\">(veja o edital no site da organizadora)<\/span><\/a><\/span>.<\/p>\n<p><strong>Superintend\u00eancia do Sistema Penitenci\u00e1rio do Par\u00e1: <\/strong>A Superintend\u00eancia do Sistema Penitenci\u00e1rio do Par\u00e1 divulgou edital de processo seletivo para 15 vagas de agente prisional (n\u00edvel m\u00e9dio). O sal\u00e1rio \u00e9 de R$ 2.304. As inscri\u00e7\u00f5es podem ser feitas de 15 a 20 de maio pelo site www.processoseletivo.susipe.pa.gov.br. A sele\u00e7\u00e3o ser\u00e1 feita por meio de an\u00e1lise curricular. O contrato ter\u00e1 validade de 1 ano e poder\u00e1 ser prorrogado pelo mesmo per\u00edodo\u00a0<span style=\"color: #008000;\"><a href=\"http:\/\/www.processoseletivo.susipe.pa.gov.br\/\" target=\"_blank\" rel=\"noopener nofollow\"><span style=\"color: #008000;\">(veja o edital no site do \u00f3rg\u00e3o)<\/span><\/a><\/span>.<\/p>\n<p><strong>VER PRIMEIRO<\/strong><\/p>\n<p>Receba as not\u00edcias do Aconteceu no Vale em primeira m\u00e3o. Clique em curtir no endere\u00e7o <a href=\"https:\/\/www.facebook.com\/aconteceunovale\" target=\"_blank\"><font color=\"red\">www.facebook.com\/aconteceunovale<\/font><\/a> ou no box abaixo:<\/p>\n<div class=\"fb-like\" data-href=\"https:\/\/www.facebook.com\/aconteceunovale\" data-width=\"120\" data-layout=\"standard\" data-action=\"like\" data-size=\"small\" data-show-faces=\"true\" data-share=\"true\"><\/div>\n<p><\/br><\/p>\n<p><em>(Fonte: G1 Concursos e Emprego)<\/em><\/p>\n","protected":false},"excerpt":{"rendered":"<p>Pelo menos nove \u00f3rg\u00e3os abrem inscri\u00e7\u00f5es, na segunda-feira (15\/05\/2017), para 3.973 vagas e forma\u00e7\u00e3o de cadastro de reserva em cargos de n\u00edveis fundamental, m\u00e9dio e superior. Os sal\u00e1rios chegam a R$ 10.327,38 na Prefeitura de Piraquara (PR). Somente no governo da Bahia s\u00e3o 2.750 vagas. Nos concursos para forma\u00e7\u00e3o de cadastro de reserva, os candidatos [&hellip;]<\/p>\n","protected":false},"author":1,"featured_media":13951,"comment_status":"open","ping_status":"closed","sticky":false,"template":"","format":"standard","meta":{"amp_status":"","footnotes":""},"categories":[6,40237,40236],"tags":[149135,149136,149138,149139,149140,149142,149145,149147,149149,149152,145294,97731,145303,83929,147566,149133,149143,149137,149134,1689,75511,128066,86212,149153,149150,149141,149144,149146,149148,91093,149151,145293],"class_list":["post-115008","post","type-post","status-publish","format-standard","has-post-thumbnail","hentry","category-br","category-concursos","category-empregos-2","tag-camara-municipal-de-sumare","tag-concurso-camara-municipal-de-sumare","tag-concurso-governo-da-bahia","tag-concurso-ministerio-publico-do-trabalho","tag-concurso-mpt","tag-concurso-prefeitura-de-embu-das-artes","tag-concurso-prefeitura-de-irai-de-minas","tag-concurso-prefeitura-de-limeira","tag-concurso-prefeitura-de-piraquara","tag-concurso-superintendencia-do-sistema-estadual-de-atendimento-socioeducativo-do-ceara","tag-concurso-superintendencia-do-sistema-penitenciario-do-para","tag-concursos-abertos","tag-concursos-abertos-em-minas-gerais","tag-concursos-com-inscricoes-abertas","tag-concursos-com-inscricoes-abertas-em-minas-gerais","tag-edital-de-concurso-aberto-em-minas-gerais","tag-embu-das-artes","tag-governo-da-bahia","tag-inscricao-concurso-minas-gerais","tag-irai-de-minas","tag-limeira","tag-ministerio-publico-do-trabalho","tag-mpt","tag-nove-orgaos-publicos-abrem-inscricoes-para-3-973-vagas-no-inicio-da-semana","tag-piraquara","tag-prefeitura-de-embu-das-artes","tag-prefeitura-de-irai-de-minas","tag-prefeitura-de-limeira","tag-prefeitura-de-piraquara","tag-sumare","tag-superintendencia-do-sistema-estadual-de-atendimento-socioeducativo-do-ceara","tag-superintendencia-do-sistema-penitenciario-do-para"],"_links":{"self":[{"href":"https:\/\/aconteceunovale.com.br\/portal\/index.php?rest_route=\/wp\/v2\/posts\/115008","targetHints":{"allow":["GET"]}}],"collection":[{"href":"https:\/\/aconteceunovale.com.br\/portal\/index.php?rest_route=\/wp\/v2\/posts"}],"about":[{"href":"https:\/\/aconteceunovale.com.br\/portal\/index.php?rest_route=\/wp\/v2\/types\/post"}],"author":[{"embeddable":true,"href":"https:\/\/aconteceunovale.com.br\/portal\/index.php?rest_route=\/wp\/v2\/users\/1"}],"replies":[{"embeddable":true,"href":"https:\/\/aconteceunovale.com.br\/portal\/index.php?rest_route=%2Fwp%2Fv2%2Fcomments&post=115008"}],"version-history":[{"count":0,"href":"https:\/\/aconteceunovale.com.br\/portal\/index.php?rest_route=\/wp\/v2\/posts\/115008\/revisions"}],"wp:featuredmedia":[{"embeddable":true,"href":"https:\/\/aconteceunovale.com.br\/portal\/index.php?rest_route=\/wp\/v2\/media\/13951"}],"wp:attachment":[{"href":"https:\/\/aconteceunovale.com.br\/portal\/index.php?rest_route=%2Fwp%2Fv2%2Fmedia&parent=115008"}],"wp:term":[{"taxonomy":"category","embeddable":true,"href":"https:\/\/aconteceunovale.com.br\/portal\/index.php?rest_route=%2Fwp%2Fv2%2Fcategories&post=115008"},{"taxonomy":"post_tag","embeddable":true,"href":"https:\/\/aconteceunovale.com.br\/portal\/index.php?rest_route=%2Fwp%2Fv2%2Ftags&post=115008"}],"curies":[{"name":"wp","href":"https:\/\/api.w.org\/{rel}","templated":true}]}}