{"id":114990,"date":"2017-05-14T21:43:30","date_gmt":"2017-05-14T23:43:30","guid":{"rendered":"http:\/\/aconteceunovale.com.br\/portal\/?p=114990"},"modified":"2017-05-14T22:08:02","modified_gmt":"2017-05-15T00:08:02","slug":"dois-jovens-morrem-em-grave-acidente-na-curva-da-morte-em-capelinha","status":"publish","type":"post","link":"https:\/\/aconteceunovale.com.br\/portal\/?p=114990","title":{"rendered":"Dois jovens morrem em grave acidente na \u2018Curva da Morte\u2019, em Capelinha"},"content":{"rendered":"<p>Dois jovens, de 22 e 28 anos, morreram em um grave acidente na tarde deste domingo (14\/05\/2017), na MG-308, entre Vendinhas e Capelinha, no Alto Jequitinhonha. As informa\u00e7\u00f5es iniciais da Pol\u00edcia Rodovi\u00e1ria Estadual d\u00e3o conta de que uma caminhonete Ford Ranger seguia em sentido a Capelinha quando o condutor perdeu o controle direcional em um local conhecido como \u201cCurva da Morte\u201d.<\/p>\n<p>O ve\u00edculo capotou e com o impacto, os ocupantes foram arremessados. L.L.G.S (Lucas) e W.C.C.S (Eto) n\u00e3o resistiram aos graves ferimentos e faleceram no local. Uma adolescente de 17 anos, identificada pelas iniciais B.C.C, foi socorrida ao Hospital S\u00e3o Vicente de Paulo. O estado de sa\u00fade dela n\u00e3o foi divulgado.<\/p>\n<p>A Per\u00edcia T\u00e9cnica da Pol\u00edcia Civil foi acionada e ap\u00f3s os trabalhos de praxe, os corpos foram encaminhados para o Posto de Medicina Legal. As causas do acidente ser\u00e3o apuradas.<\/p>\n<p>Os dois rapazes residiam em Capelinha. Atrav\u00e9s das redes sociais, amigos e familiares das v\u00edtimas lamentam a trag\u00e9dia. <\/p>\n<p><img decoding=\"async\" src=\"http:\/\/aconteceunovale.com.br\/portal\/wp-content\/uploads\/2017\/05\/acidente_capelinha.jpg\" alt=\"\" \/><em>Caminhonete capotou na Curva da Morte (Foto: Jailson Pereira\/Reprodu\u00e7\u00e3o Facebook)<\/em><br \/>\n<\/br><\/p>\n<p><img decoding=\"async\" src=\"http:\/\/aconteceunovale.com.br\/portal\/wp-content\/uploads\/2017\/05\/acidente_capelinha_2.jpg\" alt=\"\" \/><em>Ve\u00edculo foi removido para um p\u00e1tio credenciado ao Detran (Foto: Reprodu\u00e7\u00e3o\/WhatsApp)<\/em><br \/>\n<\/br><\/p>\n<p><img decoding=\"async\" src=\"http:\/\/aconteceunovale.com.br\/portal\/wp-content\/uploads\/2017\/05\/acidente_capelinha_3.jpg\" alt=\"\" \/><em>Ve\u00edculo foi removido para um p\u00e1tio credenciado ao Detran (Foto: Reprodu\u00e7\u00e3o\/WhatsApp)<\/em><br \/>\n<\/br><\/p>\n<p><strong>VER PRIMEIRO<\/strong><\/p>\n<p>Receba as not\u00edcias do Aconteceu no Vale em primeira m\u00e3o. Clique em curtir no endere\u00e7o <a href=\"https:\/\/www.facebook.com\/aconteceunovale\" target=\"_blank\"><font color=\"red\">www.facebook.com\/aconteceunovale<\/font><\/a> ou no box abaixo:<\/p>\n<div class=\"fb-like\" data-href=\"https:\/\/www.facebook.com\/aconteceunovale\" data-width=\"120\" data-layout=\"standard\" data-action=\"like\" data-size=\"small\" data-show-faces=\"true\" data-share=\"true\"><\/div>\n<p><\/br><\/p>\n<p><em>(Reda\u00e7\u00e3o do Aconteceu no Vale)<\/em><\/p>\n","protected":false},"excerpt":{"rendered":"<p>Dois jovens, de 22 e 28 anos, morreram em um grave acidente na tarde deste domingo (14\/05\/2017), na MG-308, entre Vendinhas e Capelinha, no Alto Jequitinhonha. As informa\u00e7\u00f5es iniciais da Pol\u00edcia Rodovi\u00e1ria Estadual d\u00e3o conta de que uma caminhonete Ford Ranger seguia em sentido a Capelinha quando o condutor perdeu o controle direcional em um [&hellip;]<\/p>\n","protected":false},"author":1,"featured_media":114991,"comment_status":"open","ping_status":"closed","sticky":false,"template":"","format":"standard","meta":{"amp_status":"","footnotes":""},"categories":[120],"tags":[4598,2398,28813,149108,149111,149113,28817,43652,136415,149109,28814,28815,132,149106,149110,1018,149107,149116,149117,149115,149118,149112,31629,149114,178,34591],"class_list":["post-114990","post","type-post","status-publish","format-standard","has-post-thumbnail","hentry","category-jequi","tag-acidente-em-capelinha","tag-acidente-entre-capelinha-e-turmalina","tag-acidente-entre-capelinha-e-vendinhas","tag-acidente-entre-vendinhas-e-capelinha","tag-acidente-eto-capelinha","tag-acidente-lucas-guedes-capelinha","tag-acidente-na-curva-da-morte","tag-acidente-na-curva-da-morte-em-capelinha","tag-acidente-na-mg-308","tag-acidente-na-mg-308-em-capelinha","tag-acidente-perto-de-capelinha","tag-acidente-proximo-a-capelinha","tag-capelinha","tag-capotamento-de-caminhonete-causa-dois-obitos-na-curva-da-morte-em-capelinha","tag-curva-da-morte-em-capelinha","tag-destaque","tag-dois-jovens-morrem-em-acidente-na-curva-da-morte-em-capelinha","tag-dois-jovens-morrem-em-grave-acidente-em-capelinha","tag-dois-jovens-morrem-em-grave-acidente-entre-capelinha-e-vendinhas","tag-dois-jovens-morrem-em-grave-acidente-na-curva-da-morte-em-capelinha","tag-dois-jovens-morrem-em-grave-acidente-na-mg-308","tag-eto-capelinha","tag-lucas-guedes","tag-lucas-guedes-capelinha","tag-turmalina","tag-vendinhas"],"_links":{"self":[{"href":"https:\/\/aconteceunovale.com.br\/portal\/index.php?rest_route=\/wp\/v2\/posts\/114990","targetHints":{"allow":["GET"]}}],"collection":[{"href":"https:\/\/aconteceunovale.com.br\/portal\/index.php?rest_route=\/wp\/v2\/posts"}],"about":[{"href":"https:\/\/aconteceunovale.com.br\/portal\/index.php?rest_route=\/wp\/v2\/types\/post"}],"author":[{"embeddable":true,"href":"https:\/\/aconteceunovale.com.br\/portal\/index.php?rest_route=\/wp\/v2\/users\/1"}],"replies":[{"embeddable":true,"href":"https:\/\/aconteceunovale.com.br\/portal\/index.php?rest_route=%2Fwp%2Fv2%2Fcomments&post=114990"}],"version-history":[{"count":0,"href":"https:\/\/aconteceunovale.com.br\/portal\/index.php?rest_route=\/wp\/v2\/posts\/114990\/revisions"}],"wp:featuredmedia":[{"embeddable":true,"href":"https:\/\/aconteceunovale.com.br\/portal\/index.php?rest_route=\/wp\/v2\/media\/114991"}],"wp:attachment":[{"href":"https:\/\/aconteceunovale.com.br\/portal\/index.php?rest_route=%2Fwp%2Fv2%2Fmedia&parent=114990"}],"wp:term":[{"taxonomy":"category","embeddable":true,"href":"https:\/\/aconteceunovale.com.br\/portal\/index.php?rest_route=%2Fwp%2Fv2%2Fcategories&post=114990"},{"taxonomy":"post_tag","embeddable":true,"href":"https:\/\/aconteceunovale.com.br\/portal\/index.php?rest_route=%2Fwp%2Fv2%2Ftags&post=114990"}],"curies":[{"name":"wp","href":"https:\/\/api.w.org\/{rel}","templated":true}]}}