{"id":114987,"date":"2017-05-14T21:13:24","date_gmt":"2017-05-14T23:13:24","guid":{"rendered":"http:\/\/aconteceunovale.com.br\/portal\/?p=114987"},"modified":"2017-05-14T21:13:24","modified_gmt":"2017-05-14T23:13:24","slug":"duas-pessoas-sao-detidas-por-furtos-de-motocicletas-em-rio-pardo-de-minas","status":"publish","type":"post","link":"https:\/\/aconteceunovale.com.br\/portal\/?p=114987","title":{"rendered":"Duas pessoas s\u00e3o detidas por furtos de motocicletas em Rio Pardo de Minas"},"content":{"rendered":"<p>Duas pessoas foram detidas nesse s\u00e1bado (13\/05\/2017) por envolvimento em furtos de motocicletas em Rio Pardo de Minas, na regi\u00e3o Norte do Estado. Segundo a Pol\u00edcia Militar (PM), durante patrulhamento de rotina, policiais abordaram um adolescente, de 15 anos, conduzindo uma moto em atitude suspeita.<\/p>\n<p>Os militares descobriram que a igni\u00e7\u00e3o da motocicleta estava arrebentada. Uma chave mixa (equipamento utilizado por criminosos para destravar igni\u00e7\u00e3o de ve\u00edculos) foi encontrada com o menor. Ele confessou ter furtado a moto junto com outro menor, de 14, no Centro da cidade. O infrator contou ainda que o furto havia sido encomendado por um rapaz de 21 anos, que mora no povoado de Serra Nova, e estava levando o ve\u00edculo para fazer a entrega.<\/p>\n<p>Diante das informa\u00e7\u00f5es, os militares foram ao povoado e logo descobriram que uma casa abandonada era utilizada como desmanche de ve\u00edculos. L\u00e1 encontraram uma motocicleta furtada e v\u00e1rias pe\u00e7as. Em outra resid\u00eancia os policiais conversaram com um homem, de 38 anos, que apresentou uma motocicleta adulterada, com pe\u00e7as e placa de outras motos. Apesar de relatar ter adquirido o ve\u00edculo em outro indiv\u00edduo, ele foi preso por adultera\u00e7\u00e3o e clonagem de ve\u00edculo automotor.<\/p>\n<p>Na casa do homem apontado como o mandante do furto deste s\u00e1bado, a pol\u00edcia encontrou outra motocicleta que havia sido furtada na quinta-feira (11). A m\u00e3e do autor informou que ele est\u00e1 viajando para o Sul de Minas, mas afirmou que o filho foi quem deixou o ve\u00edculo na resid\u00eancia.<\/p>\n<p>Os outros envolvidos n\u00e3o foram localizados pelos policiais. As quatro motocicletas foram recuperadas e removidas ao p\u00e1tio credenciado. O adolescente apreendido e o homem preso foram levados para a delegacia da cidade.<\/p>\n<p><img decoding=\"async\" src=\"http:\/\/aconteceunovale.com.br\/portal\/wp-content\/uploads\/2017\/05\/motos_rp.jpg\" alt=\"\" \/><em>Motos foram levadas para um p\u00e1tio (Foto: Pol\u00edcia Militar\/Divulga\u00e7\u00e3o)<\/em><br \/>\n<\/br><\/p>\n<p><strong>VER PRIMEIRO<\/strong><\/p>\n<p>Receba as not\u00edcias do Aconteceu no Vale em primeira m\u00e3o. Clique em curtir no endere\u00e7o <a href=\"https:\/\/www.facebook.com\/aconteceunovale\" target=\"_blank\"><font color=\"red\">www.facebook.com\/aconteceunovale<\/font><\/a> ou no box abaixo:<\/p>\n<div class=\"fb-like\" data-href=\"https:\/\/www.facebook.com\/aconteceunovale\" data-width=\"120\" data-layout=\"standard\" data-action=\"like\" data-size=\"small\" data-show-faces=\"true\" data-share=\"true\"><\/div>\n<p><\/br><\/p>\n<p><em>(Fonte: G1 Grande Minas)<\/em><\/p>\n","protected":false},"excerpt":{"rendered":"<p>Duas pessoas foram detidas nesse s\u00e1bado (13\/05\/2017) por envolvimento em furtos de motocicletas em Rio Pardo de Minas, na regi\u00e3o Norte do Estado. Segundo a Pol\u00edcia Militar (PM), durante patrulhamento de rotina, policiais abordaram um adolescente, de 15 anos, conduzindo uma moto em atitude suspeita. Os militares descobriram que a igni\u00e7\u00e3o da motocicleta estava arrebentada. [&hellip;]<\/p>\n","protected":false},"author":1,"featured_media":114988,"comment_status":"open","ping_status":"closed","sticky":false,"template":"","format":"standard","meta":{"amp_status":"","footnotes":""},"categories":[1236],"tags":[149104,149100,149101,149105,149103,92328,421,149102],"class_list":["post-114987","post","type-post","status-publish","format-standard","has-post-thumbnail","hentry","category-norte_de_minas","tag-detidos-em-rio-pardo-de-minas","tag-duas-pessoas-sao-detidas-por-furtos-de-motocicletas-em-rio-pardo-de-minas","tag-furtos-de-motos-em-rio-pardo-de-minas","tag-motos-apreendidas-em-rio-pardo-de-minas","tag-motos-roubadas-em-rio-pardo-de-minas","tag-presos-em-rio-pardo-de-minas","tag-rio-pardo-de-minas","tag-roubo-de-motos-em-rio-pardo-de-minas"],"yoast_head":"<!-- This site is optimized with the Yoast SEO plugin v28.3 - https:\/\/yoast.com\/product\/yoast-seo-wordpress\/ -->\n<title>Duas pessoas s\u00e3o detidas por furtos de motocicletas em Rio Pardo de Minas - Aconteceu no Vale<\/title>\n<meta name=\"robots\" content=\"index, follow, max-snippet:-1, max-image-preview:large, max-video-preview:-1\" \/>\n<link rel=\"canonical\" href=\"https:\/\/aconteceunovale.com.br\/portal\/?p=114987\" \/>\n<meta property=\"og:locale\" content=\"pt_BR\" \/>\n<meta property=\"og:type\" content=\"article\" \/>\n<meta property=\"og:title\" content=\"Duas pessoas s\u00e3o detidas por furtos de motocicletas em Rio Pardo de Minas - Aconteceu no Vale\" \/>\n<meta property=\"og:description\" content=\"Duas pessoas foram detidas nesse s\u00e1bado (13\/05\/2017) por envolvimento em furtos de motocicletas em Rio Pardo de Minas, na regi\u00e3o Norte do Estado. Segundo a Pol\u00edcia Militar (PM), durante patrulhamento de rotina, policiais abordaram um adolescente, de 15 anos, conduzindo uma moto em atitude suspeita. Os militares descobriram que a igni\u00e7\u00e3o da motocicleta estava arrebentada. [&hellip;]\" \/>\n<meta property=\"og:url\" content=\"https:\/\/aconteceunovale.com.br\/portal\/?p=114987\" \/>\n<meta property=\"og:site_name\" content=\"Aconteceu no Vale\" \/>\n<meta property=\"article:publisher\" content=\"https:\/\/www.facebook.com\/aconteceunovale\/\" \/>\n<meta property=\"article:published_time\" content=\"2017-05-14T23:13:24+00:00\" \/>\n<meta property=\"og:image\" content=\"https:\/\/aconteceunovale.com.br\/portal\/wp-content\/uploads\/2017\/05\/motos_rp.jpg\" \/>\n\t<meta property=\"og:image:width\" content=\"678\" \/>\n\t<meta property=\"og:image:height\" content=\"381\" \/>\n\t<meta property=\"og:image:type\" content=\"image\/jpeg\" \/>\n<meta name=\"author\" content=\"Aconteceu no Vale\" \/>\n<meta name=\"twitter:card\" content=\"summary_large_image\" \/>\n<meta name=\"twitter:creator\" content=\"@noticiadosvales\" \/>\n<meta name=\"twitter:site\" content=\"@noticiadosvales\" \/>\n<meta name=\"twitter:label1\" content=\"Escrito por\" \/>\n\t<meta name=\"twitter:data1\" content=\"Aconteceu no Vale\" \/>\n\t<meta name=\"twitter:label2\" content=\"Est. tempo de leitura\" \/>\n\t<meta name=\"twitter:data2\" content=\"2 minutos\" \/>\n<script type=\"application\/ld+json\" class=\"yoast-schema-graph\">{\"@context\":\"https:\\\/\\\/schema.org\",\"@graph\":[{\"@type\":\"Article\",\"@id\":\"https:\\\/\\\/aconteceunovale.com.br\\\/portal\\\/?p=114987#article\",\"isPartOf\":{\"@id\":\"https:\\\/\\\/aconteceunovale.com.br\\\/portal\\\/?p=114987\"},\"author\":{\"name\":\"Aconteceu no Vale\",\"@id\":\"https:\\\/\\\/aconteceunovale.com.br\\\/portal\\\/#\\\/schema\\\/person\\\/633529146f2c94272bef50ac2953d589\"},\"headline\":\"Duas pessoas s\u00e3o detidas por furtos de motocicletas em Rio Pardo de Minas\",\"datePublished\":\"2017-05-14T23:13:24+00:00\",\"mainEntityOfPage\":{\"@id\":\"https:\\\/\\\/aconteceunovale.com.br\\\/portal\\\/?p=114987\"},\"wordCount\":352,\"commentCount\":0,\"image\":{\"@id\":\"https:\\\/\\\/aconteceunovale.com.br\\\/portal\\\/?p=114987#primaryimage\"},\"thumbnailUrl\":\"https:\\\/\\\/aconteceunovale.com.br\\\/portal\\\/wp-content\\\/uploads\\\/2017\\\/05\\\/motos_rp.jpg\",\"keywords\":[\"Detidos em Rio Pardo de Minas\",\"Duas pessoas s\u00e3o detidas por furtos de motocicletas em Rio Pardo de Minas\",\"Furtos de motos em Rio Pardo de Minas\",\"Motos apreendidas em Rio Pardo de Minas\",\"Motos roubadas em Rio Pardo de Minas\",\"Presos em Rio Pardo de Minas\",\"Rio Pardo de Minas\",\"Roubo de motos em Rio Pardo de Minas\"],\"articleSection\":[\"Norte de Minas\"],\"inLanguage\":\"pt-BR\",\"potentialAction\":[{\"@type\":\"CommentAction\",\"name\":\"Comment\",\"target\":[\"https:\\\/\\\/aconteceunovale.com.br\\\/portal\\\/?p=114987#respond\"]}]},{\"@type\":\"WebPage\",\"@id\":\"https:\\\/\\\/aconteceunovale.com.br\\\/portal\\\/?p=114987\",\"url\":\"https:\\\/\\\/aconteceunovale.com.br\\\/portal\\\/?p=114987\",\"name\":\"Duas pessoas s\u00e3o detidas por furtos de motocicletas em Rio Pardo de Minas - Aconteceu no Vale\",\"isPartOf\":{\"@id\":\"https:\\\/\\\/aconteceunovale.com.br\\\/portal\\\/#website\"},\"primaryImageOfPage\":{\"@id\":\"https:\\\/\\\/aconteceunovale.com.br\\\/portal\\\/?p=114987#primaryimage\"},\"image\":{\"@id\":\"https:\\\/\\\/aconteceunovale.com.br\\\/portal\\\/?p=114987#primaryimage\"},\"thumbnailUrl\":\"https:\\\/\\\/aconteceunovale.com.br\\\/portal\\\/wp-content\\\/uploads\\\/2017\\\/05\\\/motos_rp.jpg\",\"datePublished\":\"2017-05-14T23:13:24+00:00\",\"author\":{\"@id\":\"https:\\\/\\\/aconteceunovale.com.br\\\/portal\\\/#\\\/schema\\\/person\\\/633529146f2c94272bef50ac2953d589\"},\"breadcrumb\":{\"@id\":\"https:\\\/\\\/aconteceunovale.com.br\\\/portal\\\/?p=114987#breadcrumb\"},\"inLanguage\":\"pt-BR\",\"potentialAction\":[{\"@type\":\"ReadAction\",\"target\":[\"https:\\\/\\\/aconteceunovale.com.br\\\/portal\\\/?p=114987\"]}]},{\"@type\":\"ImageObject\",\"inLanguage\":\"pt-BR\",\"@id\":\"https:\\\/\\\/aconteceunovale.com.br\\\/portal\\\/?p=114987#primaryimage\",\"url\":\"https:\\\/\\\/aconteceunovale.com.br\\\/portal\\\/wp-content\\\/uploads\\\/2017\\\/05\\\/motos_rp.jpg\",\"contentUrl\":\"https:\\\/\\\/aconteceunovale.com.br\\\/portal\\\/wp-content\\\/uploads\\\/2017\\\/05\\\/motos_rp.jpg\",\"width\":678,\"height\":381},{\"@type\":\"BreadcrumbList\",\"@id\":\"https:\\\/\\\/aconteceunovale.com.br\\\/portal\\\/?p=114987#breadcrumb\",\"itemListElement\":[{\"@type\":\"ListItem\",\"position\":1,\"name\":\"In\u00edcio\",\"item\":\"https:\\\/\\\/aconteceunovale.com.br\\\/portal\\\/\"},{\"@type\":\"ListItem\",\"position\":2,\"name\":\"Duas pessoas s\u00e3o detidas por furtos de motocicletas em Rio Pardo de Minas\"}]},{\"@type\":\"WebSite\",\"@id\":\"https:\\\/\\\/aconteceunovale.com.br\\\/portal\\\/#website\",\"url\":\"https:\\\/\\\/aconteceunovale.com.br\\\/portal\\\/\",\"name\":\"Aconteceu no Vale\",\"description\":\"Portal de Not\u00edcias\",\"potentialAction\":[{\"@type\":\"SearchAction\",\"target\":{\"@type\":\"EntryPoint\",\"urlTemplate\":\"https:\\\/\\\/aconteceunovale.com.br\\\/portal\\\/?s={search_term_string}\"},\"query-input\":{\"@type\":\"PropertyValueSpecification\",\"valueRequired\":true,\"valueName\":\"search_term_string\"}}],\"inLanguage\":\"pt-BR\"},{\"@type\":\"Person\",\"@id\":\"https:\\\/\\\/aconteceunovale.com.br\\\/portal\\\/#\\\/schema\\\/person\\\/633529146f2c94272bef50ac2953d589\",\"name\":\"Aconteceu no Vale\",\"description\":\"Equipe de reportagem do Aconteceu no Vale, portal de not\u00edcias do Vale do Jequitinhonha, em Minas Gerais. Cobrimos as 51 cidades do Vale desde 2013. Sugest\u00f5es de pauta e pedidos de corre\u00e7\u00e3o: contato@aconteceunovale.com.br\",\"sameAs\":[\"http:\\\/\\\/www.aconteceunovale.com.br\"],\"url\":\"https:\\\/\\\/aconteceunovale.com.br\\\/portal\\\/?author=1\"}]}<\/script>\n<!-- \/ Yoast SEO plugin. -->","yoast_head_json":{"title":"Duas pessoas s\u00e3o detidas por furtos de motocicletas em Rio Pardo de Minas - Aconteceu no Vale","robots":{"index":"index","follow":"follow","max-snippet":"max-snippet:-1","max-image-preview":"max-image-preview:large","max-video-preview":"max-video-preview:-1"},"canonical":"https:\/\/aconteceunovale.com.br\/portal\/?p=114987","og_locale":"pt_BR","og_type":"article","og_title":"Duas pessoas s\u00e3o detidas por furtos de motocicletas em Rio Pardo de Minas - Aconteceu no Vale","og_description":"Duas pessoas foram detidas nesse s\u00e1bado (13\/05\/2017) por envolvimento em furtos de motocicletas em Rio Pardo de Minas, na regi\u00e3o Norte do Estado. Segundo a Pol\u00edcia Militar (PM), durante patrulhamento de rotina, policiais abordaram um adolescente, de 15 anos, conduzindo uma moto em atitude suspeita. Os militares descobriram que a igni\u00e7\u00e3o da motocicleta estava arrebentada. [&hellip;]","og_url":"https:\/\/aconteceunovale.com.br\/portal\/?p=114987","og_site_name":"Aconteceu no Vale","article_publisher":"https:\/\/www.facebook.com\/aconteceunovale\/","article_published_time":"2017-05-14T23:13:24+00:00","og_image":[{"width":678,"height":381,"url":"https:\/\/aconteceunovale.com.br\/portal\/wp-content\/uploads\/2017\/05\/motos_rp.jpg","type":"image\/jpeg"}],"author":"Aconteceu no Vale","twitter_card":"summary_large_image","twitter_creator":"@noticiadosvales","twitter_site":"@noticiadosvales","twitter_misc":{"Escrito por":"Aconteceu no Vale","Est. tempo de leitura":"2 minutos"},"schema":{"@context":"https:\/\/schema.org","@graph":[{"@type":"Article","@id":"https:\/\/aconteceunovale.com.br\/portal\/?p=114987#article","isPartOf":{"@id":"https:\/\/aconteceunovale.com.br\/portal\/?p=114987"},"author":{"name":"Aconteceu no Vale","@id":"https:\/\/aconteceunovale.com.br\/portal\/#\/schema\/person\/633529146f2c94272bef50ac2953d589"},"headline":"Duas pessoas s\u00e3o detidas por furtos de motocicletas em Rio Pardo de Minas","datePublished":"2017-05-14T23:13:24+00:00","mainEntityOfPage":{"@id":"https:\/\/aconteceunovale.com.br\/portal\/?p=114987"},"wordCount":352,"commentCount":0,"image":{"@id":"https:\/\/aconteceunovale.com.br\/portal\/?p=114987#primaryimage"},"thumbnailUrl":"https:\/\/aconteceunovale.com.br\/portal\/wp-content\/uploads\/2017\/05\/motos_rp.jpg","keywords":["Detidos em Rio Pardo de Minas","Duas pessoas s\u00e3o detidas por furtos de motocicletas em Rio Pardo de Minas","Furtos de motos em Rio Pardo de Minas","Motos apreendidas em Rio Pardo de Minas","Motos roubadas em Rio Pardo de Minas","Presos em Rio Pardo de Minas","Rio Pardo de Minas","Roubo de motos em Rio Pardo de Minas"],"articleSection":["Norte de Minas"],"inLanguage":"pt-BR","potentialAction":[{"@type":"CommentAction","name":"Comment","target":["https:\/\/aconteceunovale.com.br\/portal\/?p=114987#respond"]}]},{"@type":"WebPage","@id":"https:\/\/aconteceunovale.com.br\/portal\/?p=114987","url":"https:\/\/aconteceunovale.com.br\/portal\/?p=114987","name":"Duas pessoas s\u00e3o detidas por furtos de motocicletas em Rio Pardo de Minas - Aconteceu no Vale","isPartOf":{"@id":"https:\/\/aconteceunovale.com.br\/portal\/#website"},"primaryImageOfPage":{"@id":"https:\/\/aconteceunovale.com.br\/portal\/?p=114987#primaryimage"},"image":{"@id":"https:\/\/aconteceunovale.com.br\/portal\/?p=114987#primaryimage"},"thumbnailUrl":"https:\/\/aconteceunovale.com.br\/portal\/wp-content\/uploads\/2017\/05\/motos_rp.jpg","datePublished":"2017-05-14T23:13:24+00:00","author":{"@id":"https:\/\/aconteceunovale.com.br\/portal\/#\/schema\/person\/633529146f2c94272bef50ac2953d589"},"breadcrumb":{"@id":"https:\/\/aconteceunovale.com.br\/portal\/?p=114987#breadcrumb"},"inLanguage":"pt-BR","potentialAction":[{"@type":"ReadAction","target":["https:\/\/aconteceunovale.com.br\/portal\/?p=114987"]}]},{"@type":"ImageObject","inLanguage":"pt-BR","@id":"https:\/\/aconteceunovale.com.br\/portal\/?p=114987#primaryimage","url":"https:\/\/aconteceunovale.com.br\/portal\/wp-content\/uploads\/2017\/05\/motos_rp.jpg","contentUrl":"https:\/\/aconteceunovale.com.br\/portal\/wp-content\/uploads\/2017\/05\/motos_rp.jpg","width":678,"height":381},{"@type":"BreadcrumbList","@id":"https:\/\/aconteceunovale.com.br\/portal\/?p=114987#breadcrumb","itemListElement":[{"@type":"ListItem","position":1,"name":"In\u00edcio","item":"https:\/\/aconteceunovale.com.br\/portal\/"},{"@type":"ListItem","position":2,"name":"Duas pessoas s\u00e3o detidas por furtos de motocicletas em Rio Pardo de Minas"}]},{"@type":"WebSite","@id":"https:\/\/aconteceunovale.com.br\/portal\/#website","url":"https:\/\/aconteceunovale.com.br\/portal\/","name":"Aconteceu no Vale","description":"Portal de Not\u00edcias","potentialAction":[{"@type":"SearchAction","target":{"@type":"EntryPoint","urlTemplate":"https:\/\/aconteceunovale.com.br\/portal\/?s={search_term_string}"},"query-input":{"@type":"PropertyValueSpecification","valueRequired":true,"valueName":"search_term_string"}}],"inLanguage":"pt-BR"},{"@type":"Person","@id":"https:\/\/aconteceunovale.com.br\/portal\/#\/schema\/person\/633529146f2c94272bef50ac2953d589","name":"Aconteceu no Vale","description":"Equipe de reportagem do Aconteceu no Vale, portal de not\u00edcias do Vale do Jequitinhonha, em Minas Gerais. Cobrimos as 51 cidades do Vale desde 2013. Sugest\u00f5es de pauta e pedidos de corre\u00e7\u00e3o: contato@aconteceunovale.com.br","sameAs":["http:\/\/www.aconteceunovale.com.br"],"url":"https:\/\/aconteceunovale.com.br\/portal\/?author=1"}]}},"_links":{"self":[{"href":"https:\/\/aconteceunovale.com.br\/portal\/index.php?rest_route=\/wp\/v2\/posts\/114987","targetHints":{"allow":["GET"]}}],"collection":[{"href":"https:\/\/aconteceunovale.com.br\/portal\/index.php?rest_route=\/wp\/v2\/posts"}],"about":[{"href":"https:\/\/aconteceunovale.com.br\/portal\/index.php?rest_route=\/wp\/v2\/types\/post"}],"author":[{"embeddable":true,"href":"https:\/\/aconteceunovale.com.br\/portal\/index.php?rest_route=\/wp\/v2\/users\/1"}],"replies":[{"embeddable":true,"href":"https:\/\/aconteceunovale.com.br\/portal\/index.php?rest_route=%2Fwp%2Fv2%2Fcomments&post=114987"}],"version-history":[{"count":0,"href":"https:\/\/aconteceunovale.com.br\/portal\/index.php?rest_route=\/wp\/v2\/posts\/114987\/revisions"}],"wp:featuredmedia":[{"embeddable":true,"href":"https:\/\/aconteceunovale.com.br\/portal\/index.php?rest_route=\/wp\/v2\/media\/114988"}],"wp:attachment":[{"href":"https:\/\/aconteceunovale.com.br\/portal\/index.php?rest_route=%2Fwp%2Fv2%2Fmedia&parent=114987"}],"wp:term":[{"taxonomy":"category","embeddable":true,"href":"https:\/\/aconteceunovale.com.br\/portal\/index.php?rest_route=%2Fwp%2Fv2%2Fcategories&post=114987"},{"taxonomy":"post_tag","embeddable":true,"href":"https:\/\/aconteceunovale.com.br\/portal\/index.php?rest_route=%2Fwp%2Fv2%2Ftags&post=114987"}],"curies":[{"name":"wp","href":"https:\/\/api.w.org\/{rel}","templated":true}]}}