{"id":114977,"date":"2017-05-14T20:48:31","date_gmt":"2017-05-14T22:48:31","guid":{"rendered":"http:\/\/aconteceunovale.com.br\/portal\/?p=114977"},"modified":"2017-05-14T20:48:31","modified_gmt":"2017-05-14T22:48:31","slug":"fabrica-de-moveis-e-estofados-e-destruida-por-incendio-em-montes-claros","status":"publish","type":"post","link":"https:\/\/aconteceunovale.com.br\/portal\/?p=114977","title":{"rendered":"F\u00e1brica de m\u00f3veis e estofados \u00e9 destru\u00edda por inc\u00eandio em Montes Claros"},"content":{"rendered":"<p>Um inc\u00eandio destruiu uma f\u00e1brica de m\u00f3veis e estofados na noite deste s\u00e1bado (13\/05\/2017) em Montes Claros, no Norte de Minas. As chamas se alastraram rapidamente e, segundo o Corpo de Bombeiros, alguns militares que estavam de folga iniciaram os primeiros atendimentos retirando as pessoas da \u00e1rea de risco.<\/p>\n<p>Testemunhas relataram ao Corpo de Bombeiros que as chamas podem ter sido provocadas por fogos e artif\u00edcios, que foram usados durante uma prociss\u00e3o que acontecia no Bairro Alice Maia. Mas, os militares alertam que somente ap\u00f3s a per\u00edcia t\u00e9cnica ser\u00e1 poss\u00edvel identificar o que motivou o in\u00edcio das chamas. A previs\u00e3o \u00e9 que um perito vistorie o local na manh\u00e3 deste domingo (14).<\/p>\n<p>Segundo o tenente Franklin Soares Xavier, no local havia espumas e madeiras que s\u00e3o considerados altamente inflam\u00e1veis. \u201cQuando chegamos ao local logo identificamos que havia um fio ainda energizado, o que gerava riscos aos militares e tamb\u00e9m para as pessoas que passassem por ali. Por isso n\u00e3o pudemos fazer o ataque direto por esta porta de entrada para evitar acidentes. Ent\u00e3o, fizemos um ataque indireto resfriando as resid\u00eancias vizinhas para evitar que outros im\u00f3veis fossem atingidos pelas chamas\u201d, diz.<\/p>\n<p>Uma empresa terceirizada da Cemig foi ao local e desligou o fornecimento de energia da regi\u00e3o. \u201cInfelizmente, j\u00e1 tinha consumido tudo. Agora, orientamos aos moradores a acionar a defesa civil para fazer uma an\u00e1lise sobre a estrutura das casas\u201d, completa o tenente.<\/p>\n<h4>V\u00eddeo<\/h4>\n<p><iframe loading=\"lazy\" width=\"640\" height=\"360\" src=\"https:\/\/www.youtube.com\/embed\/DwDrKeugobg\" frameborder=\"0\" allowfullscreen><\/iframe><br \/>\n<\/br><\/p>\n<h4>Fotos<\/h4>\n<p><img decoding=\"async\" src=\"http:\/\/aconteceunovale.com.br\/portal\/wp-content\/uploads\/2017\/05\/incendio_fabrica_moc_1.jpg\" alt=\"\" \/><\/p>\n<p><img decoding=\"async\" src=\"http:\/\/aconteceunovale.com.br\/portal\/wp-content\/uploads\/2017\/05\/incendio_fabrica_moc_2.jpg\" alt=\"\" \/><\/p>\n<p><img decoding=\"async\" src=\"http:\/\/aconteceunovale.com.br\/portal\/wp-content\/uploads\/2017\/05\/incendio_fabrica_moc_3.jpg\" alt=\"\" \/><\/p>\n<p><img decoding=\"async\" src=\"http:\/\/aconteceunovale.com.br\/portal\/wp-content\/uploads\/2017\/05\/incendio_fabrica_moc_4.jpg\" alt=\"\" \/><\/p>\n<p><img decoding=\"async\" src=\"http:\/\/aconteceunovale.com.br\/portal\/wp-content\/uploads\/2017\/05\/incendio_fabrica_moc_5.jpg\" alt=\"\" \/><\/p>\n<p><img decoding=\"async\" src=\"http:\/\/aconteceunovale.com.br\/portal\/wp-content\/uploads\/2017\/05\/incendio_fabrica_moc_6.jpg\" alt=\"\" \/><\/p>\n<p><img decoding=\"async\" src=\"http:\/\/aconteceunovale.com.br\/portal\/wp-content\/uploads\/2017\/05\/incendio_fabrica_moc_7.jpg\" alt=\"\" \/><\/p>\n<p><img decoding=\"async\" src=\"http:\/\/aconteceunovale.com.br\/portal\/wp-content\/uploads\/2017\/05\/incendio_fabrica_moc_8.jpg\" alt=\"\" \/><br \/>\n<\/br><\/p>\n<p><strong>VER PRIMEIRO<\/strong><\/p>\n<p>Receba as not\u00edcias do Aconteceu no Vale em primeira m\u00e3o. Clique em curtir no endere\u00e7o <a href=\"https:\/\/www.facebook.com\/aconteceunovale\" target=\"_blank\"><font color=\"red\">www.facebook.com\/aconteceunovale<\/font><\/a> ou no box abaixo:<\/p>\n<div class=\"fb-like\" data-href=\"https:\/\/www.facebook.com\/aconteceunovale\" data-width=\"120\" data-layout=\"standard\" data-action=\"like\" data-size=\"small\" data-show-faces=\"true\" data-share=\"true\"><\/div>\n<p><\/br><\/p>\n<p><em>(Fonte: G1 Grande Minas \/ Fotos: Reprodu\u00e7\u00e3o Grupo Moc Alerta)<\/em><\/p>\n","protected":false},"excerpt":{"rendered":"<p>Um inc\u00eandio destruiu uma f\u00e1brica de m\u00f3veis e estofados na noite deste s\u00e1bado (13\/05\/2017) em Montes Claros, no Norte de Minas. As chamas se alastraram rapidamente e, segundo o Corpo de Bombeiros, alguns militares que estavam de folga iniciaram os primeiros atendimentos retirando as pessoas da \u00e1rea de risco. Testemunhas relataram ao Corpo de Bombeiros [&hellip;]<\/p>\n","protected":false},"author":1,"featured_media":114985,"comment_status":"open","ping_status":"closed","sticky":false,"template":"","format":"standard","meta":{"amp_status":"","footnotes":""},"categories":[1236],"tags":[37851,149098,149092,149095,149099,149094,149097,60747,149093,149096,210],"class_list":["post-114977","post","type-post","status-publish","format-standard","has-post-thumbnail","hentry","category-norte_de_minas","tag-corpo-de-bombeiros-de-montes-claros","tag-fabrica-de-moveis-e-estofados-e-destruida-por-incendio-em-montes-claros","tag-fabrica-de-moveis-e-estofados-montesclarense","tag-fabrica-montesclarense","tag-fogo-em-montes-claros","tag-fogo-na-fabrica-de-moveis-e-estofados-montesclarense","tag-fogo-na-fabrica-montesclarense","tag-incendio-em-montes-claros","tag-incendio-na-fabrica-de-moveis-e-estofados-montesclarense","tag-incendio-na-fabrica-montesclarense","tag-montes-claros"],"_links":{"self":[{"href":"https:\/\/aconteceunovale.com.br\/portal\/index.php?rest_route=\/wp\/v2\/posts\/114977","targetHints":{"allow":["GET"]}}],"collection":[{"href":"https:\/\/aconteceunovale.com.br\/portal\/index.php?rest_route=\/wp\/v2\/posts"}],"about":[{"href":"https:\/\/aconteceunovale.com.br\/portal\/index.php?rest_route=\/wp\/v2\/types\/post"}],"author":[{"embeddable":true,"href":"https:\/\/aconteceunovale.com.br\/portal\/index.php?rest_route=\/wp\/v2\/users\/1"}],"replies":[{"embeddable":true,"href":"https:\/\/aconteceunovale.com.br\/portal\/index.php?rest_route=%2Fwp%2Fv2%2Fcomments&post=114977"}],"version-history":[{"count":0,"href":"https:\/\/aconteceunovale.com.br\/portal\/index.php?rest_route=\/wp\/v2\/posts\/114977\/revisions"}],"wp:featuredmedia":[{"embeddable":true,"href":"https:\/\/aconteceunovale.com.br\/portal\/index.php?rest_route=\/wp\/v2\/media\/114985"}],"wp:attachment":[{"href":"https:\/\/aconteceunovale.com.br\/portal\/index.php?rest_route=%2Fwp%2Fv2%2Fmedia&parent=114977"}],"wp:term":[{"taxonomy":"category","embeddable":true,"href":"https:\/\/aconteceunovale.com.br\/portal\/index.php?rest_route=%2Fwp%2Fv2%2Fcategories&post=114977"},{"taxonomy":"post_tag","embeddable":true,"href":"https:\/\/aconteceunovale.com.br\/portal\/index.php?rest_route=%2Fwp%2Fv2%2Ftags&post=114977"}],"curies":[{"name":"wp","href":"https:\/\/api.w.org\/{rel}","templated":true}]}}