{"id":114973,"date":"2017-05-14T00:00:25","date_gmt":"2017-05-14T02:00:25","guid":{"rendered":"http:\/\/aconteceunovale.com.br\/portal\/?p=114973"},"modified":"2017-05-14T00:00:25","modified_gmt":"2017-05-14T02:00:25","slug":"samu-comemora-12-anos-de-servicos-prestados-a-populacao-de-governador-valadares","status":"publish","type":"post","link":"https:\/\/aconteceunovale.com.br\/portal\/?p=114973","title":{"rendered":"SAMU comemora 12 anos de servi\u00e7os prestados \u00e0 popula\u00e7\u00e3o de Governador Valadares"},"content":{"rendered":"<p>O Servi\u00e7o de Atendimento M\u00f3vel de Urg\u00eancia (SAMU) de Governador Valadares completou 12 anos de instala\u00e7\u00e3o na cidade nessa sexta-feira (12\/05\/2017). Conhecido por seu n\u00famero de telefone, 192, ele tem sua hist\u00f3ria marcada por algarismos e comemora\u00e7\u00f5es. E o que n\u00e3o falta s\u00e3o raz\u00f5es para festejar.<\/p>\n<p>Durante esse per\u00edodo, foram feitas 437.658 liga\u00e7\u00f5es e realizados 251.360 atendimentos, o que representa milhares de vidas salvas. Motivo de orgulho para os profissionais e tamb\u00e9m para a popula\u00e7\u00e3o de Valadares e regi\u00e3o, que j\u00e1 discou para o 192 em busca de informa\u00e7\u00f5es mais de 149 mil vezes e foi, prontamente, atendida.<\/p>\n<p>Al\u00e9m disso, as ambul\u00e2ncias foram deslocadas para os mais distintos locais por mais de 104 mil vezes. E, n\u00e3o bastasse o socorro \u00e0s v\u00edtimas, o SAMU de Valadares ainda fica de prontid\u00e3o nos campeonatos de voo livre, parapente, asa-delta, futebol, em festas tradicionais da cidade, como o Gev\u00ea Folia, Festa \u00e0 Fantasia, entre outras, disponibilizando ambul\u00e2ncia e equipe em casos de atendimentos de urg\u00eancia.<\/p>\n<p>E criou programas como o N\u00facleo de Ensino e Pesquisas (NEP), que tem por objetivo capacitar a popula\u00e7\u00e3o oferecendo cursos b\u00e1sicos de primeiros socorros e capacita\u00e7\u00f5es para profissionais do N\u00facleo de Apoio \u00e0 Sa\u00fade da Fam\u00edlia (Nasf), do Tiro de Guerra, instrutores de autoescolas e tantos outros. E mais: em 2014, criou o projeto Samuzinho, no qual uma equipe do NEP ensina crian\u00e7as de oito a 12 anos de escolas p\u00fablicas municipais a n\u00e3o passarem trotes para o Servi\u00e7o, al\u00e9m de compartilharem no\u00e7\u00f5es b\u00e1sicas de primeiros socorros e medidas de preven\u00e7\u00e3o de acidente.<\/p>\n<p>Ao longo destes 12 anos j\u00e1 foram registrados 186.298 trotes, o que gera deslocamento desnecess\u00e1rio de ambul\u00e2ncias e equipes, desgaste emocional e f\u00edsico, e atrapalha o atendimento a quem realmente precisa. Por meio desse projeto, 1.352 crian\u00e7as e jovens j\u00e1 foram orientados quanto ao momento certo de entrar em contato com o \u00f3rg\u00e3o e a atuar em situa\u00e7\u00f5es de risco.<\/p>\n<p>O SAMU de Valadares conta com uma equipe formada por m\u00e9dicos, enfermeiros e condutores socorristas. E conta ainda com tr\u00eas ambul\u00e2ncias, sendo duas de suporte b\u00e1sico e uma de suporte avan\u00e7ado. E o SAMU n\u00e3o para: j\u00e1 firmou parcerias com a Universidade Federal de Juiz de Fora, campus GV, Univale, Tiro de Guerra e Secretaria Municipal de Educa\u00e7\u00e3o (SMED).<\/p>\n<p>Para celebrar a data e agraciar os her\u00f3is da equipe, foi realizada uma homenagem na C\u00e2mara Municipal. <\/p>\n<p><img decoding=\"async\" src=\"http:\/\/aconteceunovale.com.br\/portal\/wp-content\/uploads\/2017\/05\/samu_gv.jpg\" alt=\"\" \/><em>SAMU comemora 12 anos em Governador Valadares (Foto: Divulga\u00e7\u00e3o\/PMGV)<\/em><br \/>\n<\/br><\/p>\n<p><strong>VER PRIMEIRO<\/strong><\/p>\n<p>Receba as not\u00edcias do Aconteceu no Vale em primeira m\u00e3o. Clique em curtir no endere\u00e7o <a href=\"https:\/\/www.facebook.com\/aconteceunovale\" target=\"_blank\"><font color=\"red\">www.facebook.com\/aconteceunovale<\/font><\/a> ou no box abaixo:<\/p>\n<div class=\"fb-like\" data-href=\"https:\/\/www.facebook.com\/aconteceunovale\" data-width=\"120\" data-layout=\"standard\" data-action=\"like\" data-size=\"small\" data-show-faces=\"true\" data-share=\"true\"><\/div>\n<p><\/br><\/p>\n<p><em>(Fonte: PMGV)<\/em><\/p>\n","protected":false},"excerpt":{"rendered":"<p>O Servi\u00e7o de Atendimento M\u00f3vel de Urg\u00eancia (SAMU) de Governador Valadares completou 12 anos de instala\u00e7\u00e3o na cidade nessa sexta-feira (12\/05\/2017). Conhecido por seu n\u00famero de telefone, 192, ele tem sua hist\u00f3ria marcada por algarismos e comemora\u00e7\u00f5es. E o que n\u00e3o falta s\u00e3o raz\u00f5es para festejar. Durante esse per\u00edodo, foram feitas 437.658 liga\u00e7\u00f5es e realizados [&hellip;]<\/p>\n","protected":false},"author":1,"featured_media":114974,"comment_status":"open","ping_status":"closed","sticky":false,"template":"","format":"standard","meta":{"amp_status":"","footnotes":""},"categories":[121],"tags":[149087,149089,247,149088,149090,149091,147335],"class_list":["post-114973","post","type-post","status-publish","format-standard","has-post-thumbnail","hentry","category-leste","tag-aniversario-do-samu-em-governador-valadares","tag-dados-do-samu-de-governador-valadares","tag-governador-valadares","tag-numeros-do-samu-de-governador-valadares","tag-samu-comemora-12-anos-de-servicos-prestados-a-populacao-de-governador-valadares","tag-samu-comemora-12-anos-em-governador-valadares","tag-samu-de-governador-valadares"],"_links":{"self":[{"href":"https:\/\/aconteceunovale.com.br\/portal\/index.php?rest_route=\/wp\/v2\/posts\/114973","targetHints":{"allow":["GET"]}}],"collection":[{"href":"https:\/\/aconteceunovale.com.br\/portal\/index.php?rest_route=\/wp\/v2\/posts"}],"about":[{"href":"https:\/\/aconteceunovale.com.br\/portal\/index.php?rest_route=\/wp\/v2\/types\/post"}],"author":[{"embeddable":true,"href":"https:\/\/aconteceunovale.com.br\/portal\/index.php?rest_route=\/wp\/v2\/users\/1"}],"replies":[{"embeddable":true,"href":"https:\/\/aconteceunovale.com.br\/portal\/index.php?rest_route=%2Fwp%2Fv2%2Fcomments&post=114973"}],"version-history":[{"count":0,"href":"https:\/\/aconteceunovale.com.br\/portal\/index.php?rest_route=\/wp\/v2\/posts\/114973\/revisions"}],"wp:featuredmedia":[{"embeddable":true,"href":"https:\/\/aconteceunovale.com.br\/portal\/index.php?rest_route=\/wp\/v2\/media\/114974"}],"wp:attachment":[{"href":"https:\/\/aconteceunovale.com.br\/portal\/index.php?rest_route=%2Fwp%2Fv2%2Fmedia&parent=114973"}],"wp:term":[{"taxonomy":"category","embeddable":true,"href":"https:\/\/aconteceunovale.com.br\/portal\/index.php?rest_route=%2Fwp%2Fv2%2Fcategories&post=114973"},{"taxonomy":"post_tag","embeddable":true,"href":"https:\/\/aconteceunovale.com.br\/portal\/index.php?rest_route=%2Fwp%2Fv2%2Ftags&post=114973"}],"curies":[{"name":"wp","href":"https:\/\/api.w.org\/{rel}","templated":true}]}}