{"id":114966,"date":"2017-05-13T22:45:28","date_gmt":"2017-05-14T00:45:28","guid":{"rendered":"http:\/\/aconteceunovale.com.br\/portal\/?p=114966"},"modified":"2017-05-13T22:45:28","modified_gmt":"2017-05-14T00:45:28","slug":"ex-atleta-da-usipa-e-convocado-para-a-selecao-brasileira-sub-23-de-volei","status":"publish","type":"post","link":"https:\/\/aconteceunovale.com.br\/portal\/?p=114966","title":{"rendered":"Ex-atleta da Usipa \u00e9 convocado para a Sele\u00e7\u00e3o Brasileira Sub-23 de V\u00f4lei"},"content":{"rendered":"<p>O jogador de v\u00f4lei Bruno Amorim Gon\u00e7alves (21), formado nas categorias de base da Usipa, foi convocado para integrar a Sele\u00e7\u00e3o Brasileira Sub-23 na disputa do Campeonato Mundial de Voleibol.<\/p>\n<p>Bruno, que atualmente defende a camisa do JF V\u00f4lei de Juiz de Fora, come\u00e7ou a treinar na Usipa, em 2010, na categoria iniciante. Deixando a cidade natal, o valadarense trouxe na bagagem o sonho de um dia se tornar jogador profissional. Aos 15 anos, o atleta, adquirido grande conhecimento t\u00e9cnico e t\u00e1tico na escola de Voleibol da Usipa, precisava seguir para categorias mais avan\u00e7adas, assim foi jogar no SADA\/Cruzeiro.<\/p>\n<p>Na temporada 2016, jogando na categoria Adulto, Bruno competia a Superliga e sua excelente atua\u00e7\u00e3o em quadra foi observada pelo o t\u00e9cnico da Sele\u00e7\u00e3o Brasileira, Giovane G\u00e1vio. A convoca\u00e7\u00e3o para integrar a Sele\u00e7\u00e3o Brasileira veio na \u00faltima segunda-feira (08), quando Giovane G\u00e1vio anunciou os nomes dos talentosos atletas que defender\u00e3o o pa\u00eds no Mundial, a ser realizado em Cairo, no Egito, no m\u00eas de agosto.<\/p>\n<p><img decoding=\"async\" src=\"http:\/\/aconteceunovale.com.br\/portal\/wp-content\/uploads\/2017\/05\/atleta_usipa.png\" alt=\"\" \/><em>Bruno Amorim joga no JF V\u00f4lei (Foto: Divulga\u00e7\u00e3o\/Usipa)<\/em><br \/>\n<\/br><\/p>\n<p>O ex-usipense joga na posi\u00e7\u00e3o Central e, segundo o coordenador de Voleibol da Usipa, Josias Alves da Silva, sempre se destacou no dom\u00ednio de quadra, na dedica\u00e7\u00e3o e trabalho em equipe. Para Josias, o jogador n\u00e3o perdeu a sua ess\u00eancia no atual time. &#8220;Bruno sempre foi h\u00e1bil jogando como Central, e al\u00e9m de seu talento intr\u00ednseco, era solid\u00e1rio \u00e0 equipe e dedicado aos treinos, com certeza isto foi um diferencial na hora da convoca\u00e7\u00e3o\u201d afirma Josias.<\/p>\n<p>O gerente de Esportes da Usipa, Nilson Moura de Oliveira, enfatiza que \u201co clube tem muito orgulho de formar grandes atletas e cidad\u00e3os, pessoas que n\u00e3o desistem dos seus sonhos e lutam dia a dia em prol de conquistar seus objetivos e metas, como \u00e9 o caso de Bruno Amorim, e tantos outros que passaram pela Usipa, a citar as atletas ol\u00edmpicas Fl\u00e1via Delaroli (Nata\u00e7\u00e3o), Edilene Andrade (Jud\u00f4), Juciely Barreto (Voleibol), e a medalha de bronze nas Olimp\u00edadas de Pequim, Lucimar Moura (Atletismo)\u201d.<\/p>\n<p><strong>Campeonato Mundial de Voleibol<\/strong><\/p>\n<p>O Campeonato Mundial da categoria Sub-23 reunir\u00e1 as 12 principais Sele\u00e7\u00f5es de Voleibol do mundo e ser\u00e1 disputado em Cairo, no Egito, entre os dias 18 a 26 de agosto.<\/p>\n<p>Esta competi\u00e7\u00e3o \u00e9 realizada a cada dois anos e est\u00e1 em sua 3\u00aa edi\u00e7\u00e3o. Em 2013, 1\u00aa edi\u00e7\u00e3o, teve como sede o Brasil, com jogos realizados na cidade de Uberl\u00e2ndia\/MG. Na ocasi\u00e3o, a equipe Brasileira sagrou-se campe\u00e3 do Mundial. Na 2\u00aa edi\u00e7\u00e3o, em 2015, o evento foi realizado em Dubai nos Emirados \u00c1rabes Unidos, com vit\u00f3ria da R\u00fassia.<\/p>\n<p><strong>VER PRIMEIRO<\/strong><\/p>\n<p>Receba as not\u00edcias do Aconteceu no Vale em primeira m\u00e3o. Clique em curtir no endere\u00e7o <a href=\"https:\/\/www.facebook.com\/aconteceunovale\" target=\"_blank\"><font color=\"red\">www.facebook.com\/aconteceunovale<\/font><\/a> ou no box abaixo:<\/p>\n<div class=\"fb-like\" data-href=\"https:\/\/www.facebook.com\/aconteceunovale\" data-width=\"120\" data-layout=\"standard\" data-action=\"like\" data-size=\"small\" data-show-faces=\"true\" data-share=\"true\"><\/div>\n<p><\/br><\/p>\n<p><em>(Fonte: Usipa)<\/em><\/p>\n","protected":false},"excerpt":{"rendered":"<p>O jogador de v\u00f4lei Bruno Amorim Gon\u00e7alves (21), formado nas categorias de base da Usipa, foi convocado para integrar a Sele\u00e7\u00e3o Brasileira Sub-23 na disputa do Campeonato Mundial de Voleibol. Bruno, que atualmente defende a camisa do JF V\u00f4lei de Juiz de Fora, come\u00e7ou a treinar na Usipa, em 2010, na categoria iniciante. Deixando a [&hellip;]<\/p>\n","protected":false},"author":1,"featured_media":114968,"comment_status":"open","ping_status":"closed","sticky":false,"template":"","format":"standard","meta":{"amp_status":"","footnotes":""},"categories":[59,121],"tags":[149074,149075,1018,149072,149071,149078,149076,206,149073,149077],"class_list":["post-114966","post","type-post","status-publish","format-standard","has-post-thumbnail","hentry","category-esportes","category-leste","tag-bruno-amorim-goncalves","tag-campeonato-mundial-de-voleibol","tag-destaque","tag-ex-atleta-da-usipa","tag-ex-atleta-da-usipa-e-convocado-para-a-selecao-brasileira-sub-23","tag-ex-atleta-da-usipa-e-convocado-para-a-selecao-brasileira-sub-23-de-volei","tag-jf-volei-de-juiz-de-fora","tag-juiz-de-fora","tag-usipa","tag-voleibol-da-usipa"],"yoast_head":"<!-- This site is optimized with the Yoast SEO plugin v28.3 - https:\/\/yoast.com\/product\/yoast-seo-wordpress\/ -->\n<title>Ex-atleta da Usipa \u00e9 convocado para a Sele\u00e7\u00e3o Brasileira Sub-23 de V\u00f4lei - Aconteceu no Vale<\/title>\n<meta name=\"robots\" content=\"index, follow, max-snippet:-1, max-image-preview:large, max-video-preview:-1\" \/>\n<link rel=\"canonical\" href=\"https:\/\/aconteceunovale.com.br\/portal\/?p=114966\" \/>\n<meta property=\"og:locale\" content=\"pt_BR\" \/>\n<meta property=\"og:type\" content=\"article\" \/>\n<meta property=\"og:title\" content=\"Ex-atleta da Usipa \u00e9 convocado para a Sele\u00e7\u00e3o Brasileira Sub-23 de V\u00f4lei - Aconteceu no Vale\" \/>\n<meta property=\"og:description\" content=\"O jogador de v\u00f4lei Bruno Amorim Gon\u00e7alves (21), formado nas categorias de base da Usipa, foi convocado para integrar a Sele\u00e7\u00e3o Brasileira Sub-23 na disputa do Campeonato Mundial de Voleibol. Bruno, que atualmente defende a camisa do JF V\u00f4lei de Juiz de Fora, come\u00e7ou a treinar na Usipa, em 2010, na categoria iniciante. Deixando a [&hellip;]\" \/>\n<meta property=\"og:url\" content=\"https:\/\/aconteceunovale.com.br\/portal\/?p=114966\" \/>\n<meta property=\"og:site_name\" content=\"Aconteceu no Vale\" \/>\n<meta property=\"article:publisher\" content=\"https:\/\/www.facebook.com\/aconteceunovale\/\" \/>\n<meta property=\"article:published_time\" content=\"2017-05-14T00:45:28+00:00\" \/>\n<meta property=\"og:image\" content=\"https:\/\/aconteceunovale.com.br\/portal\/wp-content\/uploads\/2017\/05\/atleta_usipa.png\" \/>\n\t<meta property=\"og:image:width\" content=\"678\" \/>\n\t<meta property=\"og:image:height\" content=\"417\" \/>\n\t<meta property=\"og:image:type\" content=\"image\/png\" \/>\n<meta name=\"author\" content=\"Aconteceu no Vale\" \/>\n<meta name=\"twitter:card\" content=\"summary_large_image\" \/>\n<meta name=\"twitter:creator\" content=\"@noticiadosvales\" \/>\n<meta name=\"twitter:site\" content=\"@noticiadosvales\" \/>\n<meta name=\"twitter:label1\" content=\"Escrito por\" \/>\n\t<meta name=\"twitter:data1\" content=\"Aconteceu no Vale\" \/>\n\t<meta name=\"twitter:label2\" content=\"Est. tempo de leitura\" \/>\n\t<meta name=\"twitter:data2\" content=\"2 minutos\" \/>\n<script type=\"application\/ld+json\" class=\"yoast-schema-graph\">{\"@context\":\"https:\\\/\\\/schema.org\",\"@graph\":[{\"@type\":\"Article\",\"@id\":\"https:\\\/\\\/aconteceunovale.com.br\\\/portal\\\/?p=114966#article\",\"isPartOf\":{\"@id\":\"https:\\\/\\\/aconteceunovale.com.br\\\/portal\\\/?p=114966\"},\"author\":{\"name\":\"Aconteceu no Vale\",\"@id\":\"https:\\\/\\\/aconteceunovale.com.br\\\/portal\\\/#\\\/schema\\\/person\\\/633529146f2c94272bef50ac2953d589\"},\"headline\":\"Ex-atleta da Usipa \u00e9 convocado para a Sele\u00e7\u00e3o Brasileira Sub-23 de V\u00f4lei\",\"datePublished\":\"2017-05-14T00:45:28+00:00\",\"mainEntityOfPage\":{\"@id\":\"https:\\\/\\\/aconteceunovale.com.br\\\/portal\\\/?p=114966\"},\"wordCount\":498,\"commentCount\":0,\"image\":{\"@id\":\"https:\\\/\\\/aconteceunovale.com.br\\\/portal\\\/?p=114966#primaryimage\"},\"thumbnailUrl\":\"https:\\\/\\\/aconteceunovale.com.br\\\/portal\\\/wp-content\\\/uploads\\\/2017\\\/05\\\/atleta_usipa.png\",\"keywords\":[\"Bruno Amorim Gon\u00e7alves\",\"Campeonato Mundial de Voleibol\",\"destaque\",\"Ex-atleta da Usipa\",\"Ex-atleta da Usipa \u00e9 convocado para a Sele\u00e7\u00e3o Brasileira Sub-23\",\"Ex-atleta da Usipa \u00e9 convocado para a Sele\u00e7\u00e3o Brasileira Sub-23 de V\u00f4lei\",\"JF V\u00f4lei de Juiz de Fora\",\"Juiz de Fora\",\"Usipa\",\"Voleibol da Usipa\"],\"articleSection\":[\"Esportes\",\"Leste de Minas\"],\"inLanguage\":\"pt-BR\",\"potentialAction\":[{\"@type\":\"CommentAction\",\"name\":\"Comment\",\"target\":[\"https:\\\/\\\/aconteceunovale.com.br\\\/portal\\\/?p=114966#respond\"]}]},{\"@type\":\"WebPage\",\"@id\":\"https:\\\/\\\/aconteceunovale.com.br\\\/portal\\\/?p=114966\",\"url\":\"https:\\\/\\\/aconteceunovale.com.br\\\/portal\\\/?p=114966\",\"name\":\"Ex-atleta da Usipa \u00e9 convocado para a Sele\u00e7\u00e3o Brasileira Sub-23 de V\u00f4lei - Aconteceu no Vale\",\"isPartOf\":{\"@id\":\"https:\\\/\\\/aconteceunovale.com.br\\\/portal\\\/#website\"},\"primaryImageOfPage\":{\"@id\":\"https:\\\/\\\/aconteceunovale.com.br\\\/portal\\\/?p=114966#primaryimage\"},\"image\":{\"@id\":\"https:\\\/\\\/aconteceunovale.com.br\\\/portal\\\/?p=114966#primaryimage\"},\"thumbnailUrl\":\"https:\\\/\\\/aconteceunovale.com.br\\\/portal\\\/wp-content\\\/uploads\\\/2017\\\/05\\\/atleta_usipa.png\",\"datePublished\":\"2017-05-14T00:45:28+00:00\",\"author\":{\"@id\":\"https:\\\/\\\/aconteceunovale.com.br\\\/portal\\\/#\\\/schema\\\/person\\\/633529146f2c94272bef50ac2953d589\"},\"breadcrumb\":{\"@id\":\"https:\\\/\\\/aconteceunovale.com.br\\\/portal\\\/?p=114966#breadcrumb\"},\"inLanguage\":\"pt-BR\",\"potentialAction\":[{\"@type\":\"ReadAction\",\"target\":[\"https:\\\/\\\/aconteceunovale.com.br\\\/portal\\\/?p=114966\"]}]},{\"@type\":\"ImageObject\",\"inLanguage\":\"pt-BR\",\"@id\":\"https:\\\/\\\/aconteceunovale.com.br\\\/portal\\\/?p=114966#primaryimage\",\"url\":\"https:\\\/\\\/aconteceunovale.com.br\\\/portal\\\/wp-content\\\/uploads\\\/2017\\\/05\\\/atleta_usipa.png\",\"contentUrl\":\"https:\\\/\\\/aconteceunovale.com.br\\\/portal\\\/wp-content\\\/uploads\\\/2017\\\/05\\\/atleta_usipa.png\",\"width\":678,\"height\":417},{\"@type\":\"BreadcrumbList\",\"@id\":\"https:\\\/\\\/aconteceunovale.com.br\\\/portal\\\/?p=114966#breadcrumb\",\"itemListElement\":[{\"@type\":\"ListItem\",\"position\":1,\"name\":\"In\u00edcio\",\"item\":\"https:\\\/\\\/aconteceunovale.com.br\\\/portal\\\/\"},{\"@type\":\"ListItem\",\"position\":2,\"name\":\"Ex-atleta da Usipa \u00e9 convocado para a Sele\u00e7\u00e3o Brasileira Sub-23 de V\u00f4lei\"}]},{\"@type\":\"WebSite\",\"@id\":\"https:\\\/\\\/aconteceunovale.com.br\\\/portal\\\/#website\",\"url\":\"https:\\\/\\\/aconteceunovale.com.br\\\/portal\\\/\",\"name\":\"Aconteceu no Vale\",\"description\":\"Portal de Not\u00edcias\",\"potentialAction\":[{\"@type\":\"SearchAction\",\"target\":{\"@type\":\"EntryPoint\",\"urlTemplate\":\"https:\\\/\\\/aconteceunovale.com.br\\\/portal\\\/?s={search_term_string}\"},\"query-input\":{\"@type\":\"PropertyValueSpecification\",\"valueRequired\":true,\"valueName\":\"search_term_string\"}}],\"inLanguage\":\"pt-BR\"},{\"@type\":\"Person\",\"@id\":\"https:\\\/\\\/aconteceunovale.com.br\\\/portal\\\/#\\\/schema\\\/person\\\/633529146f2c94272bef50ac2953d589\",\"name\":\"Aconteceu no Vale\",\"description\":\"Equipe de reportagem do Aconteceu no Vale, portal de not\u00edcias do Vale do Jequitinhonha, em Minas Gerais. Cobrimos as 51 cidades do Vale desde 2013. Sugest\u00f5es de pauta e pedidos de corre\u00e7\u00e3o: contato@aconteceunovale.com.br\",\"sameAs\":[\"http:\\\/\\\/www.aconteceunovale.com.br\"],\"url\":\"https:\\\/\\\/aconteceunovale.com.br\\\/portal\\\/?author=1\"}]}<\/script>\n<!-- \/ Yoast SEO plugin. -->","yoast_head_json":{"title":"Ex-atleta da Usipa \u00e9 convocado para a Sele\u00e7\u00e3o Brasileira Sub-23 de V\u00f4lei - Aconteceu no Vale","robots":{"index":"index","follow":"follow","max-snippet":"max-snippet:-1","max-image-preview":"max-image-preview:large","max-video-preview":"max-video-preview:-1"},"canonical":"https:\/\/aconteceunovale.com.br\/portal\/?p=114966","og_locale":"pt_BR","og_type":"article","og_title":"Ex-atleta da Usipa \u00e9 convocado para a Sele\u00e7\u00e3o Brasileira Sub-23 de V\u00f4lei - Aconteceu no Vale","og_description":"O jogador de v\u00f4lei Bruno Amorim Gon\u00e7alves (21), formado nas categorias de base da Usipa, foi convocado para integrar a Sele\u00e7\u00e3o Brasileira Sub-23 na disputa do Campeonato Mundial de Voleibol. Bruno, que atualmente defende a camisa do JF V\u00f4lei de Juiz de Fora, come\u00e7ou a treinar na Usipa, em 2010, na categoria iniciante. Deixando a [&hellip;]","og_url":"https:\/\/aconteceunovale.com.br\/portal\/?p=114966","og_site_name":"Aconteceu no Vale","article_publisher":"https:\/\/www.facebook.com\/aconteceunovale\/","article_published_time":"2017-05-14T00:45:28+00:00","og_image":[{"width":678,"height":417,"url":"https:\/\/aconteceunovale.com.br\/portal\/wp-content\/uploads\/2017\/05\/atleta_usipa.png","type":"image\/png"}],"author":"Aconteceu no Vale","twitter_card":"summary_large_image","twitter_creator":"@noticiadosvales","twitter_site":"@noticiadosvales","twitter_misc":{"Escrito por":"Aconteceu no Vale","Est. tempo de leitura":"2 minutos"},"schema":{"@context":"https:\/\/schema.org","@graph":[{"@type":"Article","@id":"https:\/\/aconteceunovale.com.br\/portal\/?p=114966#article","isPartOf":{"@id":"https:\/\/aconteceunovale.com.br\/portal\/?p=114966"},"author":{"name":"Aconteceu no Vale","@id":"https:\/\/aconteceunovale.com.br\/portal\/#\/schema\/person\/633529146f2c94272bef50ac2953d589"},"headline":"Ex-atleta da Usipa \u00e9 convocado para a Sele\u00e7\u00e3o Brasileira Sub-23 de V\u00f4lei","datePublished":"2017-05-14T00:45:28+00:00","mainEntityOfPage":{"@id":"https:\/\/aconteceunovale.com.br\/portal\/?p=114966"},"wordCount":498,"commentCount":0,"image":{"@id":"https:\/\/aconteceunovale.com.br\/portal\/?p=114966#primaryimage"},"thumbnailUrl":"https:\/\/aconteceunovale.com.br\/portal\/wp-content\/uploads\/2017\/05\/atleta_usipa.png","keywords":["Bruno Amorim Gon\u00e7alves","Campeonato Mundial de Voleibol","destaque","Ex-atleta da Usipa","Ex-atleta da Usipa \u00e9 convocado para a Sele\u00e7\u00e3o Brasileira Sub-23","Ex-atleta da Usipa \u00e9 convocado para a Sele\u00e7\u00e3o Brasileira Sub-23 de V\u00f4lei","JF V\u00f4lei de Juiz de Fora","Juiz de Fora","Usipa","Voleibol da Usipa"],"articleSection":["Esportes","Leste de Minas"],"inLanguage":"pt-BR","potentialAction":[{"@type":"CommentAction","name":"Comment","target":["https:\/\/aconteceunovale.com.br\/portal\/?p=114966#respond"]}]},{"@type":"WebPage","@id":"https:\/\/aconteceunovale.com.br\/portal\/?p=114966","url":"https:\/\/aconteceunovale.com.br\/portal\/?p=114966","name":"Ex-atleta da Usipa \u00e9 convocado para a Sele\u00e7\u00e3o Brasileira Sub-23 de V\u00f4lei - Aconteceu no Vale","isPartOf":{"@id":"https:\/\/aconteceunovale.com.br\/portal\/#website"},"primaryImageOfPage":{"@id":"https:\/\/aconteceunovale.com.br\/portal\/?p=114966#primaryimage"},"image":{"@id":"https:\/\/aconteceunovale.com.br\/portal\/?p=114966#primaryimage"},"thumbnailUrl":"https:\/\/aconteceunovale.com.br\/portal\/wp-content\/uploads\/2017\/05\/atleta_usipa.png","datePublished":"2017-05-14T00:45:28+00:00","author":{"@id":"https:\/\/aconteceunovale.com.br\/portal\/#\/schema\/person\/633529146f2c94272bef50ac2953d589"},"breadcrumb":{"@id":"https:\/\/aconteceunovale.com.br\/portal\/?p=114966#breadcrumb"},"inLanguage":"pt-BR","potentialAction":[{"@type":"ReadAction","target":["https:\/\/aconteceunovale.com.br\/portal\/?p=114966"]}]},{"@type":"ImageObject","inLanguage":"pt-BR","@id":"https:\/\/aconteceunovale.com.br\/portal\/?p=114966#primaryimage","url":"https:\/\/aconteceunovale.com.br\/portal\/wp-content\/uploads\/2017\/05\/atleta_usipa.png","contentUrl":"https:\/\/aconteceunovale.com.br\/portal\/wp-content\/uploads\/2017\/05\/atleta_usipa.png","width":678,"height":417},{"@type":"BreadcrumbList","@id":"https:\/\/aconteceunovale.com.br\/portal\/?p=114966#breadcrumb","itemListElement":[{"@type":"ListItem","position":1,"name":"In\u00edcio","item":"https:\/\/aconteceunovale.com.br\/portal\/"},{"@type":"ListItem","position":2,"name":"Ex-atleta da Usipa \u00e9 convocado para a Sele\u00e7\u00e3o Brasileira Sub-23 de V\u00f4lei"}]},{"@type":"WebSite","@id":"https:\/\/aconteceunovale.com.br\/portal\/#website","url":"https:\/\/aconteceunovale.com.br\/portal\/","name":"Aconteceu no Vale","description":"Portal de Not\u00edcias","potentialAction":[{"@type":"SearchAction","target":{"@type":"EntryPoint","urlTemplate":"https:\/\/aconteceunovale.com.br\/portal\/?s={search_term_string}"},"query-input":{"@type":"PropertyValueSpecification","valueRequired":true,"valueName":"search_term_string"}}],"inLanguage":"pt-BR"},{"@type":"Person","@id":"https:\/\/aconteceunovale.com.br\/portal\/#\/schema\/person\/633529146f2c94272bef50ac2953d589","name":"Aconteceu no Vale","description":"Equipe de reportagem do Aconteceu no Vale, portal de not\u00edcias do Vale do Jequitinhonha, em Minas Gerais. Cobrimos as 51 cidades do Vale desde 2013. Sugest\u00f5es de pauta e pedidos de corre\u00e7\u00e3o: contato@aconteceunovale.com.br","sameAs":["http:\/\/www.aconteceunovale.com.br"],"url":"https:\/\/aconteceunovale.com.br\/portal\/?author=1"}]}},"_links":{"self":[{"href":"https:\/\/aconteceunovale.com.br\/portal\/index.php?rest_route=\/wp\/v2\/posts\/114966","targetHints":{"allow":["GET"]}}],"collection":[{"href":"https:\/\/aconteceunovale.com.br\/portal\/index.php?rest_route=\/wp\/v2\/posts"}],"about":[{"href":"https:\/\/aconteceunovale.com.br\/portal\/index.php?rest_route=\/wp\/v2\/types\/post"}],"author":[{"embeddable":true,"href":"https:\/\/aconteceunovale.com.br\/portal\/index.php?rest_route=\/wp\/v2\/users\/1"}],"replies":[{"embeddable":true,"href":"https:\/\/aconteceunovale.com.br\/portal\/index.php?rest_route=%2Fwp%2Fv2%2Fcomments&post=114966"}],"version-history":[{"count":0,"href":"https:\/\/aconteceunovale.com.br\/portal\/index.php?rest_route=\/wp\/v2\/posts\/114966\/revisions"}],"wp:featuredmedia":[{"embeddable":true,"href":"https:\/\/aconteceunovale.com.br\/portal\/index.php?rest_route=\/wp\/v2\/media\/114968"}],"wp:attachment":[{"href":"https:\/\/aconteceunovale.com.br\/portal\/index.php?rest_route=%2Fwp%2Fv2%2Fmedia&parent=114966"}],"wp:term":[{"taxonomy":"category","embeddable":true,"href":"https:\/\/aconteceunovale.com.br\/portal\/index.php?rest_route=%2Fwp%2Fv2%2Fcategories&post=114966"},{"taxonomy":"post_tag","embeddable":true,"href":"https:\/\/aconteceunovale.com.br\/portal\/index.php?rest_route=%2Fwp%2Fv2%2Ftags&post=114966"}],"curies":[{"name":"wp","href":"https:\/\/api.w.org\/{rel}","templated":true}]}}