{"id":114962,"date":"2017-05-13T22:29:41","date_gmt":"2017-05-14T00:29:41","guid":{"rendered":"http:\/\/aconteceunovale.com.br\/portal\/?p=114962"},"modified":"2017-05-13T22:29:41","modified_gmt":"2017-05-14T00:29:41","slug":"atleta-teofilo-otonense-conquista-brasileiro-de-jiu-jitsu-e-pede-mais-apoio-ao-esporte","status":"publish","type":"post","link":"https:\/\/aconteceunovale.com.br\/portal\/?p=114962","title":{"rendered":"Atleta te\u00f3filo-otonense conquista brasileiro de jiu-jitsu e pede mais apoio ao esporte"},"content":{"rendered":"<p>Elfrankli Araruna de Souza, popularmente conhecido como \u2018Alem\u00e3o\u2019 e faixa preta de jiu-jitsu, conquistou o t\u00edtulo de Campe\u00e3o Brasileiro da CBJJ (Confedera\u00e7\u00e3o Brasileira de Jiu Jitsu). Ap\u00f3s a conquista do campeonato, no in\u00edcio do m\u00eas, o atleta de Te\u00f3filo Otoni tamb\u00e9m sagrou-se campe\u00e3o do Salvador Fall, na capital baiana. <\/p>\n<p>Alem\u00e3o, de 31 anos, \u00e9 o maior medalhista da cidade com t\u00edtulos brasileiros, pan-americanos, sul-americanos e mundiais, colecionando cerca de 80 t\u00edtulos, sendo 13 deles conquistados nos Estados Unidos.<\/p>\n<p>Ap\u00f3s a conquista de mais dois campeonatos, o atleta te\u00f3filo-otonense pediu mais apoio ao esporte. \u201cPedimos mais apoio, sobretudo, da Secretaria Municipal de Esportes. Sabemos que as viagens para competir levando o nome de Te\u00f3filo Otoni s\u00e3o caras e muitas vezes s\u00e3o pagas por nossos familiares. Na oportunidade pe\u00e7o mais aten\u00e7\u00e3o para o esporte.\u201d, disse o campe\u00e3o.<\/p>\n<p><img decoding=\"async\" src=\"http:\/\/aconteceunovale.com.br\/portal\/wp-content\/uploads\/2017\/05\/medalhista_teo.jpg\" alt=\"\" \/><em>Alem\u00e3o conquistou o brasileiro da CBJJ (Foto: Reprodu\u00e7\u00e3o\/Di\u00e1rio de Te\u00f3filo Otoni)<\/em><br \/>\n<\/br><\/p>\n<p><strong>VER PRIMEIRO<\/strong><\/p>\n<p>Receba as not\u00edcias do Aconteceu no Vale em primeira m\u00e3o. Clique em curtir no endere\u00e7o <a href=\"https:\/\/www.facebook.com\/aconteceunovale\" target=\"_blank\"><font color=\"red\">www.facebook.com\/aconteceunovale<\/font><\/a> ou no box abaixo:<\/p>\n<div class=\"fb-like\" data-href=\"https:\/\/www.facebook.com\/aconteceunovale\" data-width=\"120\" data-layout=\"standard\" data-action=\"like\" data-size=\"small\" data-show-faces=\"true\" data-share=\"true\"><\/div>\n<p><\/br><\/p>\n<p><em>(Via Di\u00e1rio de Te\u00f3filo Otoni)<\/em><\/p>\n","protected":false},"excerpt":{"rendered":"<p>Elfrankli Araruna de Souza, popularmente conhecido como \u2018Alem\u00e3o\u2019 e faixa preta de jiu-jitsu, conquistou o t\u00edtulo de Campe\u00e3o Brasileiro da CBJJ (Confedera\u00e7\u00e3o Brasileira de Jiu Jitsu). Ap\u00f3s a conquista do campeonato, no in\u00edcio do m\u00eas, o atleta de Te\u00f3filo Otoni tamb\u00e9m sagrou-se campe\u00e3o do Salvador Fall, na capital baiana. Alem\u00e3o, de 31 anos, \u00e9 o [&hellip;]<\/p>\n","protected":false},"author":1,"featured_media":114964,"comment_status":"open","ping_status":"closed","sticky":false,"template":"","format":"standard","meta":{"amp_status":"","footnotes":""},"categories":[59,122],"tags":[149067,149062,149070,149069,149064,149065,149066,149061,149063,149068,164],"class_list":["post-114962","post","type-post","status-publish","format-standard","has-post-thumbnail","hentry","category-esportes","category-mucuri","tag-atleta-de-teofilo-otoni","tag-atleta-elfrankli-araruna-de-souza","tag-atleta-teofilo-otonense-conquista-brasileiro-de-jiu-jitsu","tag-atleta-teofilo-otonense-conquista-brasileiro-de-jiu-jitsu-e-pede-mais-apoio-ao-esporte","tag-campeao-brasileiro-da-cbjj","tag-cbjj","tag-confederacao-brasileira-de-jiu-jitsu","tag-elfrankli-araruna-de-souza","tag-lutador-elfrankli-araruna-de-souza","tag-salvador-fall","tag-teofilo-otoni"],"yoast_head":"<!-- This site is optimized with the Yoast SEO plugin v28.3 - https:\/\/yoast.com\/product\/yoast-seo-wordpress\/ -->\n<title>Atleta te\u00f3filo-otonense conquista brasileiro de jiu-jitsu e pede mais apoio ao esporte - Aconteceu no Vale<\/title>\n<meta name=\"robots\" content=\"index, follow, max-snippet:-1, max-image-preview:large, max-video-preview:-1\" \/>\n<link rel=\"canonical\" href=\"https:\/\/aconteceunovale.com.br\/portal\/?p=114962\" \/>\n<meta property=\"og:locale\" content=\"pt_BR\" \/>\n<meta property=\"og:type\" content=\"article\" \/>\n<meta property=\"og:title\" content=\"Atleta te\u00f3filo-otonense conquista brasileiro de jiu-jitsu e pede mais apoio ao esporte - Aconteceu no Vale\" \/>\n<meta property=\"og:description\" content=\"Elfrankli Araruna de Souza, popularmente conhecido como \u2018Alem\u00e3o\u2019 e faixa preta de jiu-jitsu, conquistou o t\u00edtulo de Campe\u00e3o Brasileiro da CBJJ (Confedera\u00e7\u00e3o Brasileira de Jiu Jitsu). Ap\u00f3s a conquista do campeonato, no in\u00edcio do m\u00eas, o atleta de Te\u00f3filo Otoni tamb\u00e9m sagrou-se campe\u00e3o do Salvador Fall, na capital baiana. Alem\u00e3o, de 31 anos, \u00e9 o [&hellip;]\" \/>\n<meta property=\"og:url\" content=\"https:\/\/aconteceunovale.com.br\/portal\/?p=114962\" \/>\n<meta property=\"og:site_name\" content=\"Aconteceu no Vale\" \/>\n<meta property=\"article:publisher\" content=\"https:\/\/www.facebook.com\/aconteceunovale\/\" \/>\n<meta property=\"article:published_time\" content=\"2017-05-14T00:29:41+00:00\" \/>\n<meta property=\"og:image\" content=\"https:\/\/aconteceunovale.com.br\/portal\/wp-content\/uploads\/2017\/05\/medalhista_teo.jpg\" \/>\n\t<meta property=\"og:image:width\" content=\"636\" \/>\n\t<meta property=\"og:image:height\" content=\"450\" \/>\n\t<meta property=\"og:image:type\" content=\"image\/jpeg\" \/>\n<meta name=\"author\" content=\"Aconteceu no Vale\" \/>\n<meta name=\"twitter:card\" content=\"summary_large_image\" \/>\n<meta name=\"twitter:creator\" content=\"@noticiadosvales\" \/>\n<meta name=\"twitter:site\" content=\"@noticiadosvales\" \/>\n<meta name=\"twitter:label1\" content=\"Escrito por\" \/>\n\t<meta name=\"twitter:data1\" content=\"Aconteceu no Vale\" \/>\n\t<meta name=\"twitter:label2\" content=\"Est. tempo de leitura\" \/>\n\t<meta name=\"twitter:data2\" content=\"1 minuto\" \/>\n<script type=\"application\/ld+json\" class=\"yoast-schema-graph\">{\"@context\":\"https:\\\/\\\/schema.org\",\"@graph\":[{\"@type\":\"Article\",\"@id\":\"https:\\\/\\\/aconteceunovale.com.br\\\/portal\\\/?p=114962#article\",\"isPartOf\":{\"@id\":\"https:\\\/\\\/aconteceunovale.com.br\\\/portal\\\/?p=114962\"},\"author\":{\"name\":\"Aconteceu no Vale\",\"@id\":\"https:\\\/\\\/aconteceunovale.com.br\\\/portal\\\/#\\\/schema\\\/person\\\/633529146f2c94272bef50ac2953d589\"},\"headline\":\"Atleta te\u00f3filo-otonense conquista brasileiro de jiu-jitsu e pede mais apoio ao esporte\",\"datePublished\":\"2017-05-14T00:29:41+00:00\",\"mainEntityOfPage\":{\"@id\":\"https:\\\/\\\/aconteceunovale.com.br\\\/portal\\\/?p=114962\"},\"wordCount\":216,\"commentCount\":1,\"image\":{\"@id\":\"https:\\\/\\\/aconteceunovale.com.br\\\/portal\\\/?p=114962#primaryimage\"},\"thumbnailUrl\":\"https:\\\/\\\/aconteceunovale.com.br\\\/portal\\\/wp-content\\\/uploads\\\/2017\\\/05\\\/medalhista_teo.jpg\",\"keywords\":[\"Atleta de Te\u00f3filo Otoni\",\"Atleta Elfrankli Araruna de Souza\",\"Atleta te\u00f3filo-otonense conquista brasileiro de jiu-jitsu\",\"Atleta te\u00f3filo-otonense conquista brasileiro de jiu-jitsu e pede mais apoio ao esporte\",\"Campe\u00e3o Brasileiro da CBJJ\",\"CBJJ\",\"Confedera\u00e7\u00e3o Brasileira de Jiu Jitsu\",\"Elfrankli Araruna de Souza\",\"Lutador Elfrankli Araruna de Souza\",\"Salvador Fall\",\"Te\u00f3filo Otoni\"],\"articleSection\":[\"Esportes\",\"Vale do Mucuri\"],\"inLanguage\":\"pt-BR\",\"potentialAction\":[{\"@type\":\"CommentAction\",\"name\":\"Comment\",\"target\":[\"https:\\\/\\\/aconteceunovale.com.br\\\/portal\\\/?p=114962#respond\"]}]},{\"@type\":\"WebPage\",\"@id\":\"https:\\\/\\\/aconteceunovale.com.br\\\/portal\\\/?p=114962\",\"url\":\"https:\\\/\\\/aconteceunovale.com.br\\\/portal\\\/?p=114962\",\"name\":\"Atleta te\u00f3filo-otonense conquista brasileiro de jiu-jitsu e pede mais apoio ao esporte - Aconteceu no Vale\",\"isPartOf\":{\"@id\":\"https:\\\/\\\/aconteceunovale.com.br\\\/portal\\\/#website\"},\"primaryImageOfPage\":{\"@id\":\"https:\\\/\\\/aconteceunovale.com.br\\\/portal\\\/?p=114962#primaryimage\"},\"image\":{\"@id\":\"https:\\\/\\\/aconteceunovale.com.br\\\/portal\\\/?p=114962#primaryimage\"},\"thumbnailUrl\":\"https:\\\/\\\/aconteceunovale.com.br\\\/portal\\\/wp-content\\\/uploads\\\/2017\\\/05\\\/medalhista_teo.jpg\",\"datePublished\":\"2017-05-14T00:29:41+00:00\",\"author\":{\"@id\":\"https:\\\/\\\/aconteceunovale.com.br\\\/portal\\\/#\\\/schema\\\/person\\\/633529146f2c94272bef50ac2953d589\"},\"breadcrumb\":{\"@id\":\"https:\\\/\\\/aconteceunovale.com.br\\\/portal\\\/?p=114962#breadcrumb\"},\"inLanguage\":\"pt-BR\",\"potentialAction\":[{\"@type\":\"ReadAction\",\"target\":[\"https:\\\/\\\/aconteceunovale.com.br\\\/portal\\\/?p=114962\"]}]},{\"@type\":\"ImageObject\",\"inLanguage\":\"pt-BR\",\"@id\":\"https:\\\/\\\/aconteceunovale.com.br\\\/portal\\\/?p=114962#primaryimage\",\"url\":\"https:\\\/\\\/aconteceunovale.com.br\\\/portal\\\/wp-content\\\/uploads\\\/2017\\\/05\\\/medalhista_teo.jpg\",\"contentUrl\":\"https:\\\/\\\/aconteceunovale.com.br\\\/portal\\\/wp-content\\\/uploads\\\/2017\\\/05\\\/medalhista_teo.jpg\",\"width\":636,\"height\":450},{\"@type\":\"BreadcrumbList\",\"@id\":\"https:\\\/\\\/aconteceunovale.com.br\\\/portal\\\/?p=114962#breadcrumb\",\"itemListElement\":[{\"@type\":\"ListItem\",\"position\":1,\"name\":\"In\u00edcio\",\"item\":\"https:\\\/\\\/aconteceunovale.com.br\\\/portal\\\/\"},{\"@type\":\"ListItem\",\"position\":2,\"name\":\"Atleta te\u00f3filo-otonense conquista brasileiro de jiu-jitsu e pede mais apoio ao esporte\"}]},{\"@type\":\"WebSite\",\"@id\":\"https:\\\/\\\/aconteceunovale.com.br\\\/portal\\\/#website\",\"url\":\"https:\\\/\\\/aconteceunovale.com.br\\\/portal\\\/\",\"name\":\"Aconteceu no Vale\",\"description\":\"Portal de Not\u00edcias\",\"potentialAction\":[{\"@type\":\"SearchAction\",\"target\":{\"@type\":\"EntryPoint\",\"urlTemplate\":\"https:\\\/\\\/aconteceunovale.com.br\\\/portal\\\/?s={search_term_string}\"},\"query-input\":{\"@type\":\"PropertyValueSpecification\",\"valueRequired\":true,\"valueName\":\"search_term_string\"}}],\"inLanguage\":\"pt-BR\"},{\"@type\":\"Person\",\"@id\":\"https:\\\/\\\/aconteceunovale.com.br\\\/portal\\\/#\\\/schema\\\/person\\\/633529146f2c94272bef50ac2953d589\",\"name\":\"Aconteceu no Vale\",\"description\":\"Equipe de reportagem do Aconteceu no Vale, portal de not\u00edcias do Vale do Jequitinhonha, em Minas Gerais. Cobrimos as 51 cidades do Vale desde 2013. Sugest\u00f5es de pauta e pedidos de corre\u00e7\u00e3o: contato@aconteceunovale.com.br\",\"sameAs\":[\"http:\\\/\\\/www.aconteceunovale.com.br\"],\"url\":\"https:\\\/\\\/aconteceunovale.com.br\\\/portal\\\/?author=1\"}]}<\/script>\n<!-- \/ Yoast SEO plugin. -->","yoast_head_json":{"title":"Atleta te\u00f3filo-otonense conquista brasileiro de jiu-jitsu e pede mais apoio ao esporte - Aconteceu no Vale","robots":{"index":"index","follow":"follow","max-snippet":"max-snippet:-1","max-image-preview":"max-image-preview:large","max-video-preview":"max-video-preview:-1"},"canonical":"https:\/\/aconteceunovale.com.br\/portal\/?p=114962","og_locale":"pt_BR","og_type":"article","og_title":"Atleta te\u00f3filo-otonense conquista brasileiro de jiu-jitsu e pede mais apoio ao esporte - Aconteceu no Vale","og_description":"Elfrankli Araruna de Souza, popularmente conhecido como \u2018Alem\u00e3o\u2019 e faixa preta de jiu-jitsu, conquistou o t\u00edtulo de Campe\u00e3o Brasileiro da CBJJ (Confedera\u00e7\u00e3o Brasileira de Jiu Jitsu). Ap\u00f3s a conquista do campeonato, no in\u00edcio do m\u00eas, o atleta de Te\u00f3filo Otoni tamb\u00e9m sagrou-se campe\u00e3o do Salvador Fall, na capital baiana. Alem\u00e3o, de 31 anos, \u00e9 o [&hellip;]","og_url":"https:\/\/aconteceunovale.com.br\/portal\/?p=114962","og_site_name":"Aconteceu no Vale","article_publisher":"https:\/\/www.facebook.com\/aconteceunovale\/","article_published_time":"2017-05-14T00:29:41+00:00","og_image":[{"width":636,"height":450,"url":"https:\/\/aconteceunovale.com.br\/portal\/wp-content\/uploads\/2017\/05\/medalhista_teo.jpg","type":"image\/jpeg"}],"author":"Aconteceu no Vale","twitter_card":"summary_large_image","twitter_creator":"@noticiadosvales","twitter_site":"@noticiadosvales","twitter_misc":{"Escrito por":"Aconteceu no Vale","Est. tempo de leitura":"1 minuto"},"schema":{"@context":"https:\/\/schema.org","@graph":[{"@type":"Article","@id":"https:\/\/aconteceunovale.com.br\/portal\/?p=114962#article","isPartOf":{"@id":"https:\/\/aconteceunovale.com.br\/portal\/?p=114962"},"author":{"name":"Aconteceu no Vale","@id":"https:\/\/aconteceunovale.com.br\/portal\/#\/schema\/person\/633529146f2c94272bef50ac2953d589"},"headline":"Atleta te\u00f3filo-otonense conquista brasileiro de jiu-jitsu e pede mais apoio ao esporte","datePublished":"2017-05-14T00:29:41+00:00","mainEntityOfPage":{"@id":"https:\/\/aconteceunovale.com.br\/portal\/?p=114962"},"wordCount":216,"commentCount":1,"image":{"@id":"https:\/\/aconteceunovale.com.br\/portal\/?p=114962#primaryimage"},"thumbnailUrl":"https:\/\/aconteceunovale.com.br\/portal\/wp-content\/uploads\/2017\/05\/medalhista_teo.jpg","keywords":["Atleta de Te\u00f3filo Otoni","Atleta Elfrankli Araruna de Souza","Atleta te\u00f3filo-otonense conquista brasileiro de jiu-jitsu","Atleta te\u00f3filo-otonense conquista brasileiro de jiu-jitsu e pede mais apoio ao esporte","Campe\u00e3o Brasileiro da CBJJ","CBJJ","Confedera\u00e7\u00e3o Brasileira de Jiu Jitsu","Elfrankli Araruna de Souza","Lutador Elfrankli Araruna de Souza","Salvador Fall","Te\u00f3filo Otoni"],"articleSection":["Esportes","Vale do Mucuri"],"inLanguage":"pt-BR","potentialAction":[{"@type":"CommentAction","name":"Comment","target":["https:\/\/aconteceunovale.com.br\/portal\/?p=114962#respond"]}]},{"@type":"WebPage","@id":"https:\/\/aconteceunovale.com.br\/portal\/?p=114962","url":"https:\/\/aconteceunovale.com.br\/portal\/?p=114962","name":"Atleta te\u00f3filo-otonense conquista brasileiro de jiu-jitsu e pede mais apoio ao esporte - Aconteceu no Vale","isPartOf":{"@id":"https:\/\/aconteceunovale.com.br\/portal\/#website"},"primaryImageOfPage":{"@id":"https:\/\/aconteceunovale.com.br\/portal\/?p=114962#primaryimage"},"image":{"@id":"https:\/\/aconteceunovale.com.br\/portal\/?p=114962#primaryimage"},"thumbnailUrl":"https:\/\/aconteceunovale.com.br\/portal\/wp-content\/uploads\/2017\/05\/medalhista_teo.jpg","datePublished":"2017-05-14T00:29:41+00:00","author":{"@id":"https:\/\/aconteceunovale.com.br\/portal\/#\/schema\/person\/633529146f2c94272bef50ac2953d589"},"breadcrumb":{"@id":"https:\/\/aconteceunovale.com.br\/portal\/?p=114962#breadcrumb"},"inLanguage":"pt-BR","potentialAction":[{"@type":"ReadAction","target":["https:\/\/aconteceunovale.com.br\/portal\/?p=114962"]}]},{"@type":"ImageObject","inLanguage":"pt-BR","@id":"https:\/\/aconteceunovale.com.br\/portal\/?p=114962#primaryimage","url":"https:\/\/aconteceunovale.com.br\/portal\/wp-content\/uploads\/2017\/05\/medalhista_teo.jpg","contentUrl":"https:\/\/aconteceunovale.com.br\/portal\/wp-content\/uploads\/2017\/05\/medalhista_teo.jpg","width":636,"height":450},{"@type":"BreadcrumbList","@id":"https:\/\/aconteceunovale.com.br\/portal\/?p=114962#breadcrumb","itemListElement":[{"@type":"ListItem","position":1,"name":"In\u00edcio","item":"https:\/\/aconteceunovale.com.br\/portal\/"},{"@type":"ListItem","position":2,"name":"Atleta te\u00f3filo-otonense conquista brasileiro de jiu-jitsu e pede mais apoio ao esporte"}]},{"@type":"WebSite","@id":"https:\/\/aconteceunovale.com.br\/portal\/#website","url":"https:\/\/aconteceunovale.com.br\/portal\/","name":"Aconteceu no Vale","description":"Portal de Not\u00edcias","potentialAction":[{"@type":"SearchAction","target":{"@type":"EntryPoint","urlTemplate":"https:\/\/aconteceunovale.com.br\/portal\/?s={search_term_string}"},"query-input":{"@type":"PropertyValueSpecification","valueRequired":true,"valueName":"search_term_string"}}],"inLanguage":"pt-BR"},{"@type":"Person","@id":"https:\/\/aconteceunovale.com.br\/portal\/#\/schema\/person\/633529146f2c94272bef50ac2953d589","name":"Aconteceu no Vale","description":"Equipe de reportagem do Aconteceu no Vale, portal de not\u00edcias do Vale do Jequitinhonha, em Minas Gerais. Cobrimos as 51 cidades do Vale desde 2013. Sugest\u00f5es de pauta e pedidos de corre\u00e7\u00e3o: contato@aconteceunovale.com.br","sameAs":["http:\/\/www.aconteceunovale.com.br"],"url":"https:\/\/aconteceunovale.com.br\/portal\/?author=1"}]}},"_links":{"self":[{"href":"https:\/\/aconteceunovale.com.br\/portal\/index.php?rest_route=\/wp\/v2\/posts\/114962","targetHints":{"allow":["GET"]}}],"collection":[{"href":"https:\/\/aconteceunovale.com.br\/portal\/index.php?rest_route=\/wp\/v2\/posts"}],"about":[{"href":"https:\/\/aconteceunovale.com.br\/portal\/index.php?rest_route=\/wp\/v2\/types\/post"}],"author":[{"embeddable":true,"href":"https:\/\/aconteceunovale.com.br\/portal\/index.php?rest_route=\/wp\/v2\/users\/1"}],"replies":[{"embeddable":true,"href":"https:\/\/aconteceunovale.com.br\/portal\/index.php?rest_route=%2Fwp%2Fv2%2Fcomments&post=114962"}],"version-history":[{"count":0,"href":"https:\/\/aconteceunovale.com.br\/portal\/index.php?rest_route=\/wp\/v2\/posts\/114962\/revisions"}],"wp:featuredmedia":[{"embeddable":true,"href":"https:\/\/aconteceunovale.com.br\/portal\/index.php?rest_route=\/wp\/v2\/media\/114964"}],"wp:attachment":[{"href":"https:\/\/aconteceunovale.com.br\/portal\/index.php?rest_route=%2Fwp%2Fv2%2Fmedia&parent=114962"}],"wp:term":[{"taxonomy":"category","embeddable":true,"href":"https:\/\/aconteceunovale.com.br\/portal\/index.php?rest_route=%2Fwp%2Fv2%2Fcategories&post=114962"},{"taxonomy":"post_tag","embeddable":true,"href":"https:\/\/aconteceunovale.com.br\/portal\/index.php?rest_route=%2Fwp%2Fv2%2Ftags&post=114962"}],"curies":[{"name":"wp","href":"https:\/\/api.w.org\/{rel}","templated":true}]}}