{"id":114957,"date":"2017-05-13T22:17:47","date_gmt":"2017-05-14T00:17:47","guid":{"rendered":"http:\/\/aconteceunovale.com.br\/portal\/?p=114957"},"modified":"2017-05-13T22:17:47","modified_gmt":"2017-05-14T00:17:47","slug":"por-ciumes-da-companheira-homem-ateia-fogo-em-residencia-no-municipio-de-inhapim","status":"publish","type":"post","link":"https:\/\/aconteceunovale.com.br\/portal\/?p=114957","title":{"rendered":"Por ci\u00fames da companheira, homem ateia fogo em resid\u00eancia no munic\u00edpio de Inhapim"},"content":{"rendered":"<p>Um idoso de 67 anos \u00e9 procurado pela pol\u00edcia suspeito de colocar fogo na pr\u00f3pria resid\u00eancia por ci\u00fames da companheira. A ocorr\u00eancia foi registrada pela Pol\u00edcia Militar (PM) na tarde deste s\u00e1bado (13\/05\/2017) no C\u00f3rrego S\u00e3o Silvestre, zona rural de Inhapim, no Leste de Minas Gerais. <\/p>\n<p>De acordo com a PM, moradores relataram que o respons\u00e1vel pelo inc\u00eandio J.P e o crime fora praticado por ci\u00fames da companheira, de 41 anos.<\/p>\n<p>Ainda segundo a PM, ap\u00f3s fazer uso de bebida alco\u00f3lica, J.P chegou ao im\u00f3vel e proferiu xingamentos contra a esposa, que estava no local com a cunhada. Ele tamb\u00e9m teria amea\u00e7ado colocar fogo nas duas mulheres, mas elas conseguiram correr. <\/p>\n<p>Enfurecido, o homem usou um gal\u00e3o de gasolina e ateou fogo em todos os c\u00f4modos, destruindo por completo os pertences da fam\u00edlia. Na sequ\u00eancia, ele fugiu em um ve\u00edculo Strada. A Pol\u00edcia segue em rastreamento.<\/p>\n<p>A equipe do Grupamento de Bombeiro Civil de Inhapim foi acionada e combateu as chamas. Ningu\u00e9m se feriu.<\/p>\n<p><img decoding=\"async\" src=\"http:\/\/aconteceunovale.com.br\/portal\/wp-content\/uploads\/2017\/05\/incendio_inhapim_2.jpg\" alt=\"\" \/><em>O caso foi registrado no C\u00f3rrego S\u00e3o Silvestre (Foto: Reprodu\u00e7\u00e3o\/Super Canal Caratinga)<\/em><br \/>\n<\/br><\/p>\n<p><img decoding=\"async\" src=\"http:\/\/aconteceunovale.com.br\/portal\/wp-content\/uploads\/2017\/05\/incendio_inhapim_1.jpg\" alt=\"\" \/><em>O caso foi registrado no C\u00f3rrego S\u00e3o Silvestre (Foto: Reprodu\u00e7\u00e3o\/Super Canal Caratinga)<\/em><br \/>\n<\/br><\/p>\n<p><strong>VER PRIMEIRO<\/strong><\/p>\n<p>Receba as not\u00edcias do Aconteceu no Vale em primeira m\u00e3o. Clique em curtir no endere\u00e7o <a href=\"https:\/\/www.facebook.com\/aconteceunovale\" target=\"_blank\"><font color=\"red\">www.facebook.com\/aconteceunovale<\/font><\/a> ou no box abaixo:<\/p>\n<div class=\"fb-like\" data-href=\"https:\/\/www.facebook.com\/aconteceunovale\" data-width=\"120\" data-layout=\"standard\" data-action=\"like\" data-size=\"small\" data-show-faces=\"true\" data-share=\"true\"><\/div>\n<p><\/br><\/p>\n<p><em>(Com informa\u00e7\u00f5es do Super Canal de Caratinga)<\/em><\/p>\n","protected":false},"excerpt":{"rendered":"<p>Um idoso de 67 anos \u00e9 procurado pela pol\u00edcia suspeito de colocar fogo na pr\u00f3pria resid\u00eancia por ci\u00fames da companheira. A ocorr\u00eancia foi registrada pela Pol\u00edcia Militar (PM) na tarde deste s\u00e1bado (13\/05\/2017) no C\u00f3rrego S\u00e3o Silvestre, zona rural de Inhapim, no Leste de Minas Gerais. De acordo com a PM, moradores relataram que o [&hellip;]<\/p>\n","protected":false},"author":1,"featured_media":114960,"comment_status":"open","ping_status":"closed","sticky":false,"template":"","format":"standard","meta":{"amp_status":"","footnotes":""},"categories":[121],"tags":[149058,149060,149059,296,149057],"class_list":["post-114957","post","type-post","status-publish","format-standard","has-post-thumbnail","hentry","category-leste","tag-homem-ateia-fogo-em-residencia-no-municipio-de-inhapim","tag-homem-coloca-fogo-em-casa-em-inhapim","tag-incendio-em-inhapim","tag-inhapim","tag-por-ciumes-da-companheira"],"yoast_head":"<!-- This site is optimized with the Yoast SEO plugin v28.3 - https:\/\/yoast.com\/product\/yoast-seo-wordpress\/ -->\n<title>Por ci\u00fames da companheira, homem ateia fogo em resid\u00eancia no munic\u00edpio de Inhapim - Aconteceu no Vale<\/title>\n<meta name=\"robots\" content=\"index, follow, max-snippet:-1, max-image-preview:large, max-video-preview:-1\" \/>\n<link rel=\"canonical\" href=\"https:\/\/aconteceunovale.com.br\/portal\/?p=114957\" \/>\n<meta property=\"og:locale\" content=\"pt_BR\" \/>\n<meta property=\"og:type\" content=\"article\" \/>\n<meta property=\"og:title\" content=\"Por ci\u00fames da companheira, homem ateia fogo em resid\u00eancia no munic\u00edpio de Inhapim - Aconteceu no Vale\" \/>\n<meta property=\"og:description\" content=\"Um idoso de 67 anos \u00e9 procurado pela pol\u00edcia suspeito de colocar fogo na pr\u00f3pria resid\u00eancia por ci\u00fames da companheira. A ocorr\u00eancia foi registrada pela Pol\u00edcia Militar (PM) na tarde deste s\u00e1bado (13\/05\/2017) no C\u00f3rrego S\u00e3o Silvestre, zona rural de Inhapim, no Leste de Minas Gerais. De acordo com a PM, moradores relataram que o [&hellip;]\" \/>\n<meta property=\"og:url\" content=\"https:\/\/aconteceunovale.com.br\/portal\/?p=114957\" \/>\n<meta property=\"og:site_name\" content=\"Aconteceu no Vale\" \/>\n<meta property=\"article:publisher\" content=\"https:\/\/www.facebook.com\/aconteceunovale\/\" \/>\n<meta property=\"article:published_time\" content=\"2017-05-14T00:17:47+00:00\" \/>\n<meta property=\"og:image\" content=\"https:\/\/aconteceunovale.com.br\/portal\/wp-content\/uploads\/2017\/05\/incendio_inhapim_2.jpg\" \/>\n\t<meta property=\"og:image:width\" content=\"678\" \/>\n\t<meta property=\"og:image:height\" content=\"381\" \/>\n\t<meta property=\"og:image:type\" content=\"image\/jpeg\" \/>\n<meta name=\"author\" content=\"Aconteceu no Vale\" \/>\n<meta name=\"twitter:card\" content=\"summary_large_image\" \/>\n<meta name=\"twitter:creator\" content=\"@noticiadosvales\" \/>\n<meta name=\"twitter:site\" content=\"@noticiadosvales\" \/>\n<meta name=\"twitter:label1\" content=\"Escrito por\" \/>\n\t<meta name=\"twitter:data1\" content=\"Aconteceu no Vale\" \/>\n\t<meta name=\"twitter:label2\" content=\"Est. tempo de leitura\" \/>\n\t<meta name=\"twitter:data2\" content=\"1 minuto\" \/>\n<script type=\"application\/ld+json\" class=\"yoast-schema-graph\">{\"@context\":\"https:\\\/\\\/schema.org\",\"@graph\":[{\"@type\":\"Article\",\"@id\":\"https:\\\/\\\/aconteceunovale.com.br\\\/portal\\\/?p=114957#article\",\"isPartOf\":{\"@id\":\"https:\\\/\\\/aconteceunovale.com.br\\\/portal\\\/?p=114957\"},\"author\":{\"name\":\"Aconteceu no Vale\",\"@id\":\"https:\\\/\\\/aconteceunovale.com.br\\\/portal\\\/#\\\/schema\\\/person\\\/633529146f2c94272bef50ac2953d589\"},\"headline\":\"Por ci\u00fames da companheira, homem ateia fogo em resid\u00eancia no munic\u00edpio de Inhapim\",\"datePublished\":\"2017-05-14T00:17:47+00:00\",\"mainEntityOfPage\":{\"@id\":\"https:\\\/\\\/aconteceunovale.com.br\\\/portal\\\/?p=114957\"},\"wordCount\":270,\"commentCount\":0,\"image\":{\"@id\":\"https:\\\/\\\/aconteceunovale.com.br\\\/portal\\\/?p=114957#primaryimage\"},\"thumbnailUrl\":\"https:\\\/\\\/aconteceunovale.com.br\\\/portal\\\/wp-content\\\/uploads\\\/2017\\\/05\\\/incendio_inhapim_2.jpg\",\"keywords\":[\"homem ateia fogo em resid\u00eancia no munic\u00edpio de Inhapim\",\"Homem coloca fogo em casa em Inhapim\",\"Inc\u00eandio em Inhapim\",\"Inhapim\",\"Por ci\u00fames da companheira\"],\"articleSection\":[\"Leste de Minas\"],\"inLanguage\":\"pt-BR\",\"potentialAction\":[{\"@type\":\"CommentAction\",\"name\":\"Comment\",\"target\":[\"https:\\\/\\\/aconteceunovale.com.br\\\/portal\\\/?p=114957#respond\"]}]},{\"@type\":\"WebPage\",\"@id\":\"https:\\\/\\\/aconteceunovale.com.br\\\/portal\\\/?p=114957\",\"url\":\"https:\\\/\\\/aconteceunovale.com.br\\\/portal\\\/?p=114957\",\"name\":\"Por ci\u00fames da companheira, homem ateia fogo em resid\u00eancia no munic\u00edpio de Inhapim - Aconteceu no Vale\",\"isPartOf\":{\"@id\":\"https:\\\/\\\/aconteceunovale.com.br\\\/portal\\\/#website\"},\"primaryImageOfPage\":{\"@id\":\"https:\\\/\\\/aconteceunovale.com.br\\\/portal\\\/?p=114957#primaryimage\"},\"image\":{\"@id\":\"https:\\\/\\\/aconteceunovale.com.br\\\/portal\\\/?p=114957#primaryimage\"},\"thumbnailUrl\":\"https:\\\/\\\/aconteceunovale.com.br\\\/portal\\\/wp-content\\\/uploads\\\/2017\\\/05\\\/incendio_inhapim_2.jpg\",\"datePublished\":\"2017-05-14T00:17:47+00:00\",\"author\":{\"@id\":\"https:\\\/\\\/aconteceunovale.com.br\\\/portal\\\/#\\\/schema\\\/person\\\/633529146f2c94272bef50ac2953d589\"},\"breadcrumb\":{\"@id\":\"https:\\\/\\\/aconteceunovale.com.br\\\/portal\\\/?p=114957#breadcrumb\"},\"inLanguage\":\"pt-BR\",\"potentialAction\":[{\"@type\":\"ReadAction\",\"target\":[\"https:\\\/\\\/aconteceunovale.com.br\\\/portal\\\/?p=114957\"]}]},{\"@type\":\"ImageObject\",\"inLanguage\":\"pt-BR\",\"@id\":\"https:\\\/\\\/aconteceunovale.com.br\\\/portal\\\/?p=114957#primaryimage\",\"url\":\"https:\\\/\\\/aconteceunovale.com.br\\\/portal\\\/wp-content\\\/uploads\\\/2017\\\/05\\\/incendio_inhapim_2.jpg\",\"contentUrl\":\"https:\\\/\\\/aconteceunovale.com.br\\\/portal\\\/wp-content\\\/uploads\\\/2017\\\/05\\\/incendio_inhapim_2.jpg\",\"width\":678,\"height\":381},{\"@type\":\"BreadcrumbList\",\"@id\":\"https:\\\/\\\/aconteceunovale.com.br\\\/portal\\\/?p=114957#breadcrumb\",\"itemListElement\":[{\"@type\":\"ListItem\",\"position\":1,\"name\":\"In\u00edcio\",\"item\":\"https:\\\/\\\/aconteceunovale.com.br\\\/portal\\\/\"},{\"@type\":\"ListItem\",\"position\":2,\"name\":\"Por ci\u00fames da companheira, homem ateia fogo em resid\u00eancia no munic\u00edpio de Inhapim\"}]},{\"@type\":\"WebSite\",\"@id\":\"https:\\\/\\\/aconteceunovale.com.br\\\/portal\\\/#website\",\"url\":\"https:\\\/\\\/aconteceunovale.com.br\\\/portal\\\/\",\"name\":\"Aconteceu no Vale\",\"description\":\"Portal de Not\u00edcias\",\"potentialAction\":[{\"@type\":\"SearchAction\",\"target\":{\"@type\":\"EntryPoint\",\"urlTemplate\":\"https:\\\/\\\/aconteceunovale.com.br\\\/portal\\\/?s={search_term_string}\"},\"query-input\":{\"@type\":\"PropertyValueSpecification\",\"valueRequired\":true,\"valueName\":\"search_term_string\"}}],\"inLanguage\":\"pt-BR\"},{\"@type\":\"Person\",\"@id\":\"https:\\\/\\\/aconteceunovale.com.br\\\/portal\\\/#\\\/schema\\\/person\\\/633529146f2c94272bef50ac2953d589\",\"name\":\"Aconteceu no Vale\",\"description\":\"Equipe de reportagem do Aconteceu no Vale, portal de not\u00edcias do Vale do Jequitinhonha, em Minas Gerais. Cobrimos as 51 cidades do Vale desde 2013. Sugest\u00f5es de pauta e pedidos de corre\u00e7\u00e3o: contato@aconteceunovale.com.br\",\"sameAs\":[\"http:\\\/\\\/www.aconteceunovale.com.br\"],\"url\":\"https:\\\/\\\/aconteceunovale.com.br\\\/portal\\\/?author=1\"}]}<\/script>\n<!-- \/ Yoast SEO plugin. -->","yoast_head_json":{"title":"Por ci\u00fames da companheira, homem ateia fogo em resid\u00eancia no munic\u00edpio de Inhapim - Aconteceu no Vale","robots":{"index":"index","follow":"follow","max-snippet":"max-snippet:-1","max-image-preview":"max-image-preview:large","max-video-preview":"max-video-preview:-1"},"canonical":"https:\/\/aconteceunovale.com.br\/portal\/?p=114957","og_locale":"pt_BR","og_type":"article","og_title":"Por ci\u00fames da companheira, homem ateia fogo em resid\u00eancia no munic\u00edpio de Inhapim - Aconteceu no Vale","og_description":"Um idoso de 67 anos \u00e9 procurado pela pol\u00edcia suspeito de colocar fogo na pr\u00f3pria resid\u00eancia por ci\u00fames da companheira. A ocorr\u00eancia foi registrada pela Pol\u00edcia Militar (PM) na tarde deste s\u00e1bado (13\/05\/2017) no C\u00f3rrego S\u00e3o Silvestre, zona rural de Inhapim, no Leste de Minas Gerais. De acordo com a PM, moradores relataram que o [&hellip;]","og_url":"https:\/\/aconteceunovale.com.br\/portal\/?p=114957","og_site_name":"Aconteceu no Vale","article_publisher":"https:\/\/www.facebook.com\/aconteceunovale\/","article_published_time":"2017-05-14T00:17:47+00:00","og_image":[{"width":678,"height":381,"url":"https:\/\/aconteceunovale.com.br\/portal\/wp-content\/uploads\/2017\/05\/incendio_inhapim_2.jpg","type":"image\/jpeg"}],"author":"Aconteceu no Vale","twitter_card":"summary_large_image","twitter_creator":"@noticiadosvales","twitter_site":"@noticiadosvales","twitter_misc":{"Escrito por":"Aconteceu no Vale","Est. tempo de leitura":"1 minuto"},"schema":{"@context":"https:\/\/schema.org","@graph":[{"@type":"Article","@id":"https:\/\/aconteceunovale.com.br\/portal\/?p=114957#article","isPartOf":{"@id":"https:\/\/aconteceunovale.com.br\/portal\/?p=114957"},"author":{"name":"Aconteceu no Vale","@id":"https:\/\/aconteceunovale.com.br\/portal\/#\/schema\/person\/633529146f2c94272bef50ac2953d589"},"headline":"Por ci\u00fames da companheira, homem ateia fogo em resid\u00eancia no munic\u00edpio de Inhapim","datePublished":"2017-05-14T00:17:47+00:00","mainEntityOfPage":{"@id":"https:\/\/aconteceunovale.com.br\/portal\/?p=114957"},"wordCount":270,"commentCount":0,"image":{"@id":"https:\/\/aconteceunovale.com.br\/portal\/?p=114957#primaryimage"},"thumbnailUrl":"https:\/\/aconteceunovale.com.br\/portal\/wp-content\/uploads\/2017\/05\/incendio_inhapim_2.jpg","keywords":["homem ateia fogo em resid\u00eancia no munic\u00edpio de Inhapim","Homem coloca fogo em casa em Inhapim","Inc\u00eandio em Inhapim","Inhapim","Por ci\u00fames da companheira"],"articleSection":["Leste de Minas"],"inLanguage":"pt-BR","potentialAction":[{"@type":"CommentAction","name":"Comment","target":["https:\/\/aconteceunovale.com.br\/portal\/?p=114957#respond"]}]},{"@type":"WebPage","@id":"https:\/\/aconteceunovale.com.br\/portal\/?p=114957","url":"https:\/\/aconteceunovale.com.br\/portal\/?p=114957","name":"Por ci\u00fames da companheira, homem ateia fogo em resid\u00eancia no munic\u00edpio de Inhapim - Aconteceu no Vale","isPartOf":{"@id":"https:\/\/aconteceunovale.com.br\/portal\/#website"},"primaryImageOfPage":{"@id":"https:\/\/aconteceunovale.com.br\/portal\/?p=114957#primaryimage"},"image":{"@id":"https:\/\/aconteceunovale.com.br\/portal\/?p=114957#primaryimage"},"thumbnailUrl":"https:\/\/aconteceunovale.com.br\/portal\/wp-content\/uploads\/2017\/05\/incendio_inhapim_2.jpg","datePublished":"2017-05-14T00:17:47+00:00","author":{"@id":"https:\/\/aconteceunovale.com.br\/portal\/#\/schema\/person\/633529146f2c94272bef50ac2953d589"},"breadcrumb":{"@id":"https:\/\/aconteceunovale.com.br\/portal\/?p=114957#breadcrumb"},"inLanguage":"pt-BR","potentialAction":[{"@type":"ReadAction","target":["https:\/\/aconteceunovale.com.br\/portal\/?p=114957"]}]},{"@type":"ImageObject","inLanguage":"pt-BR","@id":"https:\/\/aconteceunovale.com.br\/portal\/?p=114957#primaryimage","url":"https:\/\/aconteceunovale.com.br\/portal\/wp-content\/uploads\/2017\/05\/incendio_inhapim_2.jpg","contentUrl":"https:\/\/aconteceunovale.com.br\/portal\/wp-content\/uploads\/2017\/05\/incendio_inhapim_2.jpg","width":678,"height":381},{"@type":"BreadcrumbList","@id":"https:\/\/aconteceunovale.com.br\/portal\/?p=114957#breadcrumb","itemListElement":[{"@type":"ListItem","position":1,"name":"In\u00edcio","item":"https:\/\/aconteceunovale.com.br\/portal\/"},{"@type":"ListItem","position":2,"name":"Por ci\u00fames da companheira, homem ateia fogo em resid\u00eancia no munic\u00edpio de Inhapim"}]},{"@type":"WebSite","@id":"https:\/\/aconteceunovale.com.br\/portal\/#website","url":"https:\/\/aconteceunovale.com.br\/portal\/","name":"Aconteceu no Vale","description":"Portal de Not\u00edcias","potentialAction":[{"@type":"SearchAction","target":{"@type":"EntryPoint","urlTemplate":"https:\/\/aconteceunovale.com.br\/portal\/?s={search_term_string}"},"query-input":{"@type":"PropertyValueSpecification","valueRequired":true,"valueName":"search_term_string"}}],"inLanguage":"pt-BR"},{"@type":"Person","@id":"https:\/\/aconteceunovale.com.br\/portal\/#\/schema\/person\/633529146f2c94272bef50ac2953d589","name":"Aconteceu no Vale","description":"Equipe de reportagem do Aconteceu no Vale, portal de not\u00edcias do Vale do Jequitinhonha, em Minas Gerais. Cobrimos as 51 cidades do Vale desde 2013. Sugest\u00f5es de pauta e pedidos de corre\u00e7\u00e3o: contato@aconteceunovale.com.br","sameAs":["http:\/\/www.aconteceunovale.com.br"],"url":"https:\/\/aconteceunovale.com.br\/portal\/?author=1"}]}},"_links":{"self":[{"href":"https:\/\/aconteceunovale.com.br\/portal\/index.php?rest_route=\/wp\/v2\/posts\/114957","targetHints":{"allow":["GET"]}}],"collection":[{"href":"https:\/\/aconteceunovale.com.br\/portal\/index.php?rest_route=\/wp\/v2\/posts"}],"about":[{"href":"https:\/\/aconteceunovale.com.br\/portal\/index.php?rest_route=\/wp\/v2\/types\/post"}],"author":[{"embeddable":true,"href":"https:\/\/aconteceunovale.com.br\/portal\/index.php?rest_route=\/wp\/v2\/users\/1"}],"replies":[{"embeddable":true,"href":"https:\/\/aconteceunovale.com.br\/portal\/index.php?rest_route=%2Fwp%2Fv2%2Fcomments&post=114957"}],"version-history":[{"count":0,"href":"https:\/\/aconteceunovale.com.br\/portal\/index.php?rest_route=\/wp\/v2\/posts\/114957\/revisions"}],"wp:featuredmedia":[{"embeddable":true,"href":"https:\/\/aconteceunovale.com.br\/portal\/index.php?rest_route=\/wp\/v2\/media\/114960"}],"wp:attachment":[{"href":"https:\/\/aconteceunovale.com.br\/portal\/index.php?rest_route=%2Fwp%2Fv2%2Fmedia&parent=114957"}],"wp:term":[{"taxonomy":"category","embeddable":true,"href":"https:\/\/aconteceunovale.com.br\/portal\/index.php?rest_route=%2Fwp%2Fv2%2Fcategories&post=114957"},{"taxonomy":"post_tag","embeddable":true,"href":"https:\/\/aconteceunovale.com.br\/portal\/index.php?rest_route=%2Fwp%2Fv2%2Ftags&post=114957"}],"curies":[{"name":"wp","href":"https:\/\/api.w.org\/{rel}","templated":true}]}}