{"id":114949,"date":"2017-05-13T21:51:41","date_gmt":"2017-05-13T23:51:41","guid":{"rendered":"http:\/\/aconteceunovale.com.br\/portal\/?p=114949"},"modified":"2017-05-13T21:51:41","modified_gmt":"2017-05-13T23:51:41","slug":"secretaria-de-saude-pede-demissao-do-governo-quintao-em-ipatinga","status":"publish","type":"post","link":"https:\/\/aconteceunovale.com.br\/portal\/?p=114949","title":{"rendered":"Secret\u00e1ria de Sa\u00fade pede demiss\u00e3o do governo Quint\u00e3o, em Ipatinga"},"content":{"rendered":"<p>O prefeito de Ipatinga, Sebasti\u00e3o Quint\u00e3o, foi surpreendido na tarde desta quinta-feira (11\/05\/2017) com o pedido de desligamento da secret\u00e1ria de Sa\u00fade, K\u00e1tia Barbalho, que j\u00e1 n\u00e3o faz mais parte dos quadros da administra\u00e7\u00e3o municipal. A titular da pasta explicou que a decis\u00e3o se deve \u00e0 dificuldade de conciliar o trabalho que executava na gest\u00e3o p\u00fablica com os seus empreendimentos particulares na \u00e1rea de consultoria, que t\u00eam exigido maior dedica\u00e7\u00e3o. Juntamente com ela, tamb\u00e9m se afastou uma equipe t\u00e9cnica que a acompanha.    <\/p>\n<p>\u201cLamentamos profundamente a perda dos profissionais, mas somos obrigados a respeitar, porque afinal todo profissional \u00e9 livre para buscar seus ideais, eleger prioridades. \u00c9 compreens\u00edvel que procurem satisfazer seus anseios pessoais. S\u00f3 tenho a agradecer o trabalho que desenvolveram no nosso governo, que avalio como de extrema dedica\u00e7\u00e3o e comprometimento, desejando que tenham sucesso em suas novas empreitadas\u201d, declarou o prefeito logo ap\u00f3s ser comunicado da decis\u00e3o de K\u00e1tia e seus assessores diretos.<\/p>\n<p>Quint\u00e3o aproveitou para tranquilizar a popula\u00e7\u00e3o e especialmente os usu\u00e1rios do sistema de sa\u00fade p\u00fablica quanto \u00e0 continuidade dos projetos em andamento. Ele adiantou que j\u00e1 est\u00e1 estudando substitutos \u00e0 altura para os profissionais e garantiu que o setor, uma prioridade em sua administra\u00e7\u00e3o, contar\u00e1 sempre com seu acompanhamento pessoal, para que sejam n\u00e3o apenas igualadas, mas maximizadas as metas definidas por seu governo. \u201cOs exames, as consultas, as medica\u00e7\u00f5es, os atendimentos na UPA, no Hospital Municipal e nas Unidades de Sa\u00fade, todos os nossos programas em busca de maior efici\u00eancia na \u00e1rea ser\u00e3o cumpridos com excel\u00eancia\u201d, afirmou.<\/p>\n<p>Durante sua perman\u00eancia no governo de Sebasti\u00e3o Quint\u00e3o, K\u00e1tia Barbalho desenvolveu importantes programas e projetos na Secretaria Municipal de Sa\u00fade, dentro das prioridades estabelecidas pela atual administra\u00e7\u00e3o, e que contribu\u00edram para o avan\u00e7o da presta\u00e7\u00e3o de servi\u00e7o aos mun\u00edcipes. Foi inaugurado o Centro de Estudos do Hospital Municipal de Ipatinga e implantada a Coleta Descentralizada de exames laboratoriais a partir da Unidade B\u00e1sica de Sa\u00fade do Bom Jardim II, um dos maiores n\u00facleos habitacionais da cidade. Foi amenizada a demanda reprimida no atendimento a gestantes, e incrementados exames de raios X que aguardavam execu\u00e7\u00e3o h\u00e1 mais de dois anos. Tiveram grande impacto tamb\u00e9m os esfor\u00e7os para redu\u00e7\u00e3o do tempo de espera dos pacientes na UPA. A campanha de vacina\u00e7\u00e3o contra a febre amarela, com aplica\u00e7\u00f5es de vacinas inclusive nos finais de semana, representou a imuniza\u00e7\u00e3o de cerca de 120 mil pessoas no munic\u00edpio.<\/p>\n<p><img decoding=\"async\" src=\"http:\/\/aconteceunovale.com.br\/portal\/wp-content\/uploads\/2017\/05\/katia_quintao1.jpg\" alt=\"\" \/><em>A titular da pasta, K\u00e1tia Barbalho, explicou que a decis\u00e3o se deve \u00e0 dificuldade de conciliar o trabalho que executava na gest\u00e3o p\u00fablica com os seus empreendimentos particulares (Foto: Divulga\u00e7\u00e3o\/PMI)<\/em><br \/>\n<\/br><\/p>\n<p><strong>VER PRIMEIRO<\/strong><\/p>\n<p><strong>Receba as not\u00edcias do Aconteceu no Vale em primeira m\u00e3o. Clique em curtir no endere\u00e7o <a href=\"https:\/\/www.facebook.com\/aconteceunovale\" target=\"_blank\"><font color=\"red\">www.facebook.com\/aconteceunovale<\/font><\/a> ou no box abaixo:<\/strong><\/p>\n<div class=\"fb-like\" data-href=\"https:\/\/www.facebook.com\/aconteceunovale\" data-width=\"120\" data-layout=\"standard\" data-action=\"like\" data-size=\"small\" data-show-faces=\"true\" data-share=\"true\"><\/div>\n<p><\/br><\/p>\n<p><em>(Fonte: Prefeitura de Ipatinga)<\/em><\/p>\n","protected":false},"excerpt":{"rendered":"<p>O prefeito de Ipatinga, Sebasti\u00e3o Quint\u00e3o, foi surpreendido na tarde desta quinta-feira (11\/05\/2017) com o pedido de desligamento da secret\u00e1ria de Sa\u00fade, K\u00e1tia Barbalho, que j\u00e1 n\u00e3o faz mais parte dos quadros da administra\u00e7\u00e3o municipal. A titular da pasta explicou que a decis\u00e3o se deve \u00e0 dificuldade de conciliar o trabalho que executava na gest\u00e3o [&hellip;]<\/p>\n","protected":false},"author":1,"featured_media":114952,"comment_status":"closed","ping_status":"closed","sticky":false,"template":"","format":"standard","meta":{"amp_status":"","footnotes":""},"categories":[121],"tags":[102363,149052,201,49929,135794,149053,120132,149056,149054,149055],"class_list":["post-114949","post","type-post","status-publish","format-standard","has-post-thumbnail","hentry","category-leste","tag-em-ipatinga","tag-governo-do-prefeito-sebastiao-quintao","tag-ipatinga","tag-katia-barbalho","tag-prefeito-de-ipatinga","tag-prefeito-sebastiao-quintao","tag-sebastiao-quintao","tag-secretaria-de-saude-pede-demissao-do-governo-quintao","tag-secretaria-de-saude-se-demite-do-governo-quintao","tag-secretaria-de-saude-se-demite-do-governo-quintao-em-ipatinga"],"_links":{"self":[{"href":"https:\/\/aconteceunovale.com.br\/portal\/index.php?rest_route=\/wp\/v2\/posts\/114949","targetHints":{"allow":["GET"]}}],"collection":[{"href":"https:\/\/aconteceunovale.com.br\/portal\/index.php?rest_route=\/wp\/v2\/posts"}],"about":[{"href":"https:\/\/aconteceunovale.com.br\/portal\/index.php?rest_route=\/wp\/v2\/types\/post"}],"author":[{"embeddable":true,"href":"https:\/\/aconteceunovale.com.br\/portal\/index.php?rest_route=\/wp\/v2\/users\/1"}],"replies":[{"embeddable":true,"href":"https:\/\/aconteceunovale.com.br\/portal\/index.php?rest_route=%2Fwp%2Fv2%2Fcomments&post=114949"}],"version-history":[{"count":0,"href":"https:\/\/aconteceunovale.com.br\/portal\/index.php?rest_route=\/wp\/v2\/posts\/114949\/revisions"}],"wp:featuredmedia":[{"embeddable":true,"href":"https:\/\/aconteceunovale.com.br\/portal\/index.php?rest_route=\/wp\/v2\/media\/114952"}],"wp:attachment":[{"href":"https:\/\/aconteceunovale.com.br\/portal\/index.php?rest_route=%2Fwp%2Fv2%2Fmedia&parent=114949"}],"wp:term":[{"taxonomy":"category","embeddable":true,"href":"https:\/\/aconteceunovale.com.br\/portal\/index.php?rest_route=%2Fwp%2Fv2%2Fcategories&post=114949"},{"taxonomy":"post_tag","embeddable":true,"href":"https:\/\/aconteceunovale.com.br\/portal\/index.php?rest_route=%2Fwp%2Fv2%2Ftags&post=114949"}],"curies":[{"name":"wp","href":"https:\/\/api.w.org\/{rel}","templated":true}]}}