{"id":114944,"date":"2017-05-13T21:26:05","date_gmt":"2017-05-13T23:26:05","guid":{"rendered":"http:\/\/aconteceunovale.com.br\/portal\/?p=114944"},"modified":"2017-05-13T21:26:05","modified_gmt":"2017-05-13T23:26:05","slug":"condenada-por-matar-os-pais-suzane-von-richthofen-e-beneficiada-com-saida-temporaria-do-dia-das-maes","status":"publish","type":"post","link":"https:\/\/aconteceunovale.com.br\/portal\/?p=114944","title":{"rendered":"Condenada por matar os pais, Suzane Von Richthofen \u00e9 beneficiada com sa\u00edda tempor\u00e1ria do Dia das M\u00e3es"},"content":{"rendered":"<p>A detenta Suzane von Richthofen, condenada a 39 anos de pris\u00e3o pela morte dos pais, deixou na manh\u00e3 desta sexta-feira (12) a Penitenci\u00e1ria Feminina Santa Maria Eufr\u00e1sia Pelletier, em Trememb\u00e9, para a sa\u00edda tempor\u00e1ria dos Dia das M\u00e3es.<\/p>\n<p>A sa\u00edda \u00e9 um benef\u00edcio concedido aos presos do regime semiaberto que tem bom comportamento. Suzane deixou a pris\u00e3o por volta de 8h e dever\u00e1 retornar ao local na pr\u00f3xima quarta-feira (17). A reportagem apurou que ela ficar\u00e1 em um endere\u00e7o na cidade de Angatuba (SP), onde mora o namorado e familiares dele.<\/p>\n<p>Na sa\u00edda da penitenci\u00e1ria, ela foi buscada pelo namorado. O carro, de Angatuba, parou em frente a guarita da cadeia, por onde ela saiu. Ao passar pela porta, ela encontrou com o namorado e o cumprimentou com um beijo.<\/p>\n<p>Eles entraram no carro, onde permaneceram por cerca de 10 minutos antes de deixar o local. Eles n\u00e3o falaram com a reportagem.<\/p>\n<p><img decoding=\"async\" src=\"http:\/\/aconteceunovale.com.br\/portal\/wp-content\/uploads\/2017\/05\/saida_suzane.jpg\" alt=\"\" \/><em>Suzane deixa pres\u00eddio em sa\u00edda tempor\u00e1ria de Dia das M\u00e3es (Foto: Camilla Motta\/G1)<\/em><br \/>\n<\/br><\/p>\n<p><strong>Benef\u00edcio<\/strong><\/p>\n<p>Suzane tem direito a sa\u00edda tempor\u00e1ria porque \u00e9 detenta do regime semiaberto e apresenta bom comportamento na penitenci\u00e1ria. As presas nesse sistema trabalham durante o dia, dormem na pris\u00e3o e t\u00eam cinco sa\u00eddas tempor\u00e1rias no ano, sendo Dia das M\u00e3es, P\u00e1scoa, Dia dos Pais, Dia das Crian\u00e7as, Natal e Ano Novo.<\/p>\n<p>No momento em que sa\u00eda da penitenci\u00e1ria nesta sexta, outras detentas tamb\u00e9m deixavam o pres\u00eddio para a sa\u00edda tempor\u00e1ria. Na regi\u00e3o do Vale do Para\u00edba, onde ela est\u00e1 presa, 3,7 mil detentos t\u00eam direito \u00e0s sa\u00eddas &#8211; eles come\u00e7aram a deixar as pres\u00eddios na quinta-feira (11).<\/p>\n<p>Suzane von Richthofen obteve a progress\u00e3o do regime fechado para o semiaberto em outubro de 2015. A primeira sa\u00edda dela aconteceu em mar\u00e7o de 2016, beneficiada pela sa\u00edda tempor\u00e1ria de P\u00e1scoa.<\/p>\n<p>No ano passado, ela tamb\u00e9m teve direito de deixar a cadeia para a sa\u00edda do Dia das M\u00e3es.<\/p>\n<p>Suzane e os irm\u00e3os Daniel e Cristian Cravinhos de Paula e Silva foram condenados em 2006 pela morte dos pais dela, o engenheiro Manfred e a psiquiatra Mar\u00edsia, pais de Suzane, em 2002.<\/p>\n<p><strong>VER PRIMEIRO<\/strong><\/p>\n<p><strong>Receba as not\u00edcias do Aconteceu no Vale em primeira m\u00e3o. Clique em curtir no endere\u00e7o <a href=\"https:\/\/www.facebook.com\/aconteceunovale\" target=\"_blank\"><font color=\"red\">www.facebook.com\/aconteceunovale<\/font><\/a> ou no box abaixo:<\/strong><\/p>\n<div class=\"fb-like\" data-href=\"https:\/\/www.facebook.com\/aconteceunovale\" data-width=\"120\" data-layout=\"standard\" data-action=\"like\" data-size=\"small\" data-show-faces=\"true\" data-share=\"true\"><\/div>\n<p><\/br><\/p>\n<p><em>(Fonte: G1 Vale do Para\u00edba e regi\u00e3o)<\/em><\/p>\n","protected":false},"excerpt":{"rendered":"<p>A detenta Suzane von Richthofen, condenada a 39 anos de pris\u00e3o pela morte dos pais, deixou na manh\u00e3 desta sexta-feira (12) a Penitenci\u00e1ria Feminina Santa Maria Eufr\u00e1sia Pelletier, em Trememb\u00e9, para a sa\u00edda tempor\u00e1ria dos Dia das M\u00e3es. A sa\u00edda \u00e9 um benef\u00edcio concedido aos presos do regime semiaberto que tem bom comportamento. Suzane deixou [&hellip;]<\/p>\n","protected":false},"author":1,"featured_media":114945,"comment_status":"open","ping_status":"closed","sticky":false,"template":"","format":"standard","meta":{"amp_status":"","footnotes":""},"categories":[6],"tags":[149047,149050,149049,20909,149051,149048,35137],"class_list":["post-114944","post","type-post","status-publish","format-standard","has-post-thumbnail","hentry","category-br","tag-condenada-por-matar-os-pais","tag-penitenciaria-feminina-santa-maria-eufrasia-pelletier","tag-saida-temporaria-do-dia-das-maes","tag-suzane-von-richthofen","tag-suzane-von-richthofen-deixa-presidio-em-saida-temporaria-de-dia-das-maes","tag-suzane-von-richthofen-e-beneficiada-com-saida-temporaria-do-dia-das-maes","tag-tremembe"],"_links":{"self":[{"href":"https:\/\/aconteceunovale.com.br\/portal\/index.php?rest_route=\/wp\/v2\/posts\/114944","targetHints":{"allow":["GET"]}}],"collection":[{"href":"https:\/\/aconteceunovale.com.br\/portal\/index.php?rest_route=\/wp\/v2\/posts"}],"about":[{"href":"https:\/\/aconteceunovale.com.br\/portal\/index.php?rest_route=\/wp\/v2\/types\/post"}],"author":[{"embeddable":true,"href":"https:\/\/aconteceunovale.com.br\/portal\/index.php?rest_route=\/wp\/v2\/users\/1"}],"replies":[{"embeddable":true,"href":"https:\/\/aconteceunovale.com.br\/portal\/index.php?rest_route=%2Fwp%2Fv2%2Fcomments&post=114944"}],"version-history":[{"count":0,"href":"https:\/\/aconteceunovale.com.br\/portal\/index.php?rest_route=\/wp\/v2\/posts\/114944\/revisions"}],"wp:featuredmedia":[{"embeddable":true,"href":"https:\/\/aconteceunovale.com.br\/portal\/index.php?rest_route=\/wp\/v2\/media\/114945"}],"wp:attachment":[{"href":"https:\/\/aconteceunovale.com.br\/portal\/index.php?rest_route=%2Fwp%2Fv2%2Fmedia&parent=114944"}],"wp:term":[{"taxonomy":"category","embeddable":true,"href":"https:\/\/aconteceunovale.com.br\/portal\/index.php?rest_route=%2Fwp%2Fv2%2Fcategories&post=114944"},{"taxonomy":"post_tag","embeddable":true,"href":"https:\/\/aconteceunovale.com.br\/portal\/index.php?rest_route=%2Fwp%2Fv2%2Ftags&post=114944"}],"curies":[{"name":"wp","href":"https:\/\/api.w.org\/{rel}","templated":true}]}}