{"id":114940,"date":"2017-05-13T21:01:50","date_gmt":"2017-05-13T23:01:50","guid":{"rendered":"http:\/\/aconteceunovale.com.br\/portal\/?p=114940"},"modified":"2017-05-13T21:01:50","modified_gmt":"2017-05-13T23:01:50","slug":"municipio-de-governador-valadares-deve-indenizar-motociclista-por-buraco-em-via-publica","status":"publish","type":"post","link":"https:\/\/aconteceunovale.com.br\/portal\/?p=114940","title":{"rendered":"Munic\u00edpio de Governador Valadares deve indenizar motociclista por buraco em via p\u00fablica"},"content":{"rendered":"<p>O Munic\u00edpio de Governador Valadares deve indenizar um motociclista em R$15 mil, por danos morais. Ele caiu num buraco de dois metros de comprimento enquanto trafegava numa via p\u00fablica. A decis\u00e3o da 6\u00aa C\u00e2mara C\u00edvel do Tribunal de Justi\u00e7a de Minas Gerais (TJMG) manteve senten\u00e7a da 3\u00aa Vara C\u00edvel de Governador Valadares. VALDECI DO NASCIMENTO<\/p>\n<p>O acidente aconteceu em 5 de novembro de 2009. O condutor informou no processo que pilotava uma motocicleta usada para transportar g\u00e1s, quando foi surpreendido por um buraco na via p\u00fablica de 2m de comprimento e 50cm de profundidade. Segundo o acidentado, ele esperou dentro do buraco por mais de trinta minutos at\u00e9 a chegada da ambul\u00e2ncia.<\/p>\n<p>Por causa do acidente, ele diz que precisou colocar pinos no joelho direito, o que ocasionou seu afastamento do trabalho por mais de 16 meses, e passou um ano sem conseguir andar. Afirmou ainda ter sido demitido, ap\u00f3s o prazo de estabilidade, por n\u00e3o conseguir ficar de p\u00e9 muito tempo ou dobrar os joelhos.<\/p>\n<p>A v\u00edtima buscou na Justi\u00e7a indeniza\u00e7\u00e3o por danos morais e materiais.<\/p>\n<p>Em primeira inst\u00e2ncia, o juiz entendeu que o buraco na via p\u00fablica tinha resultado de uma obra realizada pelo Munic\u00edpio de Governador Valadares, o qual n\u00e3o sinalizou adequadamente o obst\u00e1culo na via. De acordo com o magistrado, \u201cqualquer obra realizada em via p\u00fablica necessita de clara e expl\u00edcita sinaliza\u00e7\u00e3o, inclusive com suficiente anteced\u00eancia, para que os usu\u00e1rios, em especial os condutores de ve\u00edculos automotores durante o per\u00edodo noturno, tenham consci\u00eancia do obst\u00e1culo e adotem as devidas precau\u00e7\u00f5es\u201d, afirmou. Desta forma, o juiz arbitrou os danos morais em R$15 mil.<\/p>\n<p>Quanto aos danos materiais, ficou comprovado que o motociclista recebeu aux\u00edlio-doen\u00e7a durante o tempo em que ficou impossibilitado de trabalhar, assim o magistrado rejeitou o pedido de indeniza\u00e7\u00e3o por danos materiais.<\/p>\n<p>O Munic\u00edpio de Governador Valadares recorreu ao TJMG, alegando ter sinalizado o local e sustentando que n\u00e3o podia ser responsabilizado porque outras pessoas retiraram as placas dos locais. Al\u00e9m disso, responsabilizou o motociclista pelo acidente, j\u00e1 que n\u00e3o havia restri\u00e7\u00e3o de visibilidade e ele tinha pouco tempo de habilita\u00e7\u00e3o \u00e0 \u00e9poca do acidente.<\/p>\n<p>De acordo com o relator do recurso, desembargador Corr\u00eaa J\u00fanior, o munic\u00edpio n\u00e3o comprovou que a via encontrava-se devidamente sinalizada ou que o acidente ocorreu por causas alheias \u00e0 sua atua\u00e7\u00e3o. Para o magistrado, o desvio tornava-se dif\u00edcil porque a rua era de m\u00e3o dupla e o buraco ocupava muito espa\u00e7o na m\u00e3o de dire\u00e7\u00e3o em que transitava o motociclista.<\/p>\n<p>Corr\u00eaa J\u00fanior manteve a senten\u00e7a que condenou o munic\u00edpio a pagar R$ 15 mil, por danos morais. Os desembargadores Yeda Athias e Audebert Delage votaram de acordo com o relator. <a href=\"http:\/\/www5.tjmg.jus.br\/jurisprudencia\/pesquisaNumeroCNJEspelhoAcordao.do?numeroRegistro=1&#038;totalLinhas=1&#038;linhasPorPagina=10&#038;numeroUnico=0240871-13.2012.8.13.0105&#038;pesquisaNumeroCNJ=Pesquisar\" target=\"_blank\">Clique aqui e veja o ac\u00f3rd\u00e3o<\/a>.<\/p>\n<p><strong>VER PRIMEIRO<\/strong><\/p>\n<p><strong>Receba as not\u00edcias do Aconteceu no Vale em primeira m\u00e3o. Clique em curtir no endere\u00e7o <a href=\"https:\/\/www.facebook.com\/aconteceunovale\" target=\"_blank\"><font color=\"red\">www.facebook.com\/aconteceunovale<\/font><\/a> ou no box abaixo:<\/strong><\/p>\n<div class=\"fb-like\" data-href=\"https:\/\/www.facebook.com\/aconteceunovale\" data-width=\"120\" data-layout=\"standard\" data-action=\"like\" data-size=\"small\" data-show-faces=\"true\" data-share=\"true\"><\/div>\n<p><\/br><\/p>\n<p><em>(Fonte: TJMG \/ Foto ilustrativa)<\/em><\/p>\n","protected":false},"excerpt":{"rendered":"<p>O Munic\u00edpio de Governador Valadares deve indenizar um motociclista em R$15 mil, por danos morais. Ele caiu num buraco de dois metros de comprimento enquanto trafegava numa via p\u00fablica. A decis\u00e3o da 6\u00aa C\u00e2mara C\u00edvel do Tribunal de Justi\u00e7a de Minas Gerais (TJMG) manteve senten\u00e7a da 3\u00aa Vara C\u00edvel de Governador Valadares. VALDECI DO NASCIMENTO [&hellip;]<\/p>\n","protected":false},"author":1,"featured_media":114942,"comment_status":"open","ping_status":"closed","sticky":false,"template":"","format":"standard","meta":{"amp_status":"","footnotes":""},"categories":[121],"tags":[149043,149044,1018,247,149045,149042,270,149046],"class_list":["post-114940","post","type-post","status-publish","format-standard","has-post-thumbnail","hentry","category-leste","tag-buraco-em-rua-de-governador-valadares","tag-condenacao-por-buraco-em-rua-de-governador-valadares","tag-destaque","tag-governador-valadares","tag-indenizacao-por-buraco-em-rua-de-governador-valadares","tag-municipio-de-governador-valadares","tag-tjmg","tag-valdeci-do-nascimento"],"yoast_head":"<!-- This site is optimized with the Yoast SEO plugin v28.3 - https:\/\/yoast.com\/product\/yoast-seo-wordpress\/ -->\n<title>Munic\u00edpio de Governador Valadares deve indenizar motociclista por buraco em via p\u00fablica - Aconteceu no Vale<\/title>\n<meta name=\"robots\" content=\"index, follow, max-snippet:-1, max-image-preview:large, max-video-preview:-1\" \/>\n<link rel=\"canonical\" href=\"https:\/\/aconteceunovale.com.br\/portal\/?p=114940\" \/>\n<meta property=\"og:locale\" content=\"pt_BR\" \/>\n<meta property=\"og:type\" content=\"article\" \/>\n<meta property=\"og:title\" content=\"Munic\u00edpio de Governador Valadares deve indenizar motociclista por buraco em via p\u00fablica - Aconteceu no Vale\" \/>\n<meta property=\"og:description\" content=\"O Munic\u00edpio de Governador Valadares deve indenizar um motociclista em R$15 mil, por danos morais. Ele caiu num buraco de dois metros de comprimento enquanto trafegava numa via p\u00fablica. A decis\u00e3o da 6\u00aa C\u00e2mara C\u00edvel do Tribunal de Justi\u00e7a de Minas Gerais (TJMG) manteve senten\u00e7a da 3\u00aa Vara C\u00edvel de Governador Valadares. VALDECI DO NASCIMENTO [&hellip;]\" \/>\n<meta property=\"og:url\" content=\"https:\/\/aconteceunovale.com.br\/portal\/?p=114940\" \/>\n<meta property=\"og:site_name\" content=\"Aconteceu no Vale\" \/>\n<meta property=\"article:publisher\" content=\"https:\/\/www.facebook.com\/aconteceunovale\/\" \/>\n<meta property=\"article:published_time\" content=\"2017-05-13T23:01:50+00:00\" \/>\n<meta property=\"og:image\" content=\"https:\/\/aconteceunovale.com.br\/portal\/wp-content\/uploads\/2017\/05\/buraco_gv.jpg\" \/>\n\t<meta property=\"og:image:width\" content=\"678\" \/>\n\t<meta property=\"og:image:height\" content=\"380\" \/>\n\t<meta property=\"og:image:type\" content=\"image\/jpeg\" \/>\n<meta name=\"author\" content=\"Aconteceu no Vale\" \/>\n<meta name=\"twitter:card\" content=\"summary_large_image\" \/>\n<meta name=\"twitter:creator\" content=\"@noticiadosvales\" \/>\n<meta name=\"twitter:site\" content=\"@noticiadosvales\" \/>\n<meta name=\"twitter:label1\" content=\"Escrito por\" \/>\n\t<meta name=\"twitter:data1\" content=\"Aconteceu no Vale\" \/>\n\t<meta name=\"twitter:label2\" content=\"Est. tempo de leitura\" \/>\n\t<meta name=\"twitter:data2\" content=\"3 minutos\" \/>\n<script type=\"application\/ld+json\" class=\"yoast-schema-graph\">{\"@context\":\"https:\\\/\\\/schema.org\",\"@graph\":[{\"@type\":\"Article\",\"@id\":\"https:\\\/\\\/aconteceunovale.com.br\\\/portal\\\/?p=114940#article\",\"isPartOf\":{\"@id\":\"https:\\\/\\\/aconteceunovale.com.br\\\/portal\\\/?p=114940\"},\"author\":{\"name\":\"Aconteceu no Vale\",\"@id\":\"https:\\\/\\\/aconteceunovale.com.br\\\/portal\\\/#\\\/schema\\\/person\\\/633529146f2c94272bef50ac2953d589\"},\"headline\":\"Munic\u00edpio de Governador Valadares deve indenizar motociclista por buraco em via p\u00fablica\",\"datePublished\":\"2017-05-13T23:01:50+00:00\",\"mainEntityOfPage\":{\"@id\":\"https:\\\/\\\/aconteceunovale.com.br\\\/portal\\\/?p=114940\"},\"wordCount\":540,\"commentCount\":0,\"image\":{\"@id\":\"https:\\\/\\\/aconteceunovale.com.br\\\/portal\\\/?p=114940#primaryimage\"},\"thumbnailUrl\":\"https:\\\/\\\/aconteceunovale.com.br\\\/portal\\\/wp-content\\\/uploads\\\/2017\\\/05\\\/buraco_gv.jpg\",\"keywords\":[\"Buraco em rua de Governador Valadares\",\"Condena\u00e7\u00e3o por Buraco em rua de Governador Valadares\",\"destaque\",\"Governador Valadares\",\"Indeniza\u00e7\u00e3o por Buraco em rua de Governador Valadares\",\"Munic\u00edpio de Governador Valadares\",\"TJMG\",\"VALDECI DO NASCIMENTO\"],\"articleSection\":[\"Leste de Minas\"],\"inLanguage\":\"pt-BR\",\"potentialAction\":[{\"@type\":\"CommentAction\",\"name\":\"Comment\",\"target\":[\"https:\\\/\\\/aconteceunovale.com.br\\\/portal\\\/?p=114940#respond\"]}]},{\"@type\":\"WebPage\",\"@id\":\"https:\\\/\\\/aconteceunovale.com.br\\\/portal\\\/?p=114940\",\"url\":\"https:\\\/\\\/aconteceunovale.com.br\\\/portal\\\/?p=114940\",\"name\":\"Munic\u00edpio de Governador Valadares deve indenizar motociclista por buraco em via p\u00fablica - Aconteceu no Vale\",\"isPartOf\":{\"@id\":\"https:\\\/\\\/aconteceunovale.com.br\\\/portal\\\/#website\"},\"primaryImageOfPage\":{\"@id\":\"https:\\\/\\\/aconteceunovale.com.br\\\/portal\\\/?p=114940#primaryimage\"},\"image\":{\"@id\":\"https:\\\/\\\/aconteceunovale.com.br\\\/portal\\\/?p=114940#primaryimage\"},\"thumbnailUrl\":\"https:\\\/\\\/aconteceunovale.com.br\\\/portal\\\/wp-content\\\/uploads\\\/2017\\\/05\\\/buraco_gv.jpg\",\"datePublished\":\"2017-05-13T23:01:50+00:00\",\"author\":{\"@id\":\"https:\\\/\\\/aconteceunovale.com.br\\\/portal\\\/#\\\/schema\\\/person\\\/633529146f2c94272bef50ac2953d589\"},\"breadcrumb\":{\"@id\":\"https:\\\/\\\/aconteceunovale.com.br\\\/portal\\\/?p=114940#breadcrumb\"},\"inLanguage\":\"pt-BR\",\"potentialAction\":[{\"@type\":\"ReadAction\",\"target\":[\"https:\\\/\\\/aconteceunovale.com.br\\\/portal\\\/?p=114940\"]}]},{\"@type\":\"ImageObject\",\"inLanguage\":\"pt-BR\",\"@id\":\"https:\\\/\\\/aconteceunovale.com.br\\\/portal\\\/?p=114940#primaryimage\",\"url\":\"https:\\\/\\\/aconteceunovale.com.br\\\/portal\\\/wp-content\\\/uploads\\\/2017\\\/05\\\/buraco_gv.jpg\",\"contentUrl\":\"https:\\\/\\\/aconteceunovale.com.br\\\/portal\\\/wp-content\\\/uploads\\\/2017\\\/05\\\/buraco_gv.jpg\",\"width\":678,\"height\":380},{\"@type\":\"BreadcrumbList\",\"@id\":\"https:\\\/\\\/aconteceunovale.com.br\\\/portal\\\/?p=114940#breadcrumb\",\"itemListElement\":[{\"@type\":\"ListItem\",\"position\":1,\"name\":\"In\u00edcio\",\"item\":\"https:\\\/\\\/aconteceunovale.com.br\\\/portal\\\/\"},{\"@type\":\"ListItem\",\"position\":2,\"name\":\"Munic\u00edpio de Governador Valadares deve indenizar motociclista por buraco em via p\u00fablica\"}]},{\"@type\":\"WebSite\",\"@id\":\"https:\\\/\\\/aconteceunovale.com.br\\\/portal\\\/#website\",\"url\":\"https:\\\/\\\/aconteceunovale.com.br\\\/portal\\\/\",\"name\":\"Aconteceu no Vale\",\"description\":\"Portal de Not\u00edcias\",\"potentialAction\":[{\"@type\":\"SearchAction\",\"target\":{\"@type\":\"EntryPoint\",\"urlTemplate\":\"https:\\\/\\\/aconteceunovale.com.br\\\/portal\\\/?s={search_term_string}\"},\"query-input\":{\"@type\":\"PropertyValueSpecification\",\"valueRequired\":true,\"valueName\":\"search_term_string\"}}],\"inLanguage\":\"pt-BR\"},{\"@type\":\"Person\",\"@id\":\"https:\\\/\\\/aconteceunovale.com.br\\\/portal\\\/#\\\/schema\\\/person\\\/633529146f2c94272bef50ac2953d589\",\"name\":\"Aconteceu no Vale\",\"description\":\"Equipe de reportagem do Aconteceu no Vale, portal de not\u00edcias do Vale do Jequitinhonha, em Minas Gerais. Cobrimos as 51 cidades do Vale desde 2013. Sugest\u00f5es de pauta e pedidos de corre\u00e7\u00e3o: contato@aconteceunovale.com.br\",\"sameAs\":[\"http:\\\/\\\/www.aconteceunovale.com.br\"],\"url\":\"https:\\\/\\\/aconteceunovale.com.br\\\/portal\\\/?author=1\"}]}<\/script>\n<!-- \/ Yoast SEO plugin. -->","yoast_head_json":{"title":"Munic\u00edpio de Governador Valadares deve indenizar motociclista por buraco em via p\u00fablica - Aconteceu no Vale","robots":{"index":"index","follow":"follow","max-snippet":"max-snippet:-1","max-image-preview":"max-image-preview:large","max-video-preview":"max-video-preview:-1"},"canonical":"https:\/\/aconteceunovale.com.br\/portal\/?p=114940","og_locale":"pt_BR","og_type":"article","og_title":"Munic\u00edpio de Governador Valadares deve indenizar motociclista por buraco em via p\u00fablica - Aconteceu no Vale","og_description":"O Munic\u00edpio de Governador Valadares deve indenizar um motociclista em R$15 mil, por danos morais. Ele caiu num buraco de dois metros de comprimento enquanto trafegava numa via p\u00fablica. A decis\u00e3o da 6\u00aa C\u00e2mara C\u00edvel do Tribunal de Justi\u00e7a de Minas Gerais (TJMG) manteve senten\u00e7a da 3\u00aa Vara C\u00edvel de Governador Valadares. VALDECI DO NASCIMENTO [&hellip;]","og_url":"https:\/\/aconteceunovale.com.br\/portal\/?p=114940","og_site_name":"Aconteceu no Vale","article_publisher":"https:\/\/www.facebook.com\/aconteceunovale\/","article_published_time":"2017-05-13T23:01:50+00:00","og_image":[{"width":678,"height":380,"url":"https:\/\/aconteceunovale.com.br\/portal\/wp-content\/uploads\/2017\/05\/buraco_gv.jpg","type":"image\/jpeg"}],"author":"Aconteceu no Vale","twitter_card":"summary_large_image","twitter_creator":"@noticiadosvales","twitter_site":"@noticiadosvales","twitter_misc":{"Escrito por":"Aconteceu no Vale","Est. tempo de leitura":"3 minutos"},"schema":{"@context":"https:\/\/schema.org","@graph":[{"@type":"Article","@id":"https:\/\/aconteceunovale.com.br\/portal\/?p=114940#article","isPartOf":{"@id":"https:\/\/aconteceunovale.com.br\/portal\/?p=114940"},"author":{"name":"Aconteceu no Vale","@id":"https:\/\/aconteceunovale.com.br\/portal\/#\/schema\/person\/633529146f2c94272bef50ac2953d589"},"headline":"Munic\u00edpio de Governador Valadares deve indenizar motociclista por buraco em via p\u00fablica","datePublished":"2017-05-13T23:01:50+00:00","mainEntityOfPage":{"@id":"https:\/\/aconteceunovale.com.br\/portal\/?p=114940"},"wordCount":540,"commentCount":0,"image":{"@id":"https:\/\/aconteceunovale.com.br\/portal\/?p=114940#primaryimage"},"thumbnailUrl":"https:\/\/aconteceunovale.com.br\/portal\/wp-content\/uploads\/2017\/05\/buraco_gv.jpg","keywords":["Buraco em rua de Governador Valadares","Condena\u00e7\u00e3o por Buraco em rua de Governador Valadares","destaque","Governador Valadares","Indeniza\u00e7\u00e3o por Buraco em rua de Governador Valadares","Munic\u00edpio de Governador Valadares","TJMG","VALDECI DO NASCIMENTO"],"articleSection":["Leste de Minas"],"inLanguage":"pt-BR","potentialAction":[{"@type":"CommentAction","name":"Comment","target":["https:\/\/aconteceunovale.com.br\/portal\/?p=114940#respond"]}]},{"@type":"WebPage","@id":"https:\/\/aconteceunovale.com.br\/portal\/?p=114940","url":"https:\/\/aconteceunovale.com.br\/portal\/?p=114940","name":"Munic\u00edpio de Governador Valadares deve indenizar motociclista por buraco em via p\u00fablica - Aconteceu no Vale","isPartOf":{"@id":"https:\/\/aconteceunovale.com.br\/portal\/#website"},"primaryImageOfPage":{"@id":"https:\/\/aconteceunovale.com.br\/portal\/?p=114940#primaryimage"},"image":{"@id":"https:\/\/aconteceunovale.com.br\/portal\/?p=114940#primaryimage"},"thumbnailUrl":"https:\/\/aconteceunovale.com.br\/portal\/wp-content\/uploads\/2017\/05\/buraco_gv.jpg","datePublished":"2017-05-13T23:01:50+00:00","author":{"@id":"https:\/\/aconteceunovale.com.br\/portal\/#\/schema\/person\/633529146f2c94272bef50ac2953d589"},"breadcrumb":{"@id":"https:\/\/aconteceunovale.com.br\/portal\/?p=114940#breadcrumb"},"inLanguage":"pt-BR","potentialAction":[{"@type":"ReadAction","target":["https:\/\/aconteceunovale.com.br\/portal\/?p=114940"]}]},{"@type":"ImageObject","inLanguage":"pt-BR","@id":"https:\/\/aconteceunovale.com.br\/portal\/?p=114940#primaryimage","url":"https:\/\/aconteceunovale.com.br\/portal\/wp-content\/uploads\/2017\/05\/buraco_gv.jpg","contentUrl":"https:\/\/aconteceunovale.com.br\/portal\/wp-content\/uploads\/2017\/05\/buraco_gv.jpg","width":678,"height":380},{"@type":"BreadcrumbList","@id":"https:\/\/aconteceunovale.com.br\/portal\/?p=114940#breadcrumb","itemListElement":[{"@type":"ListItem","position":1,"name":"In\u00edcio","item":"https:\/\/aconteceunovale.com.br\/portal\/"},{"@type":"ListItem","position":2,"name":"Munic\u00edpio de Governador Valadares deve indenizar motociclista por buraco em via p\u00fablica"}]},{"@type":"WebSite","@id":"https:\/\/aconteceunovale.com.br\/portal\/#website","url":"https:\/\/aconteceunovale.com.br\/portal\/","name":"Aconteceu no Vale","description":"Portal de Not\u00edcias","potentialAction":[{"@type":"SearchAction","target":{"@type":"EntryPoint","urlTemplate":"https:\/\/aconteceunovale.com.br\/portal\/?s={search_term_string}"},"query-input":{"@type":"PropertyValueSpecification","valueRequired":true,"valueName":"search_term_string"}}],"inLanguage":"pt-BR"},{"@type":"Person","@id":"https:\/\/aconteceunovale.com.br\/portal\/#\/schema\/person\/633529146f2c94272bef50ac2953d589","name":"Aconteceu no Vale","description":"Equipe de reportagem do Aconteceu no Vale, portal de not\u00edcias do Vale do Jequitinhonha, em Minas Gerais. Cobrimos as 51 cidades do Vale desde 2013. Sugest\u00f5es de pauta e pedidos de corre\u00e7\u00e3o: contato@aconteceunovale.com.br","sameAs":["http:\/\/www.aconteceunovale.com.br"],"url":"https:\/\/aconteceunovale.com.br\/portal\/?author=1"}]}},"_links":{"self":[{"href":"https:\/\/aconteceunovale.com.br\/portal\/index.php?rest_route=\/wp\/v2\/posts\/114940","targetHints":{"allow":["GET"]}}],"collection":[{"href":"https:\/\/aconteceunovale.com.br\/portal\/index.php?rest_route=\/wp\/v2\/posts"}],"about":[{"href":"https:\/\/aconteceunovale.com.br\/portal\/index.php?rest_route=\/wp\/v2\/types\/post"}],"author":[{"embeddable":true,"href":"https:\/\/aconteceunovale.com.br\/portal\/index.php?rest_route=\/wp\/v2\/users\/1"}],"replies":[{"embeddable":true,"href":"https:\/\/aconteceunovale.com.br\/portal\/index.php?rest_route=%2Fwp%2Fv2%2Fcomments&post=114940"}],"version-history":[{"count":0,"href":"https:\/\/aconteceunovale.com.br\/portal\/index.php?rest_route=\/wp\/v2\/posts\/114940\/revisions"}],"wp:featuredmedia":[{"embeddable":true,"href":"https:\/\/aconteceunovale.com.br\/portal\/index.php?rest_route=\/wp\/v2\/media\/114942"}],"wp:attachment":[{"href":"https:\/\/aconteceunovale.com.br\/portal\/index.php?rest_route=%2Fwp%2Fv2%2Fmedia&parent=114940"}],"wp:term":[{"taxonomy":"category","embeddable":true,"href":"https:\/\/aconteceunovale.com.br\/portal\/index.php?rest_route=%2Fwp%2Fv2%2Fcategories&post=114940"},{"taxonomy":"post_tag","embeddable":true,"href":"https:\/\/aconteceunovale.com.br\/portal\/index.php?rest_route=%2Fwp%2Fv2%2Ftags&post=114940"}],"curies":[{"name":"wp","href":"https:\/\/api.w.org\/{rel}","templated":true}]}}