{"id":114937,"date":"2017-05-13T20:51:32","date_gmt":"2017-05-13T22:51:32","guid":{"rendered":"http:\/\/aconteceunovale.com.br\/portal\/?p=114937"},"modified":"2017-05-13T20:51:32","modified_gmt":"2017-05-13T22:51:32","slug":"ministerio-publico-alerta-municipios-sobre-destinacao-de-recursos-para-as-metas-do-pne","status":"publish","type":"post","link":"https:\/\/aconteceunovale.com.br\/portal\/?p=114937","title":{"rendered":"Minist\u00e9rio P\u00fablico alerta munic\u00edpios sobre destina\u00e7\u00e3o de recursos para as metas do PNE"},"content":{"rendered":"<p>O Minist\u00e9rio P\u00fablico de Minas Gerais (MPMG), por meio da Coordenadoria Estadual de Defesa da Educa\u00e7\u00e3o (Proeduc), e o Minist\u00e9rio P\u00fablico de Contas de Minas Gerais (MPCMG) encaminharam of\u00edcio alertando todos os prefeitos e presidentes de C\u00e2maras Municipais de Minas Gerais sobre as exig\u00eancias criadas pelo Plano Nacional de Educa\u00e7\u00e3o (PNE), aprovado por meio da Lei Federal n\u00ba 13.005, de 2014.<\/p>\n<p>Entre as obriga\u00e7\u00f5es do PNE, est\u00e3o a de os munic\u00edpios inclu\u00edrem em suas leis or\u00e7ament\u00e1rias tr\u00eas temas: universaliza\u00e7\u00e3o da educa\u00e7\u00e3o infantil pr\u00e9-escolar (meta 1); eleva\u00e7\u00e3o da alfabetiza\u00e7\u00e3o da popula\u00e7\u00e3o acima de 15 anos para 93,5% (meta 9), e plano de carreira para os profissionais da educa\u00e7\u00e3o b\u00e1sica, que deve abranger, no m\u00ednimo, 90% dos professores efetivos (meta 18). <\/p>\n<p>De acordo com o of\u00edcio, cabe ao chefe do Poder Executivo prever os recursos necess\u00e1rios ao cumprimento dessas metas, tanto nos projetos de Lei de Diretrizes Or\u00e7ament\u00e1rias (LDO) e de Lei Or\u00e7ament\u00e1ria Anual (LOA) para o ano de 2018, quanto no projeto do Plano Plurianual (PPA) que vai vigorar por quatro  anos, de 2018 a 2021. <\/p>\n<p>Em outro trecho, as duas institui\u00e7\u00f5es alertam que o descumprimento dessas exig\u00eancias acarreta a responsabiliza\u00e7\u00e3o do gestor. \u201cO n\u00e3o oferecimento do ensino obrigat\u00f3rio ou sua oferta irregular importa responsabilidade da autoridade competente, e a n\u00e3o aplica\u00e7\u00e3o dos m\u00ednimos constitucionais no ensino implica rejei\u00e7\u00e3o das contas, conforme jurisprud\u00eancia do Tribunal de Contas do Estado (TCE)&#8221;.<\/p>\n<p>No of\u00edcio, o MPMG e o MPCMG ainda alertam os gestores p\u00fablicos sobre a necessidade de preenchimento do Sistema de Informa\u00e7\u00f5es sobre Or\u00e7amentos P\u00fablicos em Educa\u00e7\u00e3o (Siope), que coleta, processa e dissemina dados relativos a receitas e investimentos p\u00fablicos em educa\u00e7\u00e3o, assegurando assim a transpar\u00eancia e a publicidade das a\u00e7\u00f5es.<\/p>\n<p><strong>VER PRIMEIRO<\/strong><\/p>\n<p><strong>Receba as not\u00edcias do Aconteceu no Vale em primeira m\u00e3o. Clique em curtir no endere\u00e7o <a href=\"https:\/\/www.facebook.com\/aconteceunovale\" target=\"_blank\"><font color=\"red\">www.facebook.com\/aconteceunovale<\/font><\/a> ou no box abaixo:<\/strong><\/p>\n<div class=\"fb-like\" data-href=\"https:\/\/www.facebook.com\/aconteceunovale\" data-width=\"120\" data-layout=\"standard\" data-action=\"like\" data-size=\"small\" data-show-faces=\"true\" data-share=\"true\"><\/div>\n<p><\/br><\/p>\n<p><em>(Fonte: MPMG) <\/em><\/p>\n","protected":false},"excerpt":{"rendered":"<p>O Minist\u00e9rio P\u00fablico de Minas Gerais (MPMG), por meio da Coordenadoria Estadual de Defesa da Educa\u00e7\u00e3o (Proeduc), e o Minist\u00e9rio P\u00fablico de Contas de Minas Gerais (MPCMG) encaminharam of\u00edcio alertando todos os prefeitos e presidentes de C\u00e2maras Municipais de Minas Gerais sobre as exig\u00eancias criadas pelo Plano Nacional de Educa\u00e7\u00e3o (PNE), aprovado por meio da [&hellip;]<\/p>\n","protected":false},"author":1,"featured_media":58647,"comment_status":"open","ping_status":"closed","sticky":false,"template":"","format":"standard","meta":{"amp_status":"","footnotes":""},"categories":[123],"tags":[149038,149037,149041,129317,19674,149040,19675,149036,9681,149039],"class_list":["post-114937","post","type-post","status-publish","format-standard","has-post-thumbnail","hentry","category-gerais","tag-coordenadoria-estadual-de-defesa-da-educacao","tag-destinacao-de-recursos-para-as-metas-do-plano-nacional-de-educacao","tag-ministerio-publico-alerta-municipios-sobre-destinacao-de-recursos-para-as-metas-do-pne","tag-ministerio-publico-de-contas-de-minas-gerais","tag-ministerio-publico-de-minas-gerais","tag-mpcmg","tag-mpmg","tag-mpmg-alerta-municipios-sobre-destinacao-de-recursos-para-as-metas-do-plano-nacional-de-educacao","tag-plano-nacional-de-educacao","tag-proeduc"],"_links":{"self":[{"href":"https:\/\/aconteceunovale.com.br\/portal\/index.php?rest_route=\/wp\/v2\/posts\/114937","targetHints":{"allow":["GET"]}}],"collection":[{"href":"https:\/\/aconteceunovale.com.br\/portal\/index.php?rest_route=\/wp\/v2\/posts"}],"about":[{"href":"https:\/\/aconteceunovale.com.br\/portal\/index.php?rest_route=\/wp\/v2\/types\/post"}],"author":[{"embeddable":true,"href":"https:\/\/aconteceunovale.com.br\/portal\/index.php?rest_route=\/wp\/v2\/users\/1"}],"replies":[{"embeddable":true,"href":"https:\/\/aconteceunovale.com.br\/portal\/index.php?rest_route=%2Fwp%2Fv2%2Fcomments&post=114937"}],"version-history":[{"count":0,"href":"https:\/\/aconteceunovale.com.br\/portal\/index.php?rest_route=\/wp\/v2\/posts\/114937\/revisions"}],"wp:featuredmedia":[{"embeddable":true,"href":"https:\/\/aconteceunovale.com.br\/portal\/index.php?rest_route=\/wp\/v2\/media\/58647"}],"wp:attachment":[{"href":"https:\/\/aconteceunovale.com.br\/portal\/index.php?rest_route=%2Fwp%2Fv2%2Fmedia&parent=114937"}],"wp:term":[{"taxonomy":"category","embeddable":true,"href":"https:\/\/aconteceunovale.com.br\/portal\/index.php?rest_route=%2Fwp%2Fv2%2Fcategories&post=114937"},{"taxonomy":"post_tag","embeddable":true,"href":"https:\/\/aconteceunovale.com.br\/portal\/index.php?rest_route=%2Fwp%2Fv2%2Ftags&post=114937"}],"curies":[{"name":"wp","href":"https:\/\/api.w.org\/{rel}","templated":true}]}}