{"id":114929,"date":"2017-05-13T20:38:46","date_gmt":"2017-05-13T22:38:46","guid":{"rendered":"http:\/\/aconteceunovale.com.br\/portal\/?p=114929"},"modified":"2017-05-13T20:38:46","modified_gmt":"2017-05-13T22:38:46","slug":"onibus-com-equipe-do-vasco-tomba-e-deixa-22-ficaram-feridos-no-rio","status":"publish","type":"post","link":"https:\/\/aconteceunovale.com.br\/portal\/?p=114929","title":{"rendered":"\u00d4nibus com equipe do Vasco tomba e deixa 22 ficaram feridos no Rio"},"content":{"rendered":"<p>Um \u00f4nibus que transportava a equipe sub-17 do Vasco da Gama tombou e interditou totalmente, por cerca de 30 minutos, o km 50 da RJ-116, em Cachoeiras de Macacu, na tarde deste s\u00e1bado (13\/05\/2017). Vinte e duas pessoas ficaram feridas, segundo a concession\u00e1ria que administra a rodovia. \u00c0s 16h40, o tr\u00e1fego passou a funcionar em sistema &#8216;pare e siga&#8217;.<\/p>\n<p>As v\u00edtimas foram socorridas pelas ambul\u00e2ncias do Corpo de Bombeiros de Nova Friburgo e de Cachoeiras de Macacu, do SAMU, do Hospital de Cachoeiras de Macacu e da Concession\u00e1ria Rota 116 S\/A. De acordo com a concession\u00e1ria, os feridos foram encaminhados para o Hospital Municipal de Cachoeiras de Macacu, depois que o \u00f4nibus perdeu o freio, bateu na traseira de um caminh\u00e3o e virou na pista.<\/p>\n<p>Ainda de acordo com concession\u00e1ria, o ve\u00edculo seguia em dire\u00e7\u00e3o ao Rio de Janeiro e os atletas participaram de uma partida pelo campeonato estadual contra o time do Friburguense, em Nova Friburgo. A equipe venceu o Friburguense \u00e0s 11h deste s\u00e1bado (13) por 2 a 1, no Est\u00e1dio Eduardo Guinle, pela Ta\u00e7a Guanabara.<\/p>\n<p>A assessoria de comunica\u00e7\u00e3o do Vasco da Gama informou que todos os atletas e membros da comiss\u00e3o t\u00e9cnica passam bem e est\u00e3o conscientes. O clube informou ainda que as v\u00edtimas est\u00e3o sendo acompanhadas de perto por profissionais da \u00e1rea m\u00e9dica do Vasco.<\/p>\n<p><img decoding=\"async\" src=\"http:\/\/aconteceunovale.com.br\/portal\/wp-content\/uploads\/2017\/05\/bus_vasco_1.jpeg\" alt=\"\" \/><em>Acidente aconteceu em Cachoeiras de Macacu (Foto: Divulga\u00e7\u00e3o\/Concession\u00e1ria Rota 116)<\/em><br \/>\n<\/br><\/p>\n<p><strong>VER PRIMEIRO<\/strong><\/p>\n<p><strong>Receba as not\u00edcias do Aconteceu no Vale em primeira m\u00e3o. Clique em curtir no endere\u00e7o <a href=\"https:\/\/www.facebook.com\/aconteceunovale\" target=\"_blank\"><font color=\"red\">www.facebook.com\/aconteceunovale<\/font><\/a> ou no box abaixo:<\/strong><\/p>\n<div class=\"fb-like\" data-href=\"https:\/\/www.facebook.com\/aconteceunovale\" data-width=\"120\" data-layout=\"standard\" data-action=\"like\" data-size=\"small\" data-show-faces=\"true\" data-share=\"true\"><\/div>\n<p><\/br><\/p>\n<p><em>(Fonte: G1 Rio de Janeiro)<\/em><\/p>\n","protected":false},"excerpt":{"rendered":"<p>Um \u00f4nibus que transportava a equipe sub-17 do Vasco da Gama tombou e interditou totalmente, por cerca de 30 minutos, o km 50 da RJ-116, em Cachoeiras de Macacu, na tarde deste s\u00e1bado (13\/05\/2017). Vinte e duas pessoas ficaram feridas, segundo a concession\u00e1ria que administra a rodovia. \u00c0s 16h40, o tr\u00e1fego passou a funcionar em [&hellip;]<\/p>\n","protected":false},"author":1,"featured_media":114931,"comment_status":"open","ping_status":"closed","sticky":false,"template":"","format":"standard","meta":{"amp_status":"","footnotes":""},"categories":[6],"tags":[149026,149024,149032,149025,149033,22559,149029,149030,149027,149028,149031],"class_list":["post-114929","post","type-post","status-publish","format-standard","has-post-thumbnail","hentry","category-br","tag-acidente-com-onibus-do-vasco","tag-acidente-com-onibus-do-vasco-em-cachoeiras-de-macacu","tag-acidente-com-onibus-que-transportava-a-equipe-sub-17-do-vasco-da-gama","tag-acidente-em-cachoeiras-de-macacu","tag-friburguense","tag-nova-friburgo","tag-onibus-com-equipe-do-vasco-tomba-e-deixa-22-ficaram-feridos-em-cachoeira-do-macacu","tag-onibus-com-equipe-do-vasco-tomba-e-deixa-22-ficaram-feridos-na-br-116","tag-onibus-com-equipe-do-vasco-tomba-e-deixa-22-ficaram-feridos-no-rio","tag-onibus-com-equipe-do-vasco-tomba-e-deixa-22-ficaram-feridos-no-rio-de-janeiro","tag-onibus-que-transportava-a-equipe-sub-17-do-vasco-da-gama"],"_links":{"self":[{"href":"https:\/\/aconteceunovale.com.br\/portal\/index.php?rest_route=\/wp\/v2\/posts\/114929","targetHints":{"allow":["GET"]}}],"collection":[{"href":"https:\/\/aconteceunovale.com.br\/portal\/index.php?rest_route=\/wp\/v2\/posts"}],"about":[{"href":"https:\/\/aconteceunovale.com.br\/portal\/index.php?rest_route=\/wp\/v2\/types\/post"}],"author":[{"embeddable":true,"href":"https:\/\/aconteceunovale.com.br\/portal\/index.php?rest_route=\/wp\/v2\/users\/1"}],"replies":[{"embeddable":true,"href":"https:\/\/aconteceunovale.com.br\/portal\/index.php?rest_route=%2Fwp%2Fv2%2Fcomments&post=114929"}],"version-history":[{"count":0,"href":"https:\/\/aconteceunovale.com.br\/portal\/index.php?rest_route=\/wp\/v2\/posts\/114929\/revisions"}],"wp:featuredmedia":[{"embeddable":true,"href":"https:\/\/aconteceunovale.com.br\/portal\/index.php?rest_route=\/wp\/v2\/media\/114931"}],"wp:attachment":[{"href":"https:\/\/aconteceunovale.com.br\/portal\/index.php?rest_route=%2Fwp%2Fv2%2Fmedia&parent=114929"}],"wp:term":[{"taxonomy":"category","embeddable":true,"href":"https:\/\/aconteceunovale.com.br\/portal\/index.php?rest_route=%2Fwp%2Fv2%2Fcategories&post=114929"},{"taxonomy":"post_tag","embeddable":true,"href":"https:\/\/aconteceunovale.com.br\/portal\/index.php?rest_route=%2Fwp%2Fv2%2Ftags&post=114929"}],"curies":[{"name":"wp","href":"https:\/\/api.w.org\/{rel}","templated":true}]}}