{"id":114919,"date":"2017-05-13T20:21:42","date_gmt":"2017-05-13T22:21:42","guid":{"rendered":"http:\/\/aconteceunovale.com.br\/portal\/?p=114919"},"modified":"2017-05-13T20:21:42","modified_gmt":"2017-05-13T22:21:42","slug":"papa-francisco-canoniza-dois-irmaos-pastorinhos-em-fatima","status":"publish","type":"post","link":"https:\/\/aconteceunovale.com.br\/portal\/?p=114919","title":{"rendered":"Papa Francisco canoniza dois irm\u00e3os pastorinhos em F\u00e1tima"},"content":{"rendered":"<p>O papa Francisco canonizou hoje (13\/05\/2017), em F\u00e1tima (Portugal), os dois irm\u00e3os pastorinhos Jacinta e Francisco Marto, que, ao lado da prima L\u00facia, presenciaram as apari\u00e7\u00f5es da Virgem Maria h\u00e1 100 anos. Em cerim\u00f4nia que durou cerca de tr\u00eas horas, o papa ordenou que os nomes dos irm\u00e3os sejam inscritos no Livro dos Santos, formalizando, assim, a canoniza\u00e7\u00e3o dos dois pastores portugueses, os mais jovens santos n\u00e3o m\u00e1rtires da Igreja Cat\u00f3lica. \u201dAssim o ordeno\u201d, disse, em portugu\u00eas, o pont\u00edfice.<\/p>\n<p>Ele foi demoradamente aplaudido por uma multid\u00e3o de meio milh\u00e3o de pessoas, vindas de 55 pa\u00edses e que desde quarta-feira (10) permaneciam no recinto do Santu\u00e1rio, a enorme pra\u00e7a onde est\u00e3o as bas\u00edlicas de Nossa Senhora do Ros\u00e1rio, a Sant\u00edssima Trindade e a Capela das Apari\u00e7\u00f5es, antiga Cova da Iria, onde teriam ocorrido as apari\u00e7\u00f5es.<\/p>\n<p>A cerim\u00f4nia come\u00e7ou \u00e0s 10h (no hor\u00e1rio local; 6h, no hor\u00e1rio de Bras\u00edlia), quando o papa deixou a Bas\u00edlica de Nossa Senhora do Ros\u00e1rio, onde rezou nos t\u00famulos dos dois novos santos. Acompanhado de cardeais, bispos e padres, Francisco se dirigiu \u00e0 grande tribuna, em frente \u00e0 bas\u00edlica, para celebrar a missa da canoniza\u00e7\u00e3o. Deteve-se poucos minutos diante do andor com a imagem da Virgem de F\u00e1tima, localizado na ponta direita da tribuna. De cabe\u00e7a curvada, rezou e iniciou a celebra\u00e7\u00e3o da missa, sempre em portugu\u00eas.<\/p>\n<p>A missa foi acompanhada pelo coro do Santu\u00e1rio de F\u00e1tima. Francisco n\u00e3o deixou de marcar posi\u00e7\u00e3o perante as injusti\u00e7as do mundo em rela\u00e7\u00e3o aos mais desfavorecidos. Na hom\u00edlia, agradeceu aos presentes explicando por que n\u00e3o poderia ter deixado de participar dos festejos do centen\u00e1rio das apari\u00e7\u00f5es e de venerar a Virgem Maria. \u201dSob seu manto, n\u00e3o se perdem; dos seus bra\u00e7os, vir\u00e1 a esperan\u00e7a e a paz que necessitam, e suplico para todos meus irm\u00e3os no batismo e em humanidade, de modo especial para os doentes, pessoas com defici\u00eancia, os presos e desempregados, os pobres e abandonados\u201d, acrescentou, sob os aplausos dos fi\u00e9is.<\/p>\n<p>Foram tr\u00eas horas, entre a missa, a canoniza\u00e7\u00e3o, a comunh\u00e3o dos presentes, cantos e ora\u00e7\u00f5es. O papa n\u00e3o se descuidou dos que sofrem. Ap\u00f3s a missa, deslocou-se at\u00e9 a ala direita do altar, para uma ben\u00e7\u00e3o especial aos 350 doentes vindos de todas as regi\u00f5es de Portugal e de outros pa\u00edses, convidados para as comemora\u00e7\u00f5es. Do lado esquerdo, estavam o presidente de Portugal, Marcelo Rebelo de Sousa, o primeiro-ministro, Antonio Costa, al\u00e9m de pol\u00edticos, embaixadores, empres\u00e1rios e personalidades. Quando a cerim\u00f4nia terminou, o presidente da Rep\u00fablica foi ao encontro do papa para cumpriment\u00e1-lo.<\/p>\n<p>No altar, 100 cardeais, de diversas partes do mundo, e centenas de bispos e padres acompanharam a missa. Francisco trajava batina branca, tradi\u00e7\u00e3o iniciada pelo papa Inoc\u00eancio V em 1276, que era dominicano e adotou essa cor de veste. O papa Francisco pouco sentou-se, ficou de p\u00e9 a maior parte do tempo.<\/p>\n<p>A cerim\u00f4nia teve v\u00e1rios momentos de emo\u00e7\u00e3o, sobretudo na comunh\u00e3o, oferecida aos presentes por 2 mil padres.<\/p>\n<p>Al\u00e9m de policiais, centenas de escoteiros cuidavam da organiza\u00e7\u00e3o. Eles s\u00e3o 74 mil em Portugal, atividade explicada pelo chefe do grupo como indispens\u00e1vel \u00e0 forma\u00e7\u00e3o da juventude. \u00c9 uma tradi\u00e7\u00e3o portuguesa.<\/p>\n<p>Ap\u00f3s o t\u00e9rmino da cerim\u00f4nia, o andor com a imagem Virgem de F\u00e1tima foi levado de volta \u00e0 Bas\u00edlica da Sant\u00edssima Trindade por dez jovens cadetes do Ex\u00e9rcito, cruzando os milhares de fi\u00e9is que n\u00e3o se cansavam de acenar e de aplaudir. O gesto foi repetido por um sorridente papa Francisco, que aguardou silenciosamente, sentado, at\u00e9 o momento em que desceu no altar para a Cerim\u00f4nia do Adeus.<\/p>\n<p>J\u00e1 no papam\u00f3vel, Francisco foi cercado pela multid\u00e3o. Risonho, ele acenava para os fi\u00e9is, que seguravam len\u00e7os e bandeiras. No trajeto, um policial lhe entregou um beb\u00ea, a quem o papa acariciou ternamente. Poucas horas depois, o pont\u00edfice embarcou em um avi\u00e3o da TAP de volta ao Vaticano, acompanhado por um grupo de 72 jornalistas.<\/p>\n<p><img decoding=\"async\" src=\"http:\/\/aconteceunovale.com.br\/portal\/wp-content\/uploads\/2017\/05\/papa_fatima.jpg\" alt=\"\" \/><em>Papa Francisco no Santu\u00e1rio de F\u00e1tima (Paulo Cunha\/Ag\u00eancia Lusa\/Reprodu\u00e7\u00e3o Ag\u00eancia Brasil)<\/em><br \/>\n<\/br><\/p>\n<h3>Cura de menino brasileiro<\/h3>\n<p>O reconhecimento como milagre, pelo Vaticano, da cura completa do traumatismo craniano grave de um menino paranaense, \u00e9 o que tornou poss\u00edvel a canoniza\u00e7\u00e3o dos irm\u00e3os Francisco e Jacinta, dois dos tr\u00eas pastorinhos de F\u00e1tima, que teriam visto apari\u00e7\u00f5es da Virgem Maria.<\/p>\n<p>Francisco (1908-1919) e Jacinta (1910-1920) foram duas das tr\u00eas crian\u00e7as que, com a prima Lucia (1907-2005), disseram ter visto a santa em 1917, em apari\u00e7\u00f5es cujo centen\u00e1rio ser\u00e1 comemorado amanh\u00e3 (12) e s\u00e1bado, com a presen\u00e7a do papa Francisco em Portugal.<\/p>\n<p>O processo para a passagem dos irm\u00e3os de beatos a santos vinha acontecendo em sigilo, mas hoje foi revelada em F\u00e1tima pelos pais do menino brasileiro Lucas, Jo\u00e3o Batista e Lucila Yurie, da cidade de Juranda, no Paran\u00e1.<\/p>\n<p>Conforme o relato do casal, Lucas sofreu um grave traumatismo craniano depois de cair de uma janela em 3 de mar\u00e7o de 2013, quando tinha cinco anos. A queda, de uma altura de 6,5 metros, provocou um &#8220;traumatismo craniano grave, com perda de tecido cerebral no l\u00f3bulo frontal esquerdo&#8221; e fez que com que a crian\u00e7a chegasse ao hospital &#8220;em coma muito grave&#8221;, explicou o pai.<\/p>\n<p>No hospital, o menino teve duas paradas card\u00edacas e foi operado de emerg\u00eancia. &#8220;Os m\u00e9dicos diziam que ele tinha poucas probabilidades de sobreviver&#8221;, afirmou Jo\u00e3o Batista. A fam\u00edlia come\u00e7ou ent\u00e3o a rezar para Nossa Senhora de F\u00e1tima e, no dia seguinte, telefonou para o Convento de Nossa Senhora do Carmo, em Campo Mour\u00e3o (PR), para pedir que as irm\u00e3s rezassem para o menino. Temendo que a crian\u00e7a n\u00e3o resistisse, a pr\u00f3pria freira que atendeu fez uma ora\u00e7\u00e3o para confortar os pais.<\/p>\n<p><strong>Ora\u00e7\u00f5es aos pastorinhos<\/strong><\/p>\n<p>Lucas piorava e os m\u00e9dicos diziam que &#8220;se ele sobrevivesse teria uma recupera\u00e7\u00e3o muito demorada, ficando com graves defici\u00eancias cognitivas ou mesmo em estado vegetativo&#8221;. Em 7 de mar\u00e7o, os pais voltaram a ligar para o convento e a irm\u00e3 que recebeu a chamada deu o recado \u00e0 comunidade. Uma freira disse ter sentido um impulso e decidiu recorrer \u00e0s rel\u00edquias dos beatos, que estavam junto do Sacr\u00e1rio.<\/p>\n<p>Segundo os pais, ela teria dito: &#8220;Pastorinhos, salvem esse menino, que \u00e9 uma crian\u00e7a como voc\u00eas&#8221;. A freira tamb\u00e9m convenceu toda a comunidade a rezar com ela pela intercess\u00e3o dos pastorinhos.<\/p>\n<p>Em 9 de mar\u00e7o, Lucas acordou do coma e come\u00e7ou a falar. No dia 11, saiu da UTI. No dia 15, teve alta, totalmente recuperado e sem qualquer sequela. Os m\u00e9dicos n\u00e3o encontraram explica\u00e7\u00f5es objetivas para a recupera\u00e7\u00e3o do menino.<\/p>\n<p>&#8220;Damos gra\u00e7as a Deus pela cura do Lucas e sabemos com toda a f\u00e9 do nosso cora\u00e7\u00e3o, que este milagre foi obtido pelos pastorinhos Francisco e Jacinta. Sentimos uma imensa alegria por ser este o milagre que os levou \u00e0 canoniza\u00e7\u00e3o, mas principalmente sentimos a b\u00ean\u00e7\u00e3o da amizade dessas duas crian\u00e7as, que ajudaram o nosso menino e agora ajudam a nossa fam\u00edlia&#8221;, encerrou o pai.<\/p>\n<h3>Visita do Papa aquece com\u00e9rcio em F\u00e1tima<\/h3>\n<p>A visita do Papa Francisco a F\u00e1tima trouxe bons neg\u00f3cios para comerciantes, donos de hot\u00e9is, pousadas, restaurantes, caf\u00e9s, bares, locadoras de ve\u00edculos e fabricantes de produtos religiosos, como velas, imagens, ter\u00e7os e santinhos. Desde a quarta feira passada, 1 milh\u00e3o de pessoas invadiu a pequena cidade do centro de Portugal, fundada em 1568 e com poucos mais de 11 mil habitantes, pertencente ao Concelho (semelhante a munic\u00edpio no Brasil) de Our\u00e9m.<\/p>\n<p>Sua denomina\u00e7\u00e3o teria se originado no nome \u00e1rabe F\u00e3timah. Segunda a lenda, seria o de uma princesa moura que, depois de ter sido aprisionada pelo Ex\u00e9rcito Crist\u00e3o, durante a Reconquista, foi dada em casamento a um conde de Our\u00e9m. Como aceitou a religi\u00e3o Cat\u00f3lica foi rebatizada como Oriana. O conde chamou F\u00e1tima \u00e0s terras e Oriana \u00e0 pequena localidade, depois batizada como Our\u00e9m, sua atual denomina\u00e7\u00e3o.<\/p>\n<p>Mas F\u00e1tima preparou-se para as comemora\u00e7\u00f5es do centen\u00e1rio das apari\u00e7\u00f5es aos tr\u00eas jovens pastores, na Cova da Iria, em 1917. Ao lado da cuidadosa organiza\u00e7\u00e3o do pr\u00f3prio Santu\u00e1rio de F\u00e1tima, h\u00e1 anos a cidade vem ampliando e refor\u00e7ando sua infraestrutura hoteleira, vi\u00e1ria, de alimenta\u00e7\u00e3o, log\u00edstica e de recursos humanos. Foram constru\u00eddas novas vias de acesso, estacionamentos, enquanto as empresas fabricantes de produtos religiosos duplicaram a produ\u00e7\u00e3o e as equipes.<\/p>\n<p>Muitos visitantes vieram em caravanas-m\u00f3veis, onde ficaram hospedados. Milhares acamparam, outras tantos se hospedaram em hot\u00e9is, pens\u00f5es, pousadas, alugaram casas, apartamentos e quartos particulares, dormiram em seus carros ou se instalaram em cidades e vilas pr\u00f3ximas a F\u00e1tima. Os pre\u00e7os da hospedagem e dos restaurantes triplicaram ou mais e, meses antes, j\u00e1 n\u00e3o havia mais local dispon\u00edvel, o que levou fi\u00e9is a irem e virem diariamente para F\u00e1tima.<\/p>\n<p>Durante o dia e, \u00e0 noite, ap\u00f3s as cerim\u00f4nias religiosas, quem n\u00e3o reservou com anteced\u00eancia, n\u00e3o encontrou mesa para almo\u00e7ar ou jantar. O santu\u00e1rio montou locais especiais para alimenta\u00e7\u00e3o, com pre\u00e7o menor, e implantou numerosos banheiros qu\u00edmicos no entorno do Santu\u00e1rio, mas as filas eram imensas em todos os locais.<\/p>\n<p>Apesar da chuva que n\u00e3o deu tr\u00e9gua, a cidade foi de festa durante toda a semana, com caf\u00e9s, bares, restaurantes e lojas abertos, iluminados e repletos de clientes. O resultado foi um alto faturamento para os propriet\u00e1rios. Um dos produtos mais procurados pelos visitantes foi o ros\u00e1rio, em globo de vidro, feito por v\u00e1rias f\u00e1bricas locais. Cada um custava cerca de 10 euros e esgotaram em pouco tempo. Com a procura, duplicaram de pre\u00e7o.<\/p>\n<p>O tr\u00e2nsito fluiu tranquilo, com raros pontos de estrangulamento. Foram milhares de policiais preparados para coorden\u00e1-lo, muitos dos quais n\u00e3o conheciam bem a cidade e n\u00e3o conseguiam responder a perguntas sobre a localiza\u00e7\u00e3o dos principais pontos de atra\u00e7\u00e3o dos festejos. A maioria revelou que viera de outras partes do pa\u00eds, da\u00ed n\u00e3o ser capaz de ajudar. N\u00e3o foram registrados tumultos, brigas ou acidentes graves, o que tem sido uma das caracter\u00edsticas nas cidades visitadas pelo Papa Francisco mundo afora.<\/p>\n<p>Milhares de pessoas, de 55 diferentes pa\u00edses, participaram das comemora\u00e7\u00f5es, o que era vis\u00edvel devido \u00e0 multiplicidade de bandeiras das na\u00e7\u00f5es na ampla Pra\u00e7a do Recinto do Santu\u00e1rio, incluindo as do Brasil. Brasileiros peregrinos de idades variadas se deslocaram a F\u00e1tima em sinal de devo\u00e7\u00e3o e de f\u00e9. Um grupo de 19 peregrinos veio de Fortaleza, seguindo depois para outra peregrina\u00e7\u00e3o, em dire\u00e7\u00e3o a Santiago de Compostela.<\/p>\n<p>Um casal de advogados, aparentando cerca de 70 anos, Luciano Jo\u00e3o Texeira Xavier e Antonia Xavier, veio do Paran\u00e1 para pagar a promessa pela cura da mulher, que havia estado nove meses acamada. Simp\u00e1tico e animado, em p\u00e9 e sem dormir h\u00e1 dois dias, na primeira fila dos peregrinos, Luciano confessou-se \u201cmaravilhado\u201d com as comemora\u00e7\u00f5es do centen\u00e1rio de F\u00e1tima e n\u00e3o se cansou de elogiar a organiza\u00e7\u00e3o e simpatia dos portugueses.<\/p>\n<p><strong>VER PRIMEIRO<\/strong><\/p>\n<p><strong>Receba as not\u00edcias do Aconteceu no Vale em primeira m\u00e3o. Clique em curtir no endere\u00e7o <a href=\"https:\/\/www.facebook.com\/aconteceunovale\" target=\"_blank\"><font color=\"red\">www.facebook.com\/aconteceunovale<\/font><\/a> ou no box abaixo:<\/strong><\/p>\n<div class=\"fb-like\" data-href=\"https:\/\/www.facebook.com\/aconteceunovale\" data-width=\"120\" data-layout=\"standard\" data-action=\"like\" data-size=\"small\" data-show-faces=\"true\" data-share=\"true\"><\/div>\n<p><\/br><\/p>\n<p><em>(Fonte: Ag\u00eancia Brasil)<\/em><\/p>\n","protected":false},"excerpt":{"rendered":"<p>O papa Francisco canonizou hoje (13\/05\/2017), em F\u00e1tima (Portugal), os dois irm\u00e3os pastorinhos Jacinta e Francisco Marto, que, ao lado da prima L\u00facia, presenciaram as apari\u00e7\u00f5es da Virgem Maria h\u00e1 100 anos. Em cerim\u00f4nia que durou cerca de tr\u00eas horas, o papa ordenou que os nomes dos irm\u00e3os sejam inscritos no Livro dos Santos, formalizando, [&hellip;]<\/p>\n","protected":false},"author":1,"featured_media":114921,"comment_status":"open","ping_status":"closed","sticky":false,"template":"","format":"standard","meta":{"amp_status":"","footnotes":""},"categories":[28848],"tags":[134152,70034,149021,149018,149016,1018,88967,149015,149013,149014,149017,149022,946,149011,149012,149019,18919,149010,22968,149020],"class_list":["post-114919","post","type-post","status-publish","format-standard","has-post-thumbnail","hentry","category-mundo","tag-campo-mourao","tag-canonizacao","tag-centenario-de-fatima","tag-convento-de-nossa-senhora-do-carmo","tag-cura-menino-brasileiro","tag-destaque","tag-fatima","tag-francisco-marto","tag-jacinta-e-francisco-marto","tag-jacinta-marto","tag-juranda","tag-papa-em-portugal","tag-papa-francisco","tag-papa-francisco-canoniza-dois-irmaos-pastorinhos-em-fatima","tag-papa-francisco-em-fatima","tag-pastorinhos","tag-portugal","tag-santuario","tag-vaticano","tag-virgem-de-fatima"],"_links":{"self":[{"href":"https:\/\/aconteceunovale.com.br\/portal\/index.php?rest_route=\/wp\/v2\/posts\/114919","targetHints":{"allow":["GET"]}}],"collection":[{"href":"https:\/\/aconteceunovale.com.br\/portal\/index.php?rest_route=\/wp\/v2\/posts"}],"about":[{"href":"https:\/\/aconteceunovale.com.br\/portal\/index.php?rest_route=\/wp\/v2\/types\/post"}],"author":[{"embeddable":true,"href":"https:\/\/aconteceunovale.com.br\/portal\/index.php?rest_route=\/wp\/v2\/users\/1"}],"replies":[{"embeddable":true,"href":"https:\/\/aconteceunovale.com.br\/portal\/index.php?rest_route=%2Fwp%2Fv2%2Fcomments&post=114919"}],"version-history":[{"count":0,"href":"https:\/\/aconteceunovale.com.br\/portal\/index.php?rest_route=\/wp\/v2\/posts\/114919\/revisions"}],"wp:featuredmedia":[{"embeddable":true,"href":"https:\/\/aconteceunovale.com.br\/portal\/index.php?rest_route=\/wp\/v2\/media\/114921"}],"wp:attachment":[{"href":"https:\/\/aconteceunovale.com.br\/portal\/index.php?rest_route=%2Fwp%2Fv2%2Fmedia&parent=114919"}],"wp:term":[{"taxonomy":"category","embeddable":true,"href":"https:\/\/aconteceunovale.com.br\/portal\/index.php?rest_route=%2Fwp%2Fv2%2Fcategories&post=114919"},{"taxonomy":"post_tag","embeddable":true,"href":"https:\/\/aconteceunovale.com.br\/portal\/index.php?rest_route=%2Fwp%2Fv2%2Ftags&post=114919"}],"curies":[{"name":"wp","href":"https:\/\/api.w.org\/{rel}","templated":true}]}}