{"id":114916,"date":"2017-05-13T20:10:04","date_gmt":"2017-05-13T22:10:04","guid":{"rendered":"http:\/\/aconteceunovale.com.br\/portal\/?p=114916"},"modified":"2017-05-13T20:10:04","modified_gmt":"2017-05-13T22:10:04","slug":"lei-que-regulamenta-a-gorjeta-entra-em-vigor-em-todo-o-pais","status":"publish","type":"post","link":"https:\/\/aconteceunovale.com.br\/portal\/?p=114916","title":{"rendered":"Lei que regulamenta a gorjeta entra em vigor em todo o pa\u00eds"},"content":{"rendered":"<p>Come\u00e7a a valer hoje (13) em todo o pa\u00eds a Lei da Gorjeta, que ser\u00e1 aplicada a bares, restaurantes, hot\u00e9is, mot\u00e9is e a todo tipo de estabelecimento onde os funcion\u00e1rios recebam esse valor adicional.<\/p>\n<p>A lei prev\u00ea que a gorjeta dever\u00e1 ser agora registrada na carteira de trabalho dos funcion\u00e1rios como parte do sal\u00e1rio deles. O patr\u00e3o dever\u00e1 fazer o registro do sal\u00e1rio fixo do trabalhador e anotar a gorjeta como um percentual a mais, a ser calculado com o valor m\u00e9dio recebido nos \u00faltimos 12 meses. Se houver redu\u00e7\u00e3o no recebimento das gorjetas, o empregador dever\u00e1 arcar com o valor registrado na carteira dos empregados.<\/p>\n<p>Para o ministro do Turismo, Marx Beltr\u00e3o, a regulamenta\u00e7\u00e3o vai beneficiar especialmente os trabalhadores do setor e incentivar \u201caqueles que est\u00e3o na linha de frente do atendimento ao turista\u201d. Para o governo, h\u00e1 tamb\u00e9m a expectativa de que a mudan\u00e7a na legisla\u00e7\u00e3o ajude a aumentar a arrecada\u00e7\u00e3o de encargos sociais, previdenci\u00e1rios e trabalhistas, uma vez que o registro como sal\u00e1rio garante que parte do valor recebido pelos comerciantes seja destinada a isso.<\/p>\n<p>Para os estabelecimentos inscritos no Simples Nacional, a nova lei prev\u00ea que at\u00e9 20% do que for arrecadado em gorjetas sejam destinados a esse tipo de encargo. Nos demais casos, at\u00e9 33% do valor dever\u00e3o ser destinados a isso. O restante do valor deve ser integralmente repassado aos funcion\u00e1rios.<\/p>\n<p>A fiscaliza\u00e7\u00e3o ser\u00e1 feita pelos sindicatos, no caso de empresas que tenham at\u00e9 60 funcion\u00e1rios, ou pelos pr\u00f3prios trabalhadores no caso das empresas com n\u00famero de contratados acima de 60. Nesse caso, deve ser criada uma comiss\u00e3o dos trabalhadores para fazer a fiscaliza\u00e7\u00e3o.<\/p>\n<p>A lei foi sancionada pelo presidente Michel Temer em 13 de mar\u00e7o, mas com previs\u00e3o de prazo para entrar em vigor para que os estabelecimentos pudessem se ajustar \u00e0s novas regras. A partir de agora elas dever\u00e3o ser aplicadas obrigatoriamente.<\/p>\n<p><strong>VER PRIMEIRO<\/strong><\/p>\n<p><strong>Receba as not\u00edcias do Aconteceu no Vale em primeira m\u00e3o. Clique em curtir no endere\u00e7o <a href=\"https:\/\/www.facebook.com\/aconteceunovale\" target=\"_blank\"><font color=\"red\">www.facebook.com\/aconteceunovale<\/font><\/a> ou no box abaixo:<\/strong><\/p>\n<div class=\"fb-like\" data-href=\"https:\/\/www.facebook.com\/aconteceunovale\" data-width=\"120\" data-layout=\"standard\" data-action=\"like\" data-size=\"small\" data-show-faces=\"true\" data-share=\"true\"><\/div>\n<p><\/br><\/p>\n<p><em>(Fonte: Ag\u00eancia Brasil)<\/em><\/p>\n","protected":false},"excerpt":{"rendered":"<p>Come\u00e7a a valer hoje (13) em todo o pa\u00eds a Lei da Gorjeta, que ser\u00e1 aplicada a bares, restaurantes, hot\u00e9is, mot\u00e9is e a todo tipo de estabelecimento onde os funcion\u00e1rios recebam esse valor adicional. A lei prev\u00ea que a gorjeta dever\u00e1 ser agora registrada na carteira de trabalho dos funcion\u00e1rios como parte do sal\u00e1rio deles. [&hellip;]<\/p>\n","protected":false},"author":1,"featured_media":113749,"comment_status":"open","ping_status":"closed","sticky":false,"template":"","format":"standard","meta":{"amp_status":"","footnotes":""},"categories":[6],"tags":[142263,149008,142258,142260,142262,142256,142255,149009,20181,142261,94729,142257,142259],"class_list":["post-114916","post","type-post","status-publish","format-standard","has-post-thumbnail","hentry","category-br","tag-cobranca-de-gorjeta","tag-garcons","tag-gorjeta","tag-lei-da-gorjeta","tag-lei-que-regulamenta-a-cobranca-de-gorjeta","tag-lei-que-regulamenta-a-gorjeta","tag-lei-que-regulamenta-a-gorjeta-e-sancionada","tag-lei-que-regulamenta-a-gorjeta-entra-em-vigor-em-todo-o-pais","tag-michel-temer","tag-michel-temer-sancionou-sem-vetos-a-lei-que-regulamenta-a-cobranca-de-gorjeta-a-profissionais-de-bares","tag-presidente-michel-temer","tag-regulamentacao-da-gorjeta","tag-regularizacao-da-gorjeta"],"yoast_head":"<!-- This site is optimized with the Yoast SEO plugin v28.3 - https:\/\/yoast.com\/product\/yoast-seo-wordpress\/ -->\n<title>Lei que regulamenta a gorjeta entra em vigor em todo o pa\u00eds - Aconteceu no Vale<\/title>\n<meta name=\"robots\" content=\"index, follow, max-snippet:-1, max-image-preview:large, max-video-preview:-1\" \/>\n<link rel=\"canonical\" href=\"https:\/\/aconteceunovale.com.br\/portal\/?p=114916\" \/>\n<meta property=\"og:locale\" content=\"pt_BR\" \/>\n<meta property=\"og:type\" content=\"article\" \/>\n<meta property=\"og:title\" content=\"Lei que regulamenta a gorjeta entra em vigor em todo o pa\u00eds - Aconteceu no Vale\" \/>\n<meta property=\"og:description\" content=\"Come\u00e7a a valer hoje (13) em todo o pa\u00eds a Lei da Gorjeta, que ser\u00e1 aplicada a bares, restaurantes, hot\u00e9is, mot\u00e9is e a todo tipo de estabelecimento onde os funcion\u00e1rios recebam esse valor adicional. A lei prev\u00ea que a gorjeta dever\u00e1 ser agora registrada na carteira de trabalho dos funcion\u00e1rios como parte do sal\u00e1rio deles. [&hellip;]\" \/>\n<meta property=\"og:url\" content=\"https:\/\/aconteceunovale.com.br\/portal\/?p=114916\" \/>\n<meta property=\"og:site_name\" content=\"Aconteceu no Vale\" \/>\n<meta property=\"article:publisher\" content=\"https:\/\/www.facebook.com\/aconteceunovale\/\" \/>\n<meta property=\"article:published_time\" content=\"2017-05-13T22:10:04+00:00\" \/>\n<meta property=\"og:image\" content=\"https:\/\/aconteceunovale.com.br\/portal\/wp-content\/uploads\/2017\/04\/gorjeta.jpg\" \/>\n\t<meta property=\"og:image:width\" content=\"620\" \/>\n\t<meta property=\"og:image:height\" content=\"412\" \/>\n\t<meta property=\"og:image:type\" content=\"image\/jpeg\" \/>\n<meta name=\"author\" content=\"Aconteceu no Vale\" \/>\n<meta name=\"twitter:card\" content=\"summary_large_image\" \/>\n<meta name=\"twitter:creator\" content=\"@noticiadosvales\" \/>\n<meta name=\"twitter:site\" content=\"@noticiadosvales\" \/>\n<meta name=\"twitter:label1\" content=\"Escrito por\" \/>\n\t<meta name=\"twitter:data1\" content=\"Aconteceu no Vale\" \/>\n\t<meta name=\"twitter:label2\" content=\"Est. tempo de leitura\" \/>\n\t<meta name=\"twitter:data2\" content=\"2 minutos\" \/>\n<script type=\"application\/ld+json\" class=\"yoast-schema-graph\">{\"@context\":\"https:\\\/\\\/schema.org\",\"@graph\":[{\"@type\":\"Article\",\"@id\":\"https:\\\/\\\/aconteceunovale.com.br\\\/portal\\\/?p=114916#article\",\"isPartOf\":{\"@id\":\"https:\\\/\\\/aconteceunovale.com.br\\\/portal\\\/?p=114916\"},\"author\":{\"name\":\"Aconteceu no Vale\",\"@id\":\"https:\\\/\\\/aconteceunovale.com.br\\\/portal\\\/#\\\/schema\\\/person\\\/633529146f2c94272bef50ac2953d589\"},\"headline\":\"Lei que regulamenta a gorjeta entra em vigor em todo o pa\u00eds\",\"datePublished\":\"2017-05-13T22:10:04+00:00\",\"mainEntityOfPage\":{\"@id\":\"https:\\\/\\\/aconteceunovale.com.br\\\/portal\\\/?p=114916\"},\"wordCount\":379,\"commentCount\":0,\"image\":{\"@id\":\"https:\\\/\\\/aconteceunovale.com.br\\\/portal\\\/?p=114916#primaryimage\"},\"thumbnailUrl\":\"https:\\\/\\\/aconteceunovale.com.br\\\/portal\\\/wp-content\\\/uploads\\\/2017\\\/04\\\/gorjeta.jpg\",\"keywords\":[\"Cobran\u00e7a de gorjeta\",\"gar\u00e7ons\",\"Gorjeta\",\"Lei da gorjeta\",\"lei que regulamenta a cobran\u00e7a de gorjeta\",\"Lei que regulamenta a gorjeta\",\"Lei que regulamenta a gorjeta \u00e9 sancionada\",\"Lei que regulamenta a gorjeta entra em vigor em todo o pa\u00eds\",\"Michel Temer\",\"Michel Temer sancionou sem vetos a lei que regulamenta a cobran\u00e7a de gorjeta a profissionais de bares\",\"presidente Michel Temer\",\"Regulamenta\u00e7\u00e3o da gorjeta\",\"Regulariza\u00e7\u00e3o da gorjeta\"],\"articleSection\":[\"Brasil\"],\"inLanguage\":\"pt-BR\",\"potentialAction\":[{\"@type\":\"CommentAction\",\"name\":\"Comment\",\"target\":[\"https:\\\/\\\/aconteceunovale.com.br\\\/portal\\\/?p=114916#respond\"]}]},{\"@type\":\"WebPage\",\"@id\":\"https:\\\/\\\/aconteceunovale.com.br\\\/portal\\\/?p=114916\",\"url\":\"https:\\\/\\\/aconteceunovale.com.br\\\/portal\\\/?p=114916\",\"name\":\"Lei que regulamenta a gorjeta entra em vigor em todo o pa\u00eds - Aconteceu no Vale\",\"isPartOf\":{\"@id\":\"https:\\\/\\\/aconteceunovale.com.br\\\/portal\\\/#website\"},\"primaryImageOfPage\":{\"@id\":\"https:\\\/\\\/aconteceunovale.com.br\\\/portal\\\/?p=114916#primaryimage\"},\"image\":{\"@id\":\"https:\\\/\\\/aconteceunovale.com.br\\\/portal\\\/?p=114916#primaryimage\"},\"thumbnailUrl\":\"https:\\\/\\\/aconteceunovale.com.br\\\/portal\\\/wp-content\\\/uploads\\\/2017\\\/04\\\/gorjeta.jpg\",\"datePublished\":\"2017-05-13T22:10:04+00:00\",\"author\":{\"@id\":\"https:\\\/\\\/aconteceunovale.com.br\\\/portal\\\/#\\\/schema\\\/person\\\/633529146f2c94272bef50ac2953d589\"},\"breadcrumb\":{\"@id\":\"https:\\\/\\\/aconteceunovale.com.br\\\/portal\\\/?p=114916#breadcrumb\"},\"inLanguage\":\"pt-BR\",\"potentialAction\":[{\"@type\":\"ReadAction\",\"target\":[\"https:\\\/\\\/aconteceunovale.com.br\\\/portal\\\/?p=114916\"]}]},{\"@type\":\"ImageObject\",\"inLanguage\":\"pt-BR\",\"@id\":\"https:\\\/\\\/aconteceunovale.com.br\\\/portal\\\/?p=114916#primaryimage\",\"url\":\"https:\\\/\\\/aconteceunovale.com.br\\\/portal\\\/wp-content\\\/uploads\\\/2017\\\/04\\\/gorjeta.jpg\",\"contentUrl\":\"https:\\\/\\\/aconteceunovale.com.br\\\/portal\\\/wp-content\\\/uploads\\\/2017\\\/04\\\/gorjeta.jpg\",\"width\":620,\"height\":412},{\"@type\":\"BreadcrumbList\",\"@id\":\"https:\\\/\\\/aconteceunovale.com.br\\\/portal\\\/?p=114916#breadcrumb\",\"itemListElement\":[{\"@type\":\"ListItem\",\"position\":1,\"name\":\"In\u00edcio\",\"item\":\"https:\\\/\\\/aconteceunovale.com.br\\\/portal\\\/\"},{\"@type\":\"ListItem\",\"position\":2,\"name\":\"Lei que regulamenta a gorjeta entra em vigor em todo o pa\u00eds\"}]},{\"@type\":\"WebSite\",\"@id\":\"https:\\\/\\\/aconteceunovale.com.br\\\/portal\\\/#website\",\"url\":\"https:\\\/\\\/aconteceunovale.com.br\\\/portal\\\/\",\"name\":\"Aconteceu no Vale\",\"description\":\"Portal de Not\u00edcias\",\"potentialAction\":[{\"@type\":\"SearchAction\",\"target\":{\"@type\":\"EntryPoint\",\"urlTemplate\":\"https:\\\/\\\/aconteceunovale.com.br\\\/portal\\\/?s={search_term_string}\"},\"query-input\":{\"@type\":\"PropertyValueSpecification\",\"valueRequired\":true,\"valueName\":\"search_term_string\"}}],\"inLanguage\":\"pt-BR\"},{\"@type\":\"Person\",\"@id\":\"https:\\\/\\\/aconteceunovale.com.br\\\/portal\\\/#\\\/schema\\\/person\\\/633529146f2c94272bef50ac2953d589\",\"name\":\"Aconteceu no Vale\",\"description\":\"Equipe de reportagem do Aconteceu no Vale, portal de not\u00edcias do Vale do Jequitinhonha, em Minas Gerais. Cobrimos as 51 cidades do Vale desde 2013. Sugest\u00f5es de pauta e pedidos de corre\u00e7\u00e3o: contato@aconteceunovale.com.br\",\"sameAs\":[\"http:\\\/\\\/www.aconteceunovale.com.br\"],\"url\":\"https:\\\/\\\/aconteceunovale.com.br\\\/portal\\\/?author=1\"}]}<\/script>\n<!-- \/ Yoast SEO plugin. -->","yoast_head_json":{"title":"Lei que regulamenta a gorjeta entra em vigor em todo o pa\u00eds - Aconteceu no Vale","robots":{"index":"index","follow":"follow","max-snippet":"max-snippet:-1","max-image-preview":"max-image-preview:large","max-video-preview":"max-video-preview:-1"},"canonical":"https:\/\/aconteceunovale.com.br\/portal\/?p=114916","og_locale":"pt_BR","og_type":"article","og_title":"Lei que regulamenta a gorjeta entra em vigor em todo o pa\u00eds - Aconteceu no Vale","og_description":"Come\u00e7a a valer hoje (13) em todo o pa\u00eds a Lei da Gorjeta, que ser\u00e1 aplicada a bares, restaurantes, hot\u00e9is, mot\u00e9is e a todo tipo de estabelecimento onde os funcion\u00e1rios recebam esse valor adicional. A lei prev\u00ea que a gorjeta dever\u00e1 ser agora registrada na carteira de trabalho dos funcion\u00e1rios como parte do sal\u00e1rio deles. [&hellip;]","og_url":"https:\/\/aconteceunovale.com.br\/portal\/?p=114916","og_site_name":"Aconteceu no Vale","article_publisher":"https:\/\/www.facebook.com\/aconteceunovale\/","article_published_time":"2017-05-13T22:10:04+00:00","og_image":[{"width":620,"height":412,"url":"https:\/\/aconteceunovale.com.br\/portal\/wp-content\/uploads\/2017\/04\/gorjeta.jpg","type":"image\/jpeg"}],"author":"Aconteceu no Vale","twitter_card":"summary_large_image","twitter_creator":"@noticiadosvales","twitter_site":"@noticiadosvales","twitter_misc":{"Escrito por":"Aconteceu no Vale","Est. tempo de leitura":"2 minutos"},"schema":{"@context":"https:\/\/schema.org","@graph":[{"@type":"Article","@id":"https:\/\/aconteceunovale.com.br\/portal\/?p=114916#article","isPartOf":{"@id":"https:\/\/aconteceunovale.com.br\/portal\/?p=114916"},"author":{"name":"Aconteceu no Vale","@id":"https:\/\/aconteceunovale.com.br\/portal\/#\/schema\/person\/633529146f2c94272bef50ac2953d589"},"headline":"Lei que regulamenta a gorjeta entra em vigor em todo o pa\u00eds","datePublished":"2017-05-13T22:10:04+00:00","mainEntityOfPage":{"@id":"https:\/\/aconteceunovale.com.br\/portal\/?p=114916"},"wordCount":379,"commentCount":0,"image":{"@id":"https:\/\/aconteceunovale.com.br\/portal\/?p=114916#primaryimage"},"thumbnailUrl":"https:\/\/aconteceunovale.com.br\/portal\/wp-content\/uploads\/2017\/04\/gorjeta.jpg","keywords":["Cobran\u00e7a de gorjeta","gar\u00e7ons","Gorjeta","Lei da gorjeta","lei que regulamenta a cobran\u00e7a de gorjeta","Lei que regulamenta a gorjeta","Lei que regulamenta a gorjeta \u00e9 sancionada","Lei que regulamenta a gorjeta entra em vigor em todo o pa\u00eds","Michel Temer","Michel Temer sancionou sem vetos a lei que regulamenta a cobran\u00e7a de gorjeta a profissionais de bares","presidente Michel Temer","Regulamenta\u00e7\u00e3o da gorjeta","Regulariza\u00e7\u00e3o da gorjeta"],"articleSection":["Brasil"],"inLanguage":"pt-BR","potentialAction":[{"@type":"CommentAction","name":"Comment","target":["https:\/\/aconteceunovale.com.br\/portal\/?p=114916#respond"]}]},{"@type":"WebPage","@id":"https:\/\/aconteceunovale.com.br\/portal\/?p=114916","url":"https:\/\/aconteceunovale.com.br\/portal\/?p=114916","name":"Lei que regulamenta a gorjeta entra em vigor em todo o pa\u00eds - Aconteceu no Vale","isPartOf":{"@id":"https:\/\/aconteceunovale.com.br\/portal\/#website"},"primaryImageOfPage":{"@id":"https:\/\/aconteceunovale.com.br\/portal\/?p=114916#primaryimage"},"image":{"@id":"https:\/\/aconteceunovale.com.br\/portal\/?p=114916#primaryimage"},"thumbnailUrl":"https:\/\/aconteceunovale.com.br\/portal\/wp-content\/uploads\/2017\/04\/gorjeta.jpg","datePublished":"2017-05-13T22:10:04+00:00","author":{"@id":"https:\/\/aconteceunovale.com.br\/portal\/#\/schema\/person\/633529146f2c94272bef50ac2953d589"},"breadcrumb":{"@id":"https:\/\/aconteceunovale.com.br\/portal\/?p=114916#breadcrumb"},"inLanguage":"pt-BR","potentialAction":[{"@type":"ReadAction","target":["https:\/\/aconteceunovale.com.br\/portal\/?p=114916"]}]},{"@type":"ImageObject","inLanguage":"pt-BR","@id":"https:\/\/aconteceunovale.com.br\/portal\/?p=114916#primaryimage","url":"https:\/\/aconteceunovale.com.br\/portal\/wp-content\/uploads\/2017\/04\/gorjeta.jpg","contentUrl":"https:\/\/aconteceunovale.com.br\/portal\/wp-content\/uploads\/2017\/04\/gorjeta.jpg","width":620,"height":412},{"@type":"BreadcrumbList","@id":"https:\/\/aconteceunovale.com.br\/portal\/?p=114916#breadcrumb","itemListElement":[{"@type":"ListItem","position":1,"name":"In\u00edcio","item":"https:\/\/aconteceunovale.com.br\/portal\/"},{"@type":"ListItem","position":2,"name":"Lei que regulamenta a gorjeta entra em vigor em todo o pa\u00eds"}]},{"@type":"WebSite","@id":"https:\/\/aconteceunovale.com.br\/portal\/#website","url":"https:\/\/aconteceunovale.com.br\/portal\/","name":"Aconteceu no Vale","description":"Portal de Not\u00edcias","potentialAction":[{"@type":"SearchAction","target":{"@type":"EntryPoint","urlTemplate":"https:\/\/aconteceunovale.com.br\/portal\/?s={search_term_string}"},"query-input":{"@type":"PropertyValueSpecification","valueRequired":true,"valueName":"search_term_string"}}],"inLanguage":"pt-BR"},{"@type":"Person","@id":"https:\/\/aconteceunovale.com.br\/portal\/#\/schema\/person\/633529146f2c94272bef50ac2953d589","name":"Aconteceu no Vale","description":"Equipe de reportagem do Aconteceu no Vale, portal de not\u00edcias do Vale do Jequitinhonha, em Minas Gerais. Cobrimos as 51 cidades do Vale desde 2013. Sugest\u00f5es de pauta e pedidos de corre\u00e7\u00e3o: contato@aconteceunovale.com.br","sameAs":["http:\/\/www.aconteceunovale.com.br"],"url":"https:\/\/aconteceunovale.com.br\/portal\/?author=1"}]}},"_links":{"self":[{"href":"https:\/\/aconteceunovale.com.br\/portal\/index.php?rest_route=\/wp\/v2\/posts\/114916","targetHints":{"allow":["GET"]}}],"collection":[{"href":"https:\/\/aconteceunovale.com.br\/portal\/index.php?rest_route=\/wp\/v2\/posts"}],"about":[{"href":"https:\/\/aconteceunovale.com.br\/portal\/index.php?rest_route=\/wp\/v2\/types\/post"}],"author":[{"embeddable":true,"href":"https:\/\/aconteceunovale.com.br\/portal\/index.php?rest_route=\/wp\/v2\/users\/1"}],"replies":[{"embeddable":true,"href":"https:\/\/aconteceunovale.com.br\/portal\/index.php?rest_route=%2Fwp%2Fv2%2Fcomments&post=114916"}],"version-history":[{"count":0,"href":"https:\/\/aconteceunovale.com.br\/portal\/index.php?rest_route=\/wp\/v2\/posts\/114916\/revisions"}],"wp:featuredmedia":[{"embeddable":true,"href":"https:\/\/aconteceunovale.com.br\/portal\/index.php?rest_route=\/wp\/v2\/media\/113749"}],"wp:attachment":[{"href":"https:\/\/aconteceunovale.com.br\/portal\/index.php?rest_route=%2Fwp%2Fv2%2Fmedia&parent=114916"}],"wp:term":[{"taxonomy":"category","embeddable":true,"href":"https:\/\/aconteceunovale.com.br\/portal\/index.php?rest_route=%2Fwp%2Fv2%2Fcategories&post=114916"},{"taxonomy":"post_tag","embeddable":true,"href":"https:\/\/aconteceunovale.com.br\/portal\/index.php?rest_route=%2Fwp%2Fv2%2Ftags&post=114916"}],"curies":[{"name":"wp","href":"https:\/\/api.w.org\/{rel}","templated":true}]}}