{"id":114907,"date":"2017-05-13T19:27:37","date_gmt":"2017-05-13T21:27:37","guid":{"rendered":"http:\/\/aconteceunovale.com.br\/portal\/?p=114907"},"modified":"2017-05-13T19:27:37","modified_gmt":"2017-05-13T21:27:37","slug":"usiminas-vai-gerar-520-empregos-com-religamento-de-alto-forno-em-ipatinga","status":"publish","type":"post","link":"https:\/\/aconteceunovale.com.br\/portal\/?p=114907","title":{"rendered":"Usiminas vai gerar 520 empregos com religamento de alto-forno em Ipatinga"},"content":{"rendered":"<p>Quatrocentos empregos tempor\u00e1rios ser\u00e3o gerados durante os 11 meses de obras para o religamento do Alto-Forno 1 da Usiminas, na usina de Ipatinga, no Vale do A\u00e7o. Outros 120 ser\u00e3o criados para operar o monumental equipamento quando ele voltar a funcionar, em abril de 2018. Segundo o presidente da sider\u00fargica, S\u00e9rgio Leite, parte dos R$ 80 milh\u00f5es que ser\u00e3o investidos na reativa\u00e7\u00e3o do alto-forno ficar\u00e1 na regi\u00e3o, movimentando o com\u00e9rcio local, uma antiga demanda dos prefeitos e parlamentares do Vale do A\u00e7o.<\/p>\n<p>\u201cO Conselho de Administra\u00e7\u00e3o aprovou por unanimidade o religamento do Alto-Forno 1. Conversei com prefeitos e parlamentares do Vale do A\u00e7o, que receberam muito bem a informa\u00e7\u00e3o, pois o investimento vai incrementar a economia regional\u201d, afirmou Leite.<\/p>\n<p>O religamento vai garantir eleva\u00e7\u00e3o de algo entre 500 mil toneladas e 600 mil toneladas \u00e0 produ\u00e7\u00e3o anual de ferro-gusa da Usiminas. O montante, segundo o presidente da empresa, representa aumento de 20% na produ\u00e7\u00e3o.<\/p>\n<p>O retorno das atividades do Alto-Forno 1 \u00e9 reflexo de f\u00f4lego a ser tomado pelo setor sider\u00fargico no ano que vem. Segundo proje\u00e7\u00f5es, a demanda interna do pa\u00eds por a\u00e7o vai crescer 10% em 2018, puxada pela t\u00e3o esperada recupera\u00e7\u00e3o econ\u00f4mica de 2,5%, estimada pelo Boletim Focus, do Banco Central.<\/p>\n<p><strong>Estrutura<\/strong><\/p>\n<p>Em Ipatinga, s\u00e3o tr\u00eas altos-fornos. Dois com n\u00edvel de produ\u00e7\u00e3o di\u00e1ria de duas mil toneladas de ferro-gusa e um terceiro com n\u00edvel de produ\u00e7\u00e3o di\u00e1ria de 7 mil toneladas. Apenas o 1, que estava entre os menores, havia sido desligado. Ele foi desligado em abril de 2015 devido \u00e0 retra\u00e7\u00e3o do mercado sider\u00fargico. Al\u00e9m dele, a Usiminas abafou um equipamento em Cubat\u00e3o (SP), que segue sem previs\u00e3o de religamento.<\/p>\n<p>Com rela\u00e7\u00e3o ao clima tenso vivenciado pelos s\u00f3cios da Usiminas Ternium e Nippon Steel, o presidente da companhia afirmou que no Conselho de Administra\u00e7\u00e3o as decis\u00f5es s\u00e3o t\u00e9cnicas e visam o melhor para a empresa.<\/p>\n<p><strong>Musa<\/strong><\/p>\n<p>Ainda ontem, a Usiminas divulgou ao mercado Fato Relevante informando que a redu\u00e7\u00e3o do capital da Minera\u00e7\u00e3o Usiminas (Musa), de R$ 1 bilh\u00e3o, foi aprovada pela Junta Comercial de Minas Gerais (Jucemg). Dessa forma, a Usiminas j\u00e1 pode acessar R$ 700 milh\u00f5es do caixa da Musa. A Sumitomo Corporation, s\u00f3cia da sider\u00fargica na empresa, ter\u00e1 acesso aos R$ 300 milh\u00f5es restantes.<\/p>\n<p>A entrada do dinheiro no caixa da Usiminas era uma das condi\u00e7\u00f5es dos bancos para que a d\u00edvida da companhia junto a eles pudesse ser renegociada. At\u00e9 setembro do ano passado, quando um acordo de renegocia\u00e7\u00e3o foi assinado, a companhia tinha d\u00edvida l\u00edquida de R$ 4,6 bilh\u00f5es.<\/p>\n<p><img decoding=\"async\" src=\"http:\/\/aconteceunovale.com.br\/portal\/wp-content\/uploads\/2017\/05\/aslto_forno_usiminas.jpg\" alt=\"\" \/><em>Religamento vai incrementar em 20% a produ\u00e7\u00e3o anual de ferro-gusa (Foto: Daniel Mansur\/Usiminas)<\/em><br \/>\n<\/br><\/p>\n<p><strong>VER PRIMEIRO<\/strong><\/p>\n<p><strong>Receba as not\u00edcias do Aconteceu no Vale em primeira m\u00e3o. Clique em curtir no endere\u00e7o <a href=\"https:\/\/www.facebook.com\/aconteceunovale\" target=\"_blank\"><font color=\"red\">www.facebook.com\/aconteceunovale<\/font><\/a> ou no box abaixo:<\/strong><\/p>\n<div class=\"fb-like\" data-href=\"https:\/\/www.facebook.com\/aconteceunovale\" data-width=\"120\" data-layout=\"standard\" data-action=\"like\" data-size=\"small\" data-show-faces=\"true\" data-share=\"true\"><\/div>\n<p><\/br><\/p>\n<p><em>(Fonte: Hoje em Dia \/ Reportagem: Tatiana Moraes)<\/em><\/p>\n","protected":false},"excerpt":{"rendered":"<p>Quatrocentos empregos tempor\u00e1rios ser\u00e3o gerados durante os 11 meses de obras para o religamento do Alto-Forno 1 da Usiminas, na usina de Ipatinga, no Vale do A\u00e7o. Outros 120 ser\u00e3o criados para operar o monumental equipamento quando ele voltar a funcionar, em abril de 2018. Segundo o presidente da sider\u00fargica, S\u00e9rgio Leite, parte dos R$ [&hellip;]<\/p>\n","protected":false},"author":1,"featured_media":114909,"comment_status":"open","ping_status":"closed","sticky":false,"template":"","format":"standard","meta":{"amp_status":"","footnotes":""},"categories":[40236,121],"tags":[148994,148995,1018,201,114635,114634,148999,148992,148993,148996,148997,6808,148998,149000],"class_list":["post-114907","post","type-post","status-publish","format-standard","has-post-thumbnail","hentry","category-empregos-2","category-leste","tag-alto-forno-1-da-usiminas","tag-alto-forno-1-da-usiminas-em-ipatinga","tag-destaque","tag-ipatinga","tag-mineracao-usiminas","tag-musa","tag-religamento-de-alto-forno-vai-gerar-520-empregos-em-ipatinga","tag-religamento-do-alto-forno-1-da-usiminas","tag-religamento-do-alto-forno-1-da-usiminas-em-ipatinga","tag-sergio-leite","tag-sumitomo-corporation","tag-usiminas","tag-usiminas-vai-gerar-400-empregos-temporarios-em-obra-de-alto-forno-em-ipatinga","tag-usiminas-vai-gerar-520-empregos-com-religamento-de-alto-forno-em-ipatinga"],"_links":{"self":[{"href":"https:\/\/aconteceunovale.com.br\/portal\/index.php?rest_route=\/wp\/v2\/posts\/114907","targetHints":{"allow":["GET"]}}],"collection":[{"href":"https:\/\/aconteceunovale.com.br\/portal\/index.php?rest_route=\/wp\/v2\/posts"}],"about":[{"href":"https:\/\/aconteceunovale.com.br\/portal\/index.php?rest_route=\/wp\/v2\/types\/post"}],"author":[{"embeddable":true,"href":"https:\/\/aconteceunovale.com.br\/portal\/index.php?rest_route=\/wp\/v2\/users\/1"}],"replies":[{"embeddable":true,"href":"https:\/\/aconteceunovale.com.br\/portal\/index.php?rest_route=%2Fwp%2Fv2%2Fcomments&post=114907"}],"version-history":[{"count":0,"href":"https:\/\/aconteceunovale.com.br\/portal\/index.php?rest_route=\/wp\/v2\/posts\/114907\/revisions"}],"wp:featuredmedia":[{"embeddable":true,"href":"https:\/\/aconteceunovale.com.br\/portal\/index.php?rest_route=\/wp\/v2\/media\/114909"}],"wp:attachment":[{"href":"https:\/\/aconteceunovale.com.br\/portal\/index.php?rest_route=%2Fwp%2Fv2%2Fmedia&parent=114907"}],"wp:term":[{"taxonomy":"category","embeddable":true,"href":"https:\/\/aconteceunovale.com.br\/portal\/index.php?rest_route=%2Fwp%2Fv2%2Fcategories&post=114907"},{"taxonomy":"post_tag","embeddable":true,"href":"https:\/\/aconteceunovale.com.br\/portal\/index.php?rest_route=%2Fwp%2Fv2%2Ftags&post=114907"}],"curies":[{"name":"wp","href":"https:\/\/api.w.org\/{rel}","templated":true}]}}